{"id":2439,"date":"2020-04-13T04:35:00","date_gmt":"2020-04-13T04:35:00","guid":{"rendered":"http:\/\/news-fm.ro\/?p=2439"},"modified":"2020-04-13T04:35:05","modified_gmt":"2020-04-13T04:35:05","slug":"tudor-chirila-revoltat-de-felul-in-care-dispar-copacii-in-timp-ce-stam-in-autoizolare-azi-dimineata-am-observat-ca-nu-se-mai-vede-copacul","status":"publish","type":"post","link":"https:\/\/news-fm.ro\/index.php\/2020\/04\/13\/tudor-chirila-revoltat-de-felul-in-care-dispar-copacii-in-timp-ce-stam-in-autoizolare-azi-dimineata-am-observat-ca-nu-se-mai-vede-copacul\/","title":{"rendered":"Tudor Chiril\u0103, revoltat de felul \u00een care dispar copacii \u00een timp ce st\u0103m \u00een autoizolare: \u201eAzi diminea\u0163\u0103 am observat c\u0103 nu se mai vede copacul\u201d"},"content":{"rendered":"\n<figure class=\"wp-block-image size-large\"><img fetchpriority=\"high\" decoding=\"async\" width=\"800\" height=\"533\" src=\"https:\/\/news-fm.ro\/wp-content\/uploads\/2018\/11\/Tudor-Irina-Andra-800x533.jpg\" alt=\"\" class=\"wp-image-666\" srcset=\"https:\/\/news-fm.ro\/wp-content\/uploads\/2018\/11\/Tudor-Irina-Andra-800x533.jpg 800w, https:\/\/news-fm.ro\/wp-content\/uploads\/2018\/11\/Tudor-Irina-Andra-800x533-300x200.jpg 300w, https:\/\/news-fm.ro\/wp-content\/uploads\/2018\/11\/Tudor-Irina-Andra-800x533-768x512.jpg 768w, https:\/\/news-fm.ro\/wp-content\/uploads\/2018\/11\/Tudor-Irina-Andra-800x533-500x333.jpg 500w\" sizes=\"(max-width: 800px) 100vw, 800px\" \/><\/figure>\n\n\n\n<p class=\"wp-block-paragraph\">Po\u021bi b\u0103ga o \u021bar\u0103 \u00eentreag\u0103 izolare, dar&nbsp;pe Tudor Chiril\u0103 tot nu-l po\u021bi face s\u0103 nu mai sesizeze neregulile din jurul nostru.&nbsp;<\/p>\n\n\n\n<p class=\"wp-block-paragraph\">Ast\u0103zi, artistul a f\u0103cut reclama\u021bie pe Facebook \u0219i la Poli\u021bia Local\u0103 de la Sectorul 1 \u00een leg\u0103tur\u0103 cu faptul c\u0103 pe vrema pandemiei au \u00eenceput s\u0103-i dispar\u0103 copacii din jurul casei.&nbsp;<\/p>\n\n\n\n<p class=\"wp-block-paragraph\">Ce-i drept, \u00een timp ce noi st\u0103m cumin\u021bi \u00een case, autorit\u0103\u021bile au grij\u0103 s\u0103-\u0219i fac\u0103 de cap pe banii no\u0219tri \u0219i s\u0103 schimbe \u00een mod inutil borduri sau s\u0103 taie copaci care nu trebuie t\u0103ia\u021bi.\u00a0\u00a0<\/p>\n\n\n\n<p class=\"wp-block-paragraph\">Cu toate acestea, se pare c\u0103 a fost vorba de o alarm\u0103 fals\u0103, pentru c\u0103 vecinii l-au anun\u021bat pe Tudor c\u0103 a fost vorba de o toaletare necesar\u0103 a unui copac din zon\u0103 \u0219i c\u0103 acesta nu a disp\u0103rut total, ci probabil doar pe jum\u0103tate, c\u0103ci a\u0219a se fac toalet\u0103rile \u00een Bucure\u0219ti.<\/p>\n\n\n\n<p class=\"wp-block-paragraph\"><strong><a href=\"https:\/\/www.unsitedemuzica.ro\/stiri\/Tudor-Chirila-revoltat-de-felul-in-care-dispar-copacii-in-timp-ce-stam-in-autoizolare-Azi-dimineata-am-observat-ca-nu-se-mai-vede-copacul-p9694\">UN SITE DE MUZICA<\/a><\/strong><\/p>\n","protected":false},"excerpt":{"rendered":"<p>Po\u021bi b\u0103ga o \u021bar\u0103 \u00eentreag\u0103 izolare, dar&nbsp;pe Tudor Chiril\u0103 tot nu-l po\u021bi face s\u0103 nu mai sesizeze neregulile din jurul nostru.&nbsp; Ast\u0103zi, artistul a f\u0103cut reclama\u021bie pe Facebook \u0219i la Poli\u021bia Local\u0103 de la Sectorul 1 \u00een leg\u0103tur\u0103 cu faptul c\u0103 pe vrema pandemiei au \u00eenceput s\u0103-i dispar\u0103 copacii din jurul casei.&nbsp; Ce-i drept, \u00een [&hellip;]<\/p>\n","protected":false},"author":1,"featured_media":666,"comment_status":"closed","ping_status":"closed","sticky":false,"template":"","format":"standard","meta":{"_crdt_document":"","footnotes":""},"categories":[3],"tags":[],"class_list":["post-2439","post","type-post","status-publish","format-standard","has-post-thumbnail","hentry","category-stars"],"_links":{"self":[{"href":"https:\/\/news-fm.ro\/index.php\/wp-json\/wp\/v2\/posts\/2439","targetHints":{"allow":["GET"]}}],"collection":[{"href":"https:\/\/news-fm.ro\/index.php\/wp-json\/wp\/v2\/posts"}],"about":[{"href":"https:\/\/news-fm.ro\/index.php\/wp-json\/wp\/v2\/types\/post"}],"author":[{"embeddable":true,"href":"https:\/\/news-fm.ro\/index.php\/wp-json\/wp\/v2\/users\/1"}],"replies":[{"embeddable":true,"href":"https:\/\/news-fm.ro\/index.php\/wp-json\/wp\/v2\/comments?post=2439"}],"version-history":[{"count":0,"href":"https:\/\/news-fm.ro\/index.php\/wp-json\/wp\/v2\/posts\/2439\/revisions"}],"wp:featuredmedia":[{"embeddable":true,"href":"https:\/\/news-fm.ro\/index.php\/wp-json\/wp\/v2\/media\/666"}],"wp:attachment":[{"href":"https:\/\/news-fm.ro\/index.php\/wp-json\/wp\/v2\/media?parent=2439"}],"wp:term":[{"taxonomy":"category","embeddable":true,"href":"https:\/\/news-fm.ro\/index.php\/wp-json\/wp\/v2\/categories?post=2439"},{"taxonomy":"post_tag","embeddable":true,"href":"https:\/\/news-fm.ro\/index.php\/wp-json\/wp\/v2\/tags?post=2439"}],"curies":[{"name":"wp","href":"https:\/\/api.w.org\/{rel}","templated":true}]}}