{"id":2433,"date":"2020-04-10T04:52:31","date_gmt":"2020-04-10T04:52:31","guid":{"rendered":"http:\/\/news-fm.ro\/?p=2433"},"modified":"2020-04-10T04:52:33","modified_gmt":"2020-04-10T04:52:33","slug":"andrea-bocelli-va-sustine-un-concert-de-paste-fara-public-in-catedrala-din-milano","status":"publish","type":"post","link":"https:\/\/news-fm.ro\/index.php\/2020\/04\/10\/andrea-bocelli-va-sustine-un-concert-de-paste-fara-public-in-catedrala-din-milano\/","title":{"rendered":"Andrea Bocelli va sus\u0163ine un concert de Pa\u015fte, f\u0103r\u0103 public, \u00een Catedrala din Milano"},"content":{"rendered":"\n<figure class=\"wp-block-image size-large\"><img decoding=\"async\" src=\"https:\/\/news-fm.ro\/wp-content\/uploads\/2020\/04\/ANDREA-BOCELLI-1024x576.jpg\" alt=\"\" class=\"wp-image-2434\"\/><\/figure>\n\n\n\n<p class=\"wp-block-paragraph\">\u00cen Italia, dar \u0219i \u00een multe alte \u021b\u0103ri din lume, bisericile \u0219i l\u0103ca\u0219urile de cult au fost \u00eenchise pe perioada pandemiei de Coronavirus, care va dura mult dup\u0103 Pa\u0219te.&nbsp;<\/p>\n\n\n\n<p class=\"wp-block-paragraph\">\u0218i, chiar dac\u0103 majoritatea italienilor nu vor putea asista la slujba religioas\u0103, Andrea Bocelli va fi printre pu\u021binii care va petrece aceast\u0103 noapte \u00eentr-o catedral\u0103. Artistul italian va sus\u021bine un concert cu ocazia acestei s\u0103rb\u0103tori tocmai din Catedrala din&nbsp;Milano.&nbsp;<\/p>\n\n\n\n<p class=\"wp-block-paragraph\">\u00cens\u0103, chiar dac\u0103 acesta nu va avea un public direct, evenimentul va fi transmis live pe YouTube.<\/p>\n\n\n\n<p class=\"wp-block-paragraph\">De asemenea, Bocelli va fi acompaniat de organistul catedralei, Emanuele Vianelli.<\/p>\n\n\n\n<p class=\"wp-block-paragraph\">Evenimentul va \u00eencepe pe 12 aprilie, la ora 19:00 a Italiei (ora 20:00 \u00een Rom\u00e2nia) \u0219i se va numi \u201eBocelli: Music for Hope\u201d. Este, bine\u00een\u021beles, gratuit.<\/p>\n\n\n\n<blockquote class=\"wp-block-quote is-layout-flow wp-block-quote-is-layout-flow\"><p>\u201cNu va fi un concert: va fi mai degrab\u0103 o ocazie s\u0103 ne rug\u0103m \u00eempreun\u0103 pentru Milano \u015fi pentru \u00eentreaga lume \u00een fa\u0163a unui eveniment absolut dureros \u0219i tragic, pentru a transmite un mesaj de Pa\u015fte: un mesaj de dragoste \u015fi de iertare\u201d, a declarat Andrea Bocelli.<\/p><\/blockquote>\n\n\n\n<figure class=\"wp-block-embed-youtube wp-block-embed is-type-video is-provider-youtube wp-embed-aspect-16-9 wp-has-aspect-ratio\"><div class=\"wp-block-embed__wrapper\">\n<iframe title=\"Sarah Brightman &amp; Andrea Bocelli - Time to Say Goodbye (1997) [720p]\" width=\"1140\" height=\"641\" src=\"https:\/\/www.youtube.com\/embed\/g3ENX3aHlqU?feature=oembed\" frameborder=\"0\" allow=\"accelerometer; autoplay; clipboard-write; encrypted-media; gyroscope; picture-in-picture; web-share\" allowfullscreen><\/iframe>\n<\/div><\/figure>\n\n\n\n<p class=\"wp-block-paragraph\"><strong><a href=\"https:\/\/www.unsitedemuzica.ro\/stiri\/Andrea-Bocelli-va-sustine-un-concert-de-Paste-fara-public-in-catedrala-din-Milano-p9687\">UN SITE DE MUZICA<\/a><\/strong><\/p>\n","protected":false},"excerpt":{"rendered":"<p>\u00cen Italia, dar \u0219i \u00een multe alte \u021b\u0103ri din lume, bisericile \u0219i l\u0103ca\u0219urile de cult au fost \u00eenchise pe perioada pandemiei de Coronavirus, care va dura mult dup\u0103 Pa\u0219te.&nbsp; \u0218i, chiar dac\u0103 majoritatea italienilor nu vor putea asista la slujba religioas\u0103, Andrea Bocelli va fi printre pu\u021binii care va petrece aceast\u0103 noapte \u00eentr-o catedral\u0103. Artistul [&hellip;]<\/p>\n","protected":false},"author":1,"featured_media":0,"comment_status":"closed","ping_status":"closed","sticky":false,"template":"","format":"standard","meta":{"_crdt_document":"","footnotes":""},"categories":[4],"tags":[],"class_list":["post-2433","post","type-post","status-publish","format-standard","hentry","category-noutati"],"_links":{"self":[{"href":"https:\/\/news-fm.ro\/index.php\/wp-json\/wp\/v2\/posts\/2433","targetHints":{"allow":["GET"]}}],"collection":[{"href":"https:\/\/news-fm.ro\/index.php\/wp-json\/wp\/v2\/posts"}],"about":[{"href":"https:\/\/news-fm.ro\/index.php\/wp-json\/wp\/v2\/types\/post"}],"author":[{"embeddable":true,"href":"https:\/\/news-fm.ro\/index.php\/wp-json\/wp\/v2\/users\/1"}],"replies":[{"embeddable":true,"href":"https:\/\/news-fm.ro\/index.php\/wp-json\/wp\/v2\/comments?post=2433"}],"version-history":[{"count":0,"href":"https:\/\/news-fm.ro\/index.php\/wp-json\/wp\/v2\/posts\/2433\/revisions"}],"wp:attachment":[{"href":"https:\/\/news-fm.ro\/index.php\/wp-json\/wp\/v2\/media?parent=2433"}],"wp:term":[{"taxonomy":"category","embeddable":true,"href":"https:\/\/news-fm.ro\/index.php\/wp-json\/wp\/v2\/categories?post=2433"},{"taxonomy":"post_tag","embeddable":true,"href":"https:\/\/news-fm.ro\/index.php\/wp-json\/wp\/v2\/tags?post=2433"}],"curies":[{"name":"wp","href":"https:\/\/api.w.org\/{rel}","templated":true}]}}