{"id":2418,"date":"2020-04-09T04:39:59","date_gmt":"2020-04-09T04:39:59","guid":{"rendered":"http:\/\/news-fm.ro\/?p=2418"},"modified":"2020-04-09T04:40:03","modified_gmt":"2020-04-09T04:40:03","slug":"video-ce-face-jennifer-lopez-in-autoizolare-si-ce-i-lipseste-cel-mai-mult","status":"publish","type":"post","link":"https:\/\/news-fm.ro\/index.php\/2020\/04\/09\/video-ce-face-jennifer-lopez-in-autoizolare-si-ce-i-lipseste-cel-mai-mult\/","title":{"rendered":"VIDEO: Ce face Jennifer Lopez \u00een autoizolare \u0219i ce-i lipse\u0219te cel mai mult"},"content":{"rendered":"\n<figure class=\"wp-block-image size-large\"><img decoding=\"async\" src=\"https:\/\/news-fm.ro\/wp-content\/uploads\/2019\/04\/jennifer-lopez-rocks-blue-contacts-in-gorgeous-1st-look-at-e28098medicinee28099-video-with-french-montana-ftr.jpg\" alt=\"\" class=\"wp-image-1306\"\/><\/figure>\n\n\n\n<p class=\"wp-block-paragraph\"><strong>Jennifer Lopez i-a povestit prietenei sale, Ellen DeGeneres, cu ce \u00ee\u0219i ocup\u0103 timpul \u00een aceast\u0103 perioad\u0103 de distan\u021bare social\u0103. Artista se ocup\u0103 de un proiect caritabil, m\u0103rturisind c\u0103 \u00eei lipse\u0219te ceva anume \u00een mod special.<\/strong><\/p>\n\n\n\n<p class=\"wp-block-paragraph\"><strong>Jennifer Lopez,&nbsp;<\/strong>partenerul ei,&nbsp;<strong>Alex Rodriguez<\/strong>, \u0219i cei 4 copii se afl\u0103 \u00een autoizolare de o lun\u0103. Artista a intrat \u00een direct \u00een emisiunea lui&nbsp;<strong>Ellen DeGeneres<\/strong>&nbsp;\u0219i a povestit despre schimb\u0103rile din via\u021ba ei \u0219i despre c\u00e2t de bine s-a acomodat cu ideea de carantin\u0103.<\/p>\n\n\n\n<blockquote class=\"wp-block-quote is-layout-flow wp-block-quote-is-layout-flow\"><p>&#8220;<strong>Am fost \u00eentr-o alerg\u0103tur\u0103 continu\u0103 \u00een ultimii ani, a\u0219a c\u0103 m\u0103 bucur s\u0103 pot sta acas\u0103<\/strong>. Pl\u0103nuiam s\u0103 iau o pauz\u0103 dup\u0103 ce s-au terminat Super Bowl-ul \u0219i film\u0103rile pentru emisiunea &#8220;World of Dance&#8221;. A\u0219a c\u0103 a fost bine p\u00e2n\u0103 acum. Nu \u0219tiu cum o s\u0103 m\u0103 simt dac\u0103 perioada asta se prelunge\u0219te mult timp. Mai \u00eentreb\u0103-m\u0103 o dat\u0103 peste o lun\u0103 sau dou\u0103&#8221;, a m\u0103rturisit&nbsp;<strong>Jennifer Lopez<\/strong>.<\/p><\/blockquote>\n\n\n\n<p class=\"wp-block-paragraph\">\u00cen timpul pe care \u00eel petrece acas\u0103, Jennifer \u00eei ajut\u0103 la teme pe cei mici, care \u00ee\u0219i continu\u0103 lec\u021biile online \u00een aceast\u0103 perioad\u0103.<\/p>\n\n\n\n<blockquote class=\"wp-block-quote is-layout-flow wp-block-quote-is-layout-flow\"><p>&#8220;\u00cei ajut la teme. To\u021bi cei patru copii sunt la ore acum, le fac online. Eu m-am ocupat \u00een special de Emmy \u0219i Max&#8221;, a detaliat J.Lo, recunosc\u00e2nd c\u0103 a \u00eent\u00e2mpinat dificult\u0103\u021bi \u00een a le explica anumite no\u021biuni de matematic\u0103.<\/p><\/blockquote>\n\n\n\n<h3 class=\"wp-block-heading\">Planurile de nunt\u0103 ale lui J.Lo \u0219i&nbsp;<strong>Alex Rodriguez<\/strong><\/h3>\n\n\n\n<p class=\"wp-block-paragraph\">Ellen a dorit s\u0103 \u0219tie \u0219i dac\u0103 au intervenit schimb\u0103ri \u00een planurile de nunt\u0103 ale artistei. Jennifer ar trebui s\u0103 se c\u0103s\u0103toreasc\u0103 cu partenerul ei anul acesta, data exact\u0103 nefiind \u00eens\u0103 cunoscut\u0103.<\/p>\n\n\n\n<blockquote class=\"wp-block-quote is-layout-flow wp-block-quote-is-layout-flow\"><p>&#8220;Mi-a afectat pu\u021bin planurile, dar vom vedea ce se va \u00eent\u00e2mpla. Nu \u0219tiu \u00een ce m\u0103sur\u0103 vor fi p\u0103strate datele stabilite. Suntem \u00een a\u0219teptare cu planurile, la fel ca restul lumii. Vom a\u0219tepta \u0219i vom vedea cum va evolua situa\u021bia&#8221;, a detaliat Jennifer.<\/p><\/blockquote>\n\n\n\n<h3 class=\"wp-block-heading\">Un nou proiect caritabil<\/h3>\n\n\n\n<p class=\"wp-block-paragraph\">Artista preg\u0103te\u0219te \u00een aceast\u0103 perioad\u0103 \u0219i un nou show, intitulat &#8220;<strong>Thanks a Million<\/strong>&#8220;, prin care se vor face dona\u021bii unor persoane aflate \u00een nevoie. Emisiunea va avea 10 episoade, ce vor fi difuzate pe o platform\u0103 pentru video-uri scurte, numit\u0103 Quibi.<\/p>\n\n\n\n<blockquote class=\"wp-block-quote is-layout-flow wp-block-quote-is-layout-flow\"><p>&#8220;Ne-a venit ideea ca anumite celebrit\u0103\u021bi, care au vie\u021bi binecuv\u00e2ntate, s\u0103 fac\u0103 un gest caritabil la \u00eent\u00e2mplare \u0219i s\u0103 dea startul altor gesturi de acest fel, astfel \u00eenc\u00e2t acel gest s\u0103 se propage mai departe \u0219i s\u0103 inspire \u00eenc\u0103 o fapt\u0103 bun\u0103, \u0219i \u00eenc\u0103 una, \u0219i tot a\u0219a. A\u0219a va junge s\u0103 aib\u0103 efectul bulg\u0103relui de z\u0103pad\u0103. Pe parcursul celor 10 episoade vom dona un milion de dolari. Eu am avut ocazia de a oferi 100.000 de dolari unei persoane necunoscute care m-a impresionat \u00eentr-un fel anume&#8221;, a povestit J. Lo.<\/p><\/blockquote>\n\n\n\n<h3 class=\"wp-block-heading\">Ce-i lipse\u0219te cel mai mult lui Jennifer Lopez<\/h3>\n\n\n\n<p class=\"wp-block-paragraph\">De\u0219i se bucur\u0103 c\u0103 \u00een aceste s\u0103pt\u0103m\u00e2ni s-a putut odihni pu\u021bin, artista m\u0103rturise\u0219te c\u0103 \u00eei lipse\u0219te contactul uman.<\/p>\n\n\n\n<blockquote class=\"wp-block-quote is-layout-flow wp-block-quote-is-layout-flow\"><p>&#8220;Cred c\u0103&nbsp;<strong>cel mai mult \u00eemi lipsesc oamenii<\/strong>. Mi-e dor s\u0103-i \u00eembr\u0103\u021bi\u0219ez, s\u0103 fiu \u00een preajma lor. \u0218i \u00ee\u021bi dai seama, odat\u0103 cu aceast\u0103 pierdere a libert\u0103\u021bii, care nu-\u021bi permite s\u0103 te vezi cu cei apropia\u021bi \u0219i s\u0103 pleci \u00een anumite locuri, c\u00e2t de mult avem nevoie unii de al\u021bii \u0219i c\u00e2t de mult trebuie s\u0103 apreciem lucrurile astea. Asta mi-a ocupat mult mintea \u00een ultima perioad\u0103.&#8221;<\/p><\/blockquote>\n\n\n\n<h3 class=\"wp-block-heading\">VIDEO: Jennifer Lopez vorbe\u0219te cu Ellen DeGeneres<\/h3>\n\n\n\n<figure class=\"wp-block-embed-youtube wp-block-embed is-type-video is-provider-youtube wp-embed-aspect-16-9 wp-has-aspect-ratio\"><div class=\"wp-block-embed__wrapper\">\n<iframe title=\"Has Jennifer Lopez\u2019s Wedding Been Affected by the Quarantine?\" width=\"1140\" height=\"641\" src=\"https:\/\/www.youtube.com\/embed\/t6ugaHl_vps?feature=oembed\" frameborder=\"0\" allow=\"accelerometer; autoplay; clipboard-write; encrypted-media; gyroscope; picture-in-picture; web-share\" allowfullscreen><\/iframe>\n<\/div><\/figure>\n\n\n\n<p class=\"wp-block-paragraph\"><strong><a href=\"https:\/\/www.infomusic.ro\/2020\/04\/ce-face-jennifer-lopez-in-izolare-video\/\">INFOMUSIC<\/a><\/strong><\/p>\n","protected":false},"excerpt":{"rendered":"<p>Jennifer Lopez i-a povestit prietenei sale, Ellen DeGeneres, cu ce \u00ee\u0219i ocup\u0103 timpul \u00een aceast\u0103 perioad\u0103 de distan\u021bare social\u0103. Artista se ocup\u0103 de un proiect caritabil, m\u0103rturisind c\u0103 \u00eei lipse\u0219te ceva anume \u00een mod special. Jennifer Lopez,&nbsp;partenerul ei,&nbsp;Alex Rodriguez, \u0219i cei 4 copii se afl\u0103 \u00een autoizolare de o lun\u0103. Artista a intrat \u00een direct [&hellip;]<\/p>\n","protected":false},"author":1,"featured_media":0,"comment_status":"closed","ping_status":"closed","sticky":false,"template":"","format":"standard","meta":{"_crdt_document":"","footnotes":""},"categories":[3],"tags":[],"class_list":["post-2418","post","type-post","status-publish","format-standard","hentry","category-stars"],"_links":{"self":[{"href":"https:\/\/news-fm.ro\/index.php\/wp-json\/wp\/v2\/posts\/2418","targetHints":{"allow":["GET"]}}],"collection":[{"href":"https:\/\/news-fm.ro\/index.php\/wp-json\/wp\/v2\/posts"}],"about":[{"href":"https:\/\/news-fm.ro\/index.php\/wp-json\/wp\/v2\/types\/post"}],"author":[{"embeddable":true,"href":"https:\/\/news-fm.ro\/index.php\/wp-json\/wp\/v2\/users\/1"}],"replies":[{"embeddable":true,"href":"https:\/\/news-fm.ro\/index.php\/wp-json\/wp\/v2\/comments?post=2418"}],"version-history":[{"count":0,"href":"https:\/\/news-fm.ro\/index.php\/wp-json\/wp\/v2\/posts\/2418\/revisions"}],"wp:attachment":[{"href":"https:\/\/news-fm.ro\/index.php\/wp-json\/wp\/v2\/media?parent=2418"}],"wp:term":[{"taxonomy":"category","embeddable":true,"href":"https:\/\/news-fm.ro\/index.php\/wp-json\/wp\/v2\/categories?post=2418"},{"taxonomy":"post_tag","embeddable":true,"href":"https:\/\/news-fm.ro\/index.php\/wp-json\/wp\/v2\/tags?post=2418"}],"curies":[{"name":"wp","href":"https:\/\/api.w.org\/{rel}","templated":true}]}}