{"id":2415,"date":"2020-04-09T04:34:56","date_gmt":"2020-04-09T04:34:56","guid":{"rendered":"http:\/\/news-fm.ro\/?p=2415"},"modified":"2020-04-09T04:35:05","modified_gmt":"2020-04-09T04:35:05","slug":"video-gaga-a-strans-35-de-milioane-de-dolari-in-7-zile-pentru-combaterea-coronavirus-si-va-organiza-un-event-tv-major","status":"publish","type":"post","link":"https:\/\/news-fm.ro\/index.php\/2020\/04\/09\/video-gaga-a-strans-35-de-milioane-de-dolari-in-7-zile-pentru-combaterea-coronavirus-si-va-organiza-un-event-tv-major\/","title":{"rendered":"VIDEO: Gaga a str\u00e2ns 35 de milioane de dolari \u00een 7 zile pentru combaterea coronavirus \u015fi va organiza un event TV major"},"content":{"rendered":"\n<figure class=\"wp-block-image size-large\"><img decoding=\"async\" src=\"https:\/\/news-fm.ro\/wp-content\/uploads\/2020\/04\/LADY-GAGA-1024x1024.jpg\" alt=\"\" class=\"wp-image-2416\"\/><\/figure>\n\n\n\n<p class=\"wp-block-paragraph\">Artista s-a parteneriat cu organiza\u021bia global\u0103 Global Citizen &#8211; \u00eempreun\u0103, au str\u00e2ns 35 de milioane de dolari \u00een 7 zile \u0219i vor organiza un event TV major &#8211; One World: Together At Home.<\/p>\n\n\n\n<p class=\"wp-block-paragraph\">Banii vor fi dona\u021bi c\u0103tre Organiza\u021bia Mondial\u0103 a S\u0103n\u0103t\u0103\u021bii, iar evenimentul televizat va fi difuzat pe 18 aprilie.<\/p>\n\n\n\n<figure class=\"wp-block-embed-instagram wp-block-embed is-type-rich is-provider-instagram\"><div class=\"wp-block-embed__wrapper\">\nhttps:\/\/www.instagram.com\/p\/B-rvtvoJhDa\/\n<\/div><\/figure>\n\n\n\n<p class=\"wp-block-paragraph\">Amploarea acestuia este at\u00e2t de mare, \u00eenc\u00e2t mai multe posturi de televiziune \u00eel vor difuza simultan &#8211; ABC, NBC \u0219i CBS sunt doar c\u00e2teva dintre ele. Mai mult, va fi difuzat simultan \u0219i pe YouTube, Apple, Facebook, Instagram, Twitter, c\u00e2t \u0219i alte re\u021bele sociale.<\/p>\n\n\n\n<blockquote class=\"wp-block-quote is-layout-flow wp-block-quote-is-layout-flow\"><p>\u201eVrem s\u0103 punem accentul pe importan\u021ba acestei mi\u0219c\u0103ri culturale istorice, f\u0103r\u0103 precedent \u0219i vrem s\u0103 celebr\u0103m \u0219i \u00eencuraj\u0103m puterea spiritului uman\u201d, a spus Gaga.<\/p><\/blockquote>\n\n\n\n<p class=\"wp-block-paragraph\"><strong>O groaz\u0103 de celebrit\u0103\u021bi vor lua partea la spectacol:<\/strong>&nbsp;Stevie Wonder, Paul McCartney, Billie Eilish, Elton John, David Beckham, John Legend, Eddie Vedder, Kerry Washington, Coldplay\u2019s Chris Martin, Lizzo, J Balvin, Andrea Bocelli \u0219i Maluma.<\/p>\n\n\n\n<p class=\"wp-block-paragraph\"><strong>Iar arti\u0219tii nu se opresc aici &#8211;<\/strong>&nbsp;Billy Joe Armstrong of Green Day, Lang Lang, Kacey Musgraves, Alanis Morissette, Priyanka Chopra Jonas, Shah Rukh Khan, Keith Urban, Burna Boy \u0219i Finneas.<\/p>\n\n\n\n<p class=\"wp-block-paragraph\">La event vor fi prezen\u021bi \u0219i Idris Elba \u0219i so\u021bia lui, Sabrina, ambii diagnostica\u021bi pozitiv cu noul coronavirus.<\/p>\n\n\n\n<p class=\"wp-block-paragraph\">Acest \u201especial\u201d nu are ca scop str\u00e2ngerea de bani, ci aceea de a le aduce divertisment maselor, celor care au nevoie de o distrac\u021bie \u00een aceste vremuri.<\/p>\n\n\n\n<p class=\"wp-block-paragraph\"><strong>\u201ePune\u021bi portofelele deoparte \u0219i bucura\u021bi-v\u0103 de show-ul pe care-l merita\u021bi\u201d<\/strong>, a spus Gaga.<\/p>\n\n\n\n<p class=\"wp-block-paragraph\">Cei care vor modera acest show sunt cei 3 crai ai televiziunii contemporane americane &#8211;\u00a0<strong>Stephen Colbert, Jimmy Fallon \u0219i Jimmy Kimmel.<\/strong><\/p>\n\n\n\n<figure class=\"wp-block-embed-youtube wp-block-embed is-type-video is-provider-youtube wp-embed-aspect-4-3 wp-has-aspect-ratio\"><div class=\"wp-block-embed__wrapper\">\n<iframe title=\"Together At Home with Shawn Mendes &amp; Camila Cabello\" width=\"1140\" height=\"855\" src=\"https:\/\/www.youtube.com\/embed\/6d7k9M6bUqo?feature=oembed\" frameborder=\"0\" allow=\"accelerometer; autoplay; clipboard-write; encrypted-media; gyroscope; picture-in-picture; web-share\" allowfullscreen><\/iframe>\n<\/div><\/figure>\n\n\n\n<p class=\"wp-block-paragraph\"><strong><a href=\"https:\/\/www.unsitedemuzica.ro\/stiri\/VIDEO-Gaga-a-strans-35-de-milioane-de-dolari-in-7-zile-pentru-combaterea-coronavirus-si-va-organiza-un-event-TV-major-p9679\">UN SITE DE MUZICA<\/a><\/strong><\/p>\n","protected":false},"excerpt":{"rendered":"<p>Artista s-a parteneriat cu organiza\u021bia global\u0103 Global Citizen &#8211; \u00eempreun\u0103, au str\u00e2ns 35 de milioane de dolari \u00een 7 zile \u0219i vor organiza un event TV major &#8211; One World: Together At Home. Banii vor fi dona\u021bi c\u0103tre Organiza\u021bia Mondial\u0103 a S\u0103n\u0103t\u0103\u021bii, iar evenimentul televizat va fi difuzat pe 18 aprilie. Amploarea acestuia este at\u00e2t [&hellip;]<\/p>\n","protected":false},"author":1,"featured_media":0,"comment_status":"closed","ping_status":"closed","sticky":false,"template":"","format":"standard","meta":{"_crdt_document":"","footnotes":""},"categories":[3],"tags":[],"class_list":["post-2415","post","type-post","status-publish","format-standard","hentry","category-stars"],"_links":{"self":[{"href":"https:\/\/news-fm.ro\/index.php\/wp-json\/wp\/v2\/posts\/2415","targetHints":{"allow":["GET"]}}],"collection":[{"href":"https:\/\/news-fm.ro\/index.php\/wp-json\/wp\/v2\/posts"}],"about":[{"href":"https:\/\/news-fm.ro\/index.php\/wp-json\/wp\/v2\/types\/post"}],"author":[{"embeddable":true,"href":"https:\/\/news-fm.ro\/index.php\/wp-json\/wp\/v2\/users\/1"}],"replies":[{"embeddable":true,"href":"https:\/\/news-fm.ro\/index.php\/wp-json\/wp\/v2\/comments?post=2415"}],"version-history":[{"count":0,"href":"https:\/\/news-fm.ro\/index.php\/wp-json\/wp\/v2\/posts\/2415\/revisions"}],"wp:attachment":[{"href":"https:\/\/news-fm.ro\/index.php\/wp-json\/wp\/v2\/media?parent=2415"}],"wp:term":[{"taxonomy":"category","embeddable":true,"href":"https:\/\/news-fm.ro\/index.php\/wp-json\/wp\/v2\/categories?post=2415"},{"taxonomy":"post_tag","embeddable":true,"href":"https:\/\/news-fm.ro\/index.php\/wp-json\/wp\/v2\/tags?post=2415"}],"curies":[{"name":"wp","href":"https:\/\/api.w.org\/{rel}","templated":true}]}}