{"id":2409,"date":"2020-04-08T04:56:04","date_gmt":"2020-04-08T04:56:04","guid":{"rendered":"http:\/\/news-fm.ro\/?p=2409"},"modified":"2020-04-08T04:56:08","modified_gmt":"2020-04-08T04:56:08","slug":"billie-eilish-ne-explica-cum-se-descurca-in-izolare","status":"publish","type":"post","link":"https:\/\/news-fm.ro\/index.php\/2020\/04\/08\/billie-eilish-ne-explica-cum-se-descurca-in-izolare\/","title":{"rendered":"Billie Eilish ne explic\u0103 cum se descurc\u0103 \u00een izolare"},"content":{"rendered":"\n<figure class=\"wp-block-image size-large\"><img decoding=\"async\" src=\"https:\/\/news-fm.ro\/wp-content\/uploads\/2020\/03\/BILLIE-EILISH-1.jpg\" alt=\"\" class=\"wp-image-2295\"\/><\/figure>\n\n\n\n<p class=\"wp-block-paragraph\">\u00cen timp ce-i este dor de vechea via\u021b\u0103, artista are parte acum de prima pauza real\u0103 de c\u00e2nd avea 12 ani. \u00cen cadrul\u00a0podcastului realizat de Telekom Electronic Beats, Eilish vorbe\u0219te despre cum \u00ee\u0219i petrece timpul \u0219i ce g\u00e2nduri are \u00een izolare.<\/p>\n\n\n\n<h3 class=\"wp-block-heading\"><strong>Prietenii \u0219i izolarea<\/strong><\/h3>\n\n\n\n<blockquote class=\"wp-block-quote is-layout-flow wp-block-quote-is-layout-flow\"><p><em>\u201eS\u0103 fiu sincer\u0103, nu prea am vrut s\u0103 fiu conectat\u0103 cu nimeni. Sun\u0103 introvert \u0219i singuratic, dar chiar mi-a pl\u0103cut s\u0103 fiu singur\u0103. Simt c\u0103 toat\u0103 lumea de pe Internet a vorbit despre cum au fost pe FaceTime toat\u0103 ziua cu prietenii lor. \u00cemi iubesc prietenii, dar \u00eemi place s\u0103 fiu \u0219i singur\u0103. Nu am avut timp liber de c\u00e2nd aveam 12 ani.\u201d<\/em><\/p><\/blockquote>\n\n\n\n<h3 class=\"wp-block-heading\"><strong>Are prieteni \u00een LA?<\/strong><\/h3>\n\n\n\n<blockquote class=\"wp-block-quote is-layout-flow wp-block-quote-is-layout-flow\"><p><em>\u201eNu prea. Am doi prieteni apropia\u021bi \u0219i mul\u021bi prieteni semi-apropia\u021bi. Partea ciudat\u0103 este c\u0103 doar atunci c\u00e2nd sunt acas\u0103 am posibilitatea s\u0103-i v\u0103d, iar acum sunt acas\u0103 \u0219i nu pot s\u0103-i v\u0103d. E mega ciudat, dar e ciudat pentru toat\u0103 lumea.\u201d<\/em><\/p><\/blockquote>\n\n\n\n<h3 class=\"wp-block-heading\"><strong>Ce crede Billie c\u0103 vom \u00eenv\u0103\u021ba din pandemia asta<\/strong><\/h3>\n\n\n\n<blockquote class=\"wp-block-quote is-layout-flow wp-block-quote-is-layout-flow\"><p><em><strong>\u201eDac\u0103 e s\u0103 fiu sincer\u0103, cred c\u0103 atunci c\u00e2nd vom avea voie s\u0103 ne vedem prietenii din nou \u0219i s\u0103 ie\u0219im afar\u0103, vom fi at\u00e2t de ferici\u021bi \u0219i recunosc\u0103tori, \u00eenc\u00e2t vom uita \u00een 3 zile totul. A\u0219a func\u021bioneaz\u0103 oamenii \u0219i a\u0219a sunt construi\u021bi. \u021ai-e dor de ceva \u00een clipa \u00een care nu po\u021bi s\u0103-l ai. \u201d<\/strong><\/em><\/p><\/blockquote>\n\n\n\n<h3 class=\"wp-block-heading\"><strong>Cum \u00ee\u0219i vede viitorul<\/strong><\/h3>\n\n\n\n<blockquote class=\"wp-block-quote is-layout-flow wp-block-quote-is-layout-flow\"><p><em>\u201eNu vreau s\u0103 mi-l imaginez, pentru c\u0103 nu vreau s\u0103-mi fac speran\u021be \u0219i nu vream s\u0103 mi-l imaginez nasol. \u00cencerc s\u0103 tr\u0103iesc \u00een moment \u0219i s\u0103 nu m\u0103 \u00eengrijorez cu privire la viitor, \u00eens\u0103 nu \u00eendeajuns de mult \u00eenc\u00e2t s\u0103-mi ruinez via\u021ba. M\u0103 g\u00e2ndesc mereu la ac\u021biunile mele \u0219i cum ele afecteaz\u0103 lumea, a\u0219a c\u0103 nu voi spune niciodat\u0103 \u201efuck it, nu-mi pas\u0103 de viitor\u201d. Nu vreau s\u0103 m\u0103 blochez g\u00e2ndindu-m\u0103 la el prea mult.\u201d<\/em><\/p><\/blockquote>\n\n\n\n<p class=\"wp-block-paragraph\"><strong><a href=\"https:\/\/www.unsitedemuzica.ro\/stiri\/Billie-Eilish-ne-explica-cum-se-descurca-in-izolare-p9681\">UN SITE DE MUZICA<\/a><\/strong><\/p>\n","protected":false},"excerpt":{"rendered":"<p>\u00cen timp ce-i este dor de vechea via\u021b\u0103, artista are parte acum de prima pauza real\u0103 de c\u00e2nd avea 12 ani. \u00cen cadrul\u00a0podcastului realizat de Telekom Electronic Beats, Eilish vorbe\u0219te despre cum \u00ee\u0219i petrece timpul \u0219i ce g\u00e2nduri are \u00een izolare. Prietenii \u0219i izolarea \u201eS\u0103 fiu sincer\u0103, nu prea am vrut s\u0103 fiu conectat\u0103 cu [&hellip;]<\/p>\n","protected":false},"author":1,"featured_media":0,"comment_status":"closed","ping_status":"closed","sticky":false,"template":"","format":"standard","meta":{"_crdt_document":"","footnotes":""},"categories":[3],"tags":[],"class_list":["post-2409","post","type-post","status-publish","format-standard","hentry","category-stars"],"_links":{"self":[{"href":"https:\/\/news-fm.ro\/index.php\/wp-json\/wp\/v2\/posts\/2409","targetHints":{"allow":["GET"]}}],"collection":[{"href":"https:\/\/news-fm.ro\/index.php\/wp-json\/wp\/v2\/posts"}],"about":[{"href":"https:\/\/news-fm.ro\/index.php\/wp-json\/wp\/v2\/types\/post"}],"author":[{"embeddable":true,"href":"https:\/\/news-fm.ro\/index.php\/wp-json\/wp\/v2\/users\/1"}],"replies":[{"embeddable":true,"href":"https:\/\/news-fm.ro\/index.php\/wp-json\/wp\/v2\/comments?post=2409"}],"version-history":[{"count":0,"href":"https:\/\/news-fm.ro\/index.php\/wp-json\/wp\/v2\/posts\/2409\/revisions"}],"wp:attachment":[{"href":"https:\/\/news-fm.ro\/index.php\/wp-json\/wp\/v2\/media?parent=2409"}],"wp:term":[{"taxonomy":"category","embeddable":true,"href":"https:\/\/news-fm.ro\/index.php\/wp-json\/wp\/v2\/categories?post=2409"},{"taxonomy":"post_tag","embeddable":true,"href":"https:\/\/news-fm.ro\/index.php\/wp-json\/wp\/v2\/tags?post=2409"}],"curies":[{"name":"wp","href":"https:\/\/api.w.org\/{rel}","templated":true}]}}