{"id":2398,"date":"2020-04-08T04:28:58","date_gmt":"2020-04-08T04:28:58","guid":{"rendered":"http:\/\/news-fm.ro\/?p=2398"},"modified":"2020-04-08T04:29:02","modified_gmt":"2020-04-08T04:29:02","slug":"video-randi-suflete-in-carantina","status":"publish","type":"post","link":"https:\/\/news-fm.ro\/index.php\/2020\/04\/08\/video-randi-suflete-in-carantina\/","title":{"rendered":"Video: Randi &#8211; Suflete \u00een carantin\u0103"},"content":{"rendered":"\n<figure class=\"wp-block-image size-large\"><img fetchpriority=\"high\" decoding=\"async\" width=\"800\" height=\"533\" src=\"https:\/\/news-fm.ro\/wp-content\/uploads\/2018\/10\/randi-edward-sanda-interviu-infomusic-2018-8569-800x533.jpg\" alt=\"\" class=\"wp-image-618\" srcset=\"https:\/\/news-fm.ro\/wp-content\/uploads\/2018\/10\/randi-edward-sanda-interviu-infomusic-2018-8569-800x533.jpg 800w, https:\/\/news-fm.ro\/wp-content\/uploads\/2018\/10\/randi-edward-sanda-interviu-infomusic-2018-8569-800x533-300x200.jpg 300w, https:\/\/news-fm.ro\/wp-content\/uploads\/2018\/10\/randi-edward-sanda-interviu-infomusic-2018-8569-800x533-768x512.jpg 768w, https:\/\/news-fm.ro\/wp-content\/uploads\/2018\/10\/randi-edward-sanda-interviu-infomusic-2018-8569-800x533-500x333.jpg 500w\" sizes=\"(max-width: 800px) 100vw, 800px\" \/><\/figure>\n\n\n\n<p class=\"wp-block-paragraph\"><strong>Inspirat de aceast\u0103 perioad\u0103 de distan\u021bare social\u0103, Randi a compus piesa &#8220;Suflete \u00een carantin\u0103&#8221;. Melodia este acompaniat\u0103 de un videoclip realizat din izolare.<\/strong><\/p>\n\n\n\n<blockquote class=\"wp-block-quote is-layout-flow wp-block-quote-is-layout-flow\"><p>&#8220;M-a inspirat \u00een primul r\u00e2nd separarea uman\u0103 pe care o tr\u0103im, pentru c\u0103, \u00een cele din urm\u0103, internetul nu are calitatea de a aduce oamenii cu adev\u0103rat, la un nivel profund \u0219i total, \u00eempreun\u0103. Ajut\u0103, dar e o lume virtual\u0103 din care lipse\u0219te contactul fizic, real. Ne satisface dorin\u021ba de socializare p\u00e2n\u0103 la un punct. Realiz\u0103m c\u0103 cele mai de apreciat lucruri sunt cele pe care le consideram at\u00e2t de normale, \u00eenc\u00e2t nu le mai acord\u0103m valoarea esen\u021bial\u0103: este vorba despre oameni, cei de l\u00e2ng\u0103 noi, pe care \u00eei iubim \u0219i care ne iubesc \u0219i felul \u00een care ne \u00eembog\u0103\u021bim reciproc existen\u021ba&#8221;, a declarat\u00a0<strong>Randi<\/strong>.<\/p><\/blockquote>\n\n\n\n<p class=\"wp-block-paragraph\"><strong>Randi<\/strong>\u00a0este unul dintre cei mai de succes produc\u0103tori muzicali \u0219i soli\u0219ti din Rom\u00e2nia, \u00eensum\u00e2nd un total de peste 180 de milioane de vizualiz\u0103ri pe YouTube la piese precum &#8220;P\u00e2n\u0103 vara viitoare&#8221; (Jo feat. Randi), &#8220;Prietena ta&#8221; (Randi feat. Uddi &amp; Nadir), &#8220;Dans\u0103m&#8221; (Randi) sau &#8220;Ochii \u0103ia verzi&#8221; (Randi).<\/p>\n\n\n\n<figure class=\"wp-block-embed-youtube wp-block-embed is-type-video is-provider-youtube wp-embed-aspect-16-9 wp-has-aspect-ratio\"><div class=\"wp-block-embed__wrapper\">\n<iframe title=\"Randi - Suflete in carantina | Isolation Visual\" width=\"1140\" height=\"641\" src=\"https:\/\/www.youtube.com\/embed\/xDEqbm1tte8?feature=oembed\" frameborder=\"0\" allow=\"accelerometer; autoplay; clipboard-write; encrypted-media; gyroscope; picture-in-picture; web-share\" allowfullscreen><\/iframe>\n<\/div><\/figure>\n\n\n\n<p class=\"wp-block-paragraph\"><strong><a href=\"https:\/\/www.infomusic.ro\/videoclip\/videoclip-randi-suflete-in-carantina\/\">INFO MUSIC<\/a><\/strong><\/p>\n","protected":false},"excerpt":{"rendered":"<p>Inspirat de aceast\u0103 perioad\u0103 de distan\u021bare social\u0103, Randi a compus piesa &#8220;Suflete \u00een carantin\u0103&#8221;. Melodia este acompaniat\u0103 de un videoclip realizat din izolare. &#8220;M-a inspirat \u00een primul r\u00e2nd separarea uman\u0103 pe care o tr\u0103im, pentru c\u0103, \u00een cele din urm\u0103, internetul nu are calitatea de a aduce oamenii cu adev\u0103rat, la un nivel profund \u0219i [&hellip;]<\/p>\n","protected":false},"author":1,"featured_media":618,"comment_status":"closed","ping_status":"closed","sticky":false,"template":"","format":"standard","meta":{"_crdt_document":"","footnotes":""},"categories":[4,3],"tags":[],"class_list":["post-2398","post","type-post","status-publish","format-standard","has-post-thumbnail","hentry","category-noutati","category-stars"],"_links":{"self":[{"href":"https:\/\/news-fm.ro\/index.php\/wp-json\/wp\/v2\/posts\/2398","targetHints":{"allow":["GET"]}}],"collection":[{"href":"https:\/\/news-fm.ro\/index.php\/wp-json\/wp\/v2\/posts"}],"about":[{"href":"https:\/\/news-fm.ro\/index.php\/wp-json\/wp\/v2\/types\/post"}],"author":[{"embeddable":true,"href":"https:\/\/news-fm.ro\/index.php\/wp-json\/wp\/v2\/users\/1"}],"replies":[{"embeddable":true,"href":"https:\/\/news-fm.ro\/index.php\/wp-json\/wp\/v2\/comments?post=2398"}],"version-history":[{"count":0,"href":"https:\/\/news-fm.ro\/index.php\/wp-json\/wp\/v2\/posts\/2398\/revisions"}],"wp:featuredmedia":[{"embeddable":true,"href":"https:\/\/news-fm.ro\/index.php\/wp-json\/wp\/v2\/media\/618"}],"wp:attachment":[{"href":"https:\/\/news-fm.ro\/index.php\/wp-json\/wp\/v2\/media?parent=2398"}],"wp:term":[{"taxonomy":"category","embeddable":true,"href":"https:\/\/news-fm.ro\/index.php\/wp-json\/wp\/v2\/categories?post=2398"},{"taxonomy":"post_tag","embeddable":true,"href":"https:\/\/news-fm.ro\/index.php\/wp-json\/wp\/v2\/tags?post=2398"}],"curies":[{"name":"wp","href":"https:\/\/api.w.org\/{rel}","templated":true}]}}