{"id":2391,"date":"2020-04-07T04:39:40","date_gmt":"2020-04-07T04:39:40","guid":{"rendered":"http:\/\/news-fm.ro\/?p=2391"},"modified":"2020-04-07T04:39:44","modified_gmt":"2020-04-07T04:39:44","slug":"katy-perry-a-dezvaluit-fanilor-ce-sex-va-avea-copilul-ei-printr-o-fotografie-cu-orlando-bloom","status":"publish","type":"post","link":"https:\/\/news-fm.ro\/index.php\/2020\/04\/07\/katy-perry-a-dezvaluit-fanilor-ce-sex-va-avea-copilul-ei-printr-o-fotografie-cu-orlando-bloom\/","title":{"rendered":"Katy Perry a dezv\u0103luit fanilor ce sex va avea copilul ei, printr-o fotografie cu Orlando Bloom"},"content":{"rendered":"\n<figure class=\"wp-block-image size-large\"><img decoding=\"async\" src=\"https:\/\/news-fm.ro\/wp-content\/uploads\/2019\/02\/Katy-Perry.jpg\" alt=\"\" class=\"wp-image-1171\"\/><\/figure>\n\n\n\n<p class=\"wp-block-paragraph\">A venit \u0219i momentul ca lumea s\u0103 afle ce va avea&nbsp;<strong>Katy<\/strong>&nbsp;<strong>Perry<\/strong>, feti\u021b\u0103 sau b\u0103iat.<\/p>\n\n\n\n<p class=\"wp-block-paragraph\">Anun\u021bul a fost f\u0103cut pe Instagramul artistei prin intermediul unei poze cu&nbsp;<strong>Orlando Bloom<\/strong>. \u00cen aceasta, actorul are toat\u0103 fa\u021ba plin\u0103 de fri\u0219c\u0103 roz, ceea ce indic\u0103 faptul c\u0103 cei doi vor avea o feti\u021b\u0103.&nbsp;<\/p>\n\n\n\n<p class=\"wp-block-paragraph\">Postarea lui Katy Perry a str\u00e2ns \u00een 3 zile aproape 4 milioane de likeuri, iar \u00een comentarii vei g\u0103si ur\u0103ri de bine \u0219i de la Dua Lipa, Rita Ora sau Zoe Saldana.<\/p>\n\n\n\n<p class=\"wp-block-paragraph\">La ultimul concert sus\u021binut de Katy Perry, care a avut loc pe 8 maritie, \u00een Australia, ea a declarat public c\u0103-\u0219i dore\u0219te o feti\u021b\u0103.&nbsp;<\/p>\n\n\n\n<p class=\"wp-block-paragraph\">Iat\u0103 c\u0103 dorin\u021ba ei s-a adeverit:\u00a0<\/p>\n\n\n\n<figure class=\"wp-block-embed-instagram wp-block-embed is-type-rich is-provider-instagram\"><div class=\"wp-block-embed__wrapper\">\nhttps:\/\/www.instagram.com\/p\/B-i0HZ7HaFw\/\n<\/div><\/figure>\n\n\n\n<p class=\"wp-block-paragraph\"><strong><a href=\"https:\/\/www.unsitedemuzica.ro\/stiri\/Katy-Perry-a-dezvaluit-fanilor-ce-sex-va-avea-copilul-ei-printr-o-fotografie-cu-Orlando-Bloom-p9658\">UN SITE DE MUZICA<\/a><\/strong><\/p>\n","protected":false},"excerpt":{"rendered":"<p>A venit \u0219i momentul ca lumea s\u0103 afle ce va avea&nbsp;Katy&nbsp;Perry, feti\u021b\u0103 sau b\u0103iat. Anun\u021bul a fost f\u0103cut pe Instagramul artistei prin intermediul unei poze cu&nbsp;Orlando Bloom. \u00cen aceasta, actorul are toat\u0103 fa\u021ba plin\u0103 de fri\u0219c\u0103 roz, ceea ce indic\u0103 faptul c\u0103 cei doi vor avea o feti\u021b\u0103.&nbsp; Postarea lui Katy Perry a str\u00e2ns \u00een [&hellip;]<\/p>\n","protected":false},"author":1,"featured_media":0,"comment_status":"closed","ping_status":"closed","sticky":false,"template":"","format":"standard","meta":{"_crdt_document":"","footnotes":""},"categories":[3],"tags":[],"class_list":["post-2391","post","type-post","status-publish","format-standard","hentry","category-stars"],"_links":{"self":[{"href":"https:\/\/news-fm.ro\/index.php\/wp-json\/wp\/v2\/posts\/2391","targetHints":{"allow":["GET"]}}],"collection":[{"href":"https:\/\/news-fm.ro\/index.php\/wp-json\/wp\/v2\/posts"}],"about":[{"href":"https:\/\/news-fm.ro\/index.php\/wp-json\/wp\/v2\/types\/post"}],"author":[{"embeddable":true,"href":"https:\/\/news-fm.ro\/index.php\/wp-json\/wp\/v2\/users\/1"}],"replies":[{"embeddable":true,"href":"https:\/\/news-fm.ro\/index.php\/wp-json\/wp\/v2\/comments?post=2391"}],"version-history":[{"count":0,"href":"https:\/\/news-fm.ro\/index.php\/wp-json\/wp\/v2\/posts\/2391\/revisions"}],"wp:attachment":[{"href":"https:\/\/news-fm.ro\/index.php\/wp-json\/wp\/v2\/media?parent=2391"}],"wp:term":[{"taxonomy":"category","embeddable":true,"href":"https:\/\/news-fm.ro\/index.php\/wp-json\/wp\/v2\/categories?post=2391"},{"taxonomy":"post_tag","embeddable":true,"href":"https:\/\/news-fm.ro\/index.php\/wp-json\/wp\/v2\/tags?post=2391"}],"curies":[{"name":"wp","href":"https:\/\/api.w.org\/{rel}","templated":true}]}}