{"id":2388,"date":"2020-04-07T04:36:47","date_gmt":"2020-04-07T04:36:47","guid":{"rendered":"http:\/\/news-fm.ro\/?p=2388"},"modified":"2020-04-07T04:36:50","modified_gmt":"2020-04-07T04:36:50","slug":"basistul-trupei-duran-duran-s-a-vindecat-de-coronavirus-si-a-povestit-cum-a-fost-as-descrie-o-ca-pe-o-gripa-turbo","status":"publish","type":"post","link":"https:\/\/news-fm.ro\/index.php\/2020\/04\/07\/basistul-trupei-duran-duran-s-a-vindecat-de-coronavirus-si-a-povestit-cum-a-fost-as-descrie-o-ca-pe-o-gripa-turbo\/","title":{"rendered":"Basistul trupei Duran Duran s-a vindecat de Coronavirus \u015fi a povestit cum a fost: \u201eA\u015f descrie-o ca pe o grip\u0103 turbo\u201d"},"content":{"rendered":"\n<figure class=\"wp-block-image size-large\"><img decoding=\"async\" src=\"https:\/\/news-fm.ro\/wp-content\/uploads\/2020\/04\/JOHN-TAYLOR-DURAN-DURAN.jpg\" alt=\"\" class=\"wp-image-2389\"\/><\/figure>\n\n\n\n<p class=\"wp-block-paragraph\"><strong>John Taylor<\/strong>, basistul trupei&nbsp;<strong>Duran Duran<\/strong>, a fost testat pozitiv pentru COVID-19 \u00een urm\u0103 cu 3 s\u0103pt\u0103m\u00e2ni. Din fericire, el a reu\u0219it s\u0103 se vindece dup\u0103 doar o s\u0103pt\u0103m\u00e2n\u0103 de lupt\u0103 cu boala.&nbsp;<\/p>\n\n\n\n<p class=\"wp-block-paragraph\">Artistul britanic are 59 de ani, nu suferea de alte boli. De asemenea, el a povestit c\u0103 are impresia c\u0103 a avut noroc \u0219i c\u0103 ar fi f\u0103cut o form\u0103 u\u0219oar\u0103 a bolii, pe care a descris-o ca pe \u201eo grip\u0103 turbo\u201d.&nbsp;<\/p>\n\n\n\n<blockquote class=\"wp-block-quote is-layout-flow wp-block-quote-is-layout-flow\"><p>\u201ePoate c\u0103 sunt un tip de 59 de ani cu o condi\u021bie fizic\u0103 robust, \u00eemi place s\u0103 cred c\u0103 sunt, sau am fost binecuv\u00e2ntat s\u0103 iau o form\u0103 u\u015foar\u0103 de COVID-19, dar dup\u0103 o s\u0103pt\u0103m\u00e2n\u0103 de ceea ce a\u015f descrie ca o \u201eo grip\u0103 turbo\u201d, am sc\u0103pat \u015fi am \u00eenceput s\u0103 m\u0103 simt&nbsp;bine. Trebuie s\u0103 recunosc c\u0103 nu m-a deranjat carantina, pentru c\u0103 am avut \u015fansa s\u0103 m\u0103 recuperez cu adev\u0103rat.\u201d<\/p><\/blockquote>\n\n\n\n<p class=\"wp-block-paragraph\">\u00cens\u0103, Josh a \u021binut s\u0103 vorbeasc\u0103 un pic \u0219i despre panica generat\u0103 de aceast\u0103 pandemie, despre care a spus c\u0103 este justificat\u0103, dar c\u0103 vom ie\u0219i \u00eenving\u0103tori din toat\u0103 treaba asta.&nbsp;&nbsp;<\/p>\n\n\n\n<blockquote class=\"wp-block-quote is-layout-flow wp-block-quote-is-layout-flow\"><p>\u201eVreau s\u0103 vorbesc \u0219i despre frica enorm\u0103&nbsp;generat\u0103 de pandemie, o parte din ea fiind justificat\u0103 pe de-a-ntregul, iar inima mea este al\u0103turi de to\u0163i cei care au avut de-a face cu pierderi reale \u015fi durere. Dar vreau s\u0103 v\u0103 aduc la cuno\u015ftin\u0163\u0103 c\u0103 nu este mereu un virus uciga\u015f \u015fi c\u0103 putem \u015fi vom \u00eenvinge\u201d, a mai transmis Taylor.&nbsp;<\/p><\/blockquote>\n\n\n\n<p class=\"wp-block-paragraph\"><strong><a href=\"https:\/\/www.unsitedemuzica.ro\/stiri\/Basistul-trupei-Duran-Duran-s-a-vindecat-de-Coronavirus-si-a-povestit-cum-a-fost-As-descrie-o-ca-pe-o-gripa-turbo-p9655\">UN SITE DE MUZICA<\/a><\/strong><\/p>\n","protected":false},"excerpt":{"rendered":"<p>John Taylor, basistul trupei&nbsp;Duran Duran, a fost testat pozitiv pentru COVID-19 \u00een urm\u0103 cu 3 s\u0103pt\u0103m\u00e2ni. Din fericire, el a reu\u0219it s\u0103 se vindece dup\u0103 doar o s\u0103pt\u0103m\u00e2n\u0103 de lupt\u0103 cu boala.&nbsp; Artistul britanic are 59 de ani, nu suferea de alte boli. De asemenea, el a povestit c\u0103 are impresia c\u0103 a avut noroc [&hellip;]<\/p>\n","protected":false},"author":1,"featured_media":0,"comment_status":"closed","ping_status":"closed","sticky":false,"template":"","format":"standard","meta":{"_crdt_document":"","footnotes":""},"categories":[2],"tags":[],"class_list":["post-2388","post","type-post","status-publish","format-standard","hentry","category-trupe"],"_links":{"self":[{"href":"https:\/\/news-fm.ro\/index.php\/wp-json\/wp\/v2\/posts\/2388","targetHints":{"allow":["GET"]}}],"collection":[{"href":"https:\/\/news-fm.ro\/index.php\/wp-json\/wp\/v2\/posts"}],"about":[{"href":"https:\/\/news-fm.ro\/index.php\/wp-json\/wp\/v2\/types\/post"}],"author":[{"embeddable":true,"href":"https:\/\/news-fm.ro\/index.php\/wp-json\/wp\/v2\/users\/1"}],"replies":[{"embeddable":true,"href":"https:\/\/news-fm.ro\/index.php\/wp-json\/wp\/v2\/comments?post=2388"}],"version-history":[{"count":0,"href":"https:\/\/news-fm.ro\/index.php\/wp-json\/wp\/v2\/posts\/2388\/revisions"}],"wp:attachment":[{"href":"https:\/\/news-fm.ro\/index.php\/wp-json\/wp\/v2\/media?parent=2388"}],"wp:term":[{"taxonomy":"category","embeddable":true,"href":"https:\/\/news-fm.ro\/index.php\/wp-json\/wp\/v2\/categories?post=2388"},{"taxonomy":"post_tag","embeddable":true,"href":"https:\/\/news-fm.ro\/index.php\/wp-json\/wp\/v2\/tags?post=2388"}],"curies":[{"name":"wp","href":"https:\/\/api.w.org\/{rel}","templated":true}]}}