{"id":2385,"date":"2020-04-07T04:30:05","date_gmt":"2020-04-07T04:30:05","guid":{"rendered":"http:\/\/news-fm.ro\/?p=2385"},"modified":"2020-04-07T04:30:09","modified_gmt":"2020-04-07T04:30:09","slug":"video-alina-eremia-x-nane-brb","status":"publish","type":"post","link":"https:\/\/news-fm.ro\/index.php\/2020\/04\/07\/video-alina-eremia-x-nane-brb\/","title":{"rendered":"Video: Alina Eremia x NANE &#8211; BRB"},"content":{"rendered":"\n<figure class=\"wp-block-image size-large\"><img decoding=\"async\" src=\"https:\/\/news-fm.ro\/wp-content\/uploads\/2020\/04\/alina-eremia2-800x445-1-1024x614.jpg\" alt=\"\" class=\"wp-image-2386\"\/><\/figure>\n\n\n\n<p class=\"wp-block-paragraph\"><strong>Alina Eremia r\u0103m\u00e2ne aproape de fani \u00een aceast\u0103 perioada \u00een care se st\u0103 acas\u0103 \u0219i a lansat o pies\u0103 \u00een colaborare cu Nane. Materialul este disponibil \u00een articol.<\/strong><\/p>\n\n\n\n<p class=\"wp-block-paragraph\">G\u00e2ndit\u0103 ini\u021bial ca o pies\u0103 de club \u0219i distrac\u021bie cu prietenii, ceea ce arat\u0103 \u0219i versurile, noua colaborare&nbsp; Alina Eremia &amp; Nane a fost rapid reg\u00e2ndit\u0103 \u0219i transformat\u0103 \u00eentr-un mare party online adaptat situa\u021biei actuale.<\/p>\n\n\n\n<blockquote class=\"wp-block-quote is-layout-flow wp-block-quote-is-layout-flow\"><p>&#8220;Discutam cu Nane s\u0103 facem o colaborare de acum 2 ani. \u00cen urm\u0103 cu c\u00e2teva luni, am intrat \u00een studio \u0219i piesa&nbsp;<strong>&lt;&lt;BRB&gt;&gt;<\/strong>&nbsp;a ie\u0219it din prima sesiune. A fost vibe-ul potrivit, ne-am completat bine pe partea de songwriting, iar la produc\u021bie, Costi Dominteanu (4You) \u0219i Alex Cotoi au f\u0103cut o treab\u0103 minunat\u0103. A decurs super natural. De atunci circulau ve\u0219tile c\u0103 pandemia se va r\u0103sp\u00e2ndi, a\u0219a c\u0103 am reg\u00e2ndit conceptul de party de club \u0219i am dat cea mai cool petrecere online! \u00cen videoclipul piesei, am recreat atmosfera de club acas\u0103 \u0219i am rugat c\u00e2\u021biva oameni care \u00eemi sunt dragi s\u0103 ni se al\u0103ture, din sufrageria lor. \u00cempreuna cu Alex Mure\u0219an \u0219i Raluca Netca, cu care am colaborat pentru clip, am redat realitatea actual\u0103. A\u0219a c\u0103, eu sper c\u00e2t mai mul\u021bi oameni s\u0103 dea join in \u0219i s\u0103 intre \u00een atmosfera piesei&#8221;, a spus&nbsp;<strong>Alina Eremia<\/strong>.<\/p><\/blockquote>\n\n\n\n<p class=\"wp-block-paragraph\"><strong>&#8220;BRB&#8221;<\/strong>&nbsp;este o invita\u021bie la un party online la care poate participa oricine are un telefon sau un laptop, din propria sufragerie. Fanii sunt invita\u021bi s\u0103 dea join in \u0219i s\u0103 se distreze al\u0103turi de prietenii celor doi: arti\u0219ti, influenceri, vloggeri sau fotografi.<\/p>\n\n\n\n<blockquote class=\"wp-block-quote is-layout-flow wp-block-quote-is-layout-flow\"><p>&#8220;\u00cemi doream foarte mult s\u0103 fac o pies\u0103 cu Alina Eremia \u0219i pe care s\u0103 o lans\u0103m, spun asta pentru c\u0103 \u00een trecut am mai f\u0103cut piese \u00eempreun\u0103 \u00een diverse sesiuni, dar care nu au apucat s\u0103 fie lansate. Erau piese marf\u0103, \u00eens\u0103 cred c\u0103 pe cele pe care le-am f\u0103cut acum sunt \u0219i mai marf\u0103.&nbsp;<strong>&lt;&lt;BRB&gt;&gt;<\/strong>&nbsp;este o pies\u0103 care a ie\u0219it \u00een urma unei sesiuni pe care am avut-o cu Alina \u00een urm\u0103 cu aproximativ dou\u0103 luni. Am lucrat foarte u\u0219or cu ea, m\u0103 sparge ca artist\u0103, \u00eemi place foarte mult timbrul ei, este o fat\u0103 cu care lucrez foarte u\u0219or, o artist\u0103 cu care am chimie, c\u0103ci majoritatea pieselor pe care le-am f\u0103cut \u00eempreun\u0103 au ie\u0219it foarte, foarte repede. Asta \u00eenseamn\u0103 c\u0103 ne plac acelea\u0219i lucruri sau c\u0103 avem acelea\u0219i gusturi muzicale. Ar mai fi de men\u021bionat c\u0103, de fiecare dat\u0103 c\u00e2nd fac sesiuni de writing cu Alina sau doar producing, simt nevoia s\u0103 o atrag mai mult \u00eentr-o zon\u0103 de r&#8217;n&#8217;b dec\u00e2t \u00eentr-o zon\u0103 de pop&#8221;, a declarat&nbsp;<strong>Nane<\/strong>.<\/p><\/blockquote>\n\n\n\n<figure class=\"wp-block-embed-youtube wp-block-embed is-type-video is-provider-youtube wp-embed-aspect-16-9 wp-has-aspect-ratio\"><div class=\"wp-block-embed__wrapper\">\n<iframe title=\"Alina Eremia x NANE - BRB | Official Video\" width=\"1140\" height=\"641\" src=\"https:\/\/www.youtube.com\/embed\/rx_kgQRGIQo?feature=oembed\" frameborder=\"0\" allow=\"accelerometer; autoplay; clipboard-write; encrypted-media; gyroscope; picture-in-picture; web-share\" allowfullscreen><\/iframe>\n<\/div><\/figure>\n\n\n\n<p class=\"wp-block-paragraph\"><strong><a href=\"https:\/\/www.infomusic.ro\/videoclip\/alina-eremia-x-nane-brb\/\">INFO MUSIC<\/a><\/strong><\/p>\n","protected":false},"excerpt":{"rendered":"<p>Alina Eremia r\u0103m\u00e2ne aproape de fani \u00een aceast\u0103 perioada \u00een care se st\u0103 acas\u0103 \u0219i a lansat o pies\u0103 \u00een colaborare cu Nane. Materialul este disponibil \u00een articol. G\u00e2ndit\u0103 ini\u021bial ca o pies\u0103 de club \u0219i distrac\u021bie cu prietenii, ceea ce arat\u0103 \u0219i versurile, noua colaborare&nbsp; Alina Eremia &amp; Nane a fost rapid reg\u00e2ndit\u0103 \u0219i [&hellip;]<\/p>\n","protected":false},"author":1,"featured_media":0,"comment_status":"closed","ping_status":"closed","sticky":false,"template":"","format":"standard","meta":{"_crdt_document":"","footnotes":""},"categories":[4,3],"tags":[],"class_list":["post-2385","post","type-post","status-publish","format-standard","hentry","category-noutati","category-stars"],"_links":{"self":[{"href":"https:\/\/news-fm.ro\/index.php\/wp-json\/wp\/v2\/posts\/2385","targetHints":{"allow":["GET"]}}],"collection":[{"href":"https:\/\/news-fm.ro\/index.php\/wp-json\/wp\/v2\/posts"}],"about":[{"href":"https:\/\/news-fm.ro\/index.php\/wp-json\/wp\/v2\/types\/post"}],"author":[{"embeddable":true,"href":"https:\/\/news-fm.ro\/index.php\/wp-json\/wp\/v2\/users\/1"}],"replies":[{"embeddable":true,"href":"https:\/\/news-fm.ro\/index.php\/wp-json\/wp\/v2\/comments?post=2385"}],"version-history":[{"count":0,"href":"https:\/\/news-fm.ro\/index.php\/wp-json\/wp\/v2\/posts\/2385\/revisions"}],"wp:attachment":[{"href":"https:\/\/news-fm.ro\/index.php\/wp-json\/wp\/v2\/media?parent=2385"}],"wp:term":[{"taxonomy":"category","embeddable":true,"href":"https:\/\/news-fm.ro\/index.php\/wp-json\/wp\/v2\/categories?post=2385"},{"taxonomy":"post_tag","embeddable":true,"href":"https:\/\/news-fm.ro\/index.php\/wp-json\/wp\/v2\/tags?post=2385"}],"curies":[{"name":"wp","href":"https:\/\/api.w.org\/{rel}","templated":true}]}}