{"id":2369,"date":"2020-04-03T05:01:40","date_gmt":"2020-04-03T05:01:40","guid":{"rendered":"http:\/\/news-fm.ro\/?p=2369"},"modified":"2020-04-03T05:01:45","modified_gmt":"2020-04-03T05:01:45","slug":"eurovision-2020-va-fi-inlocuit-cu-show-ul-europe-shine-a-light","status":"publish","type":"post","link":"https:\/\/news-fm.ro\/index.php\/2020\/04\/03\/eurovision-2020-va-fi-inlocuit-cu-show-ul-europe-shine-a-light\/","title":{"rendered":"Eurovision 2020 va fi \u00eenlocuit cu show-ul \u201eEurope Shine a Light\u201c"},"content":{"rendered":"\n<figure class=\"wp-block-image size-large\"><img decoding=\"async\" src=\"https:\/\/news-fm.ro\/wp-content\/uploads\/2019\/01\/Selectia-Nationala-Eurovision-Romania-2016.png\" alt=\"\" class=\"wp-image-1053\"\/><\/figure>\n\n\n\n<p class=\"wp-block-paragraph\"><strong>Organizatorul Eurovision 2020, European Broadcasting Union, a venit cu o\u00a0alternativ\u0103 pentru competi\u021bia\u00a0muzical\u0103,\u00a0anulat\u0103 din cauza pandemiei de coronavirus.\u00a0Concursul din acest an\u00a0va fi \u00eenlocuit de o emisiune de televiziune alternativ\u0103 ce \u00ee\u015fi propune s\u0103 uneasc\u0103 Europa pe fondul pandemiei de coronavirus.<\/strong><\/p>\n\n\n\n<p class=\"wp-block-paragraph\">\u00cen urma deciziei luate de Televiziunea Rom\u00e2n\u0103,\u00a0<strong>Roxen<\/strong>\u00a0va reprezenta Rom\u00e2nia \u00een continuare la edi\u021bia Eurovision 2021, \u00eens\u0103 cu o alt\u0103 pies\u0103.<\/p>\n\n\n\n<p class=\"wp-block-paragraph\"><strong>\u201cEurope Shine a Light\u201d<\/strong>\u00a0va avea misiunea s\u0103 uneasc\u0103 Europa \u00een vreme de pandemie \u0219i se va difuza pe 16 mai,\u00a0la data planificat\u0103 ini\u0163ial pentru marea final\u0103 Eurovision \u0219i nu va avea public.<\/p>\n\n\n\n<p class=\"wp-block-paragraph\">\u201e\u00cencuraj\u0103m toate posturile care trebuiau s\u0103 participe la Concursul Eurovision de anul acesta \u015fi membrii EBU din alte \u0163\u0103ri s\u0103 transmit\u0103 acest spectacol \u00een spiritul unit\u0103\u0163ii \u015fi al comuniunii\u201c, a transmis Jon Ola Sand, directorul competi\u0163iei muzicale. \u00a0<\/p>\n\n\n\n<p class=\"wp-block-paragraph\">Organizatorii au subliniat c\u0103 acest program alternativ ar trebui s\u0103 prezinte de asemenea \u00een detaliu criza generat\u0103 de coronavirus. \u00a0<\/p>\n\n\n\n<p class=\"wp-block-paragraph\">Cei 41 de interpre\u0163i &#8211; 40 din Europa \u015fi unul din Australia &#8211; care trebuiau s\u0103 urce pe scena din ora\u015ful port olandez, ar urma s\u0103 c\u00e2nte un hit anterior de la Eurovision \u00een cadrul emisiunii alternative de televiziune, fiecare \u00een propria \u0163ar\u0103. De asemenea, va fi prezentat un fragment din contribu\u0163ia ini\u0163ial\u0103 la competi\u0163ie. &nbsp;<\/p>\n\n\n\n<p class=\"wp-block-paragraph\">Potrivit EBU, emisiunea TV va fi g\u0103zduit\u0103 de cei trei prezentatori olandezi care ar fi condus \u015fi show-ul live:\u00a0Edsilia Rombley, Chantal Janzen \u015fi Jan Smit FOTO eurovision.tv.<\/p>\n\n\n\n<figure class=\"wp-block-embed-youtube wp-block-embed is-type-video is-provider-youtube wp-embed-aspect-4-3 wp-has-aspect-ratio\"><div class=\"wp-block-embed__wrapper\">\n<iframe title=\"Love Shine a Light - Katrina and The Waves\" width=\"1140\" height=\"855\" src=\"https:\/\/www.youtube.com\/embed\/NnoikRec67k?feature=oembed\" frameborder=\"0\" allow=\"accelerometer; autoplay; clipboard-write; encrypted-media; gyroscope; picture-in-picture; web-share\" allowfullscreen><\/iframe>\n<\/div><\/figure>\n\n\n\n<p class=\"wp-block-paragraph\"><strong><a href=\"https:\/\/www.unsitedemuzica.ro\/stiri\/Eurovision-2020-va-fi-inlocuit-cu-show-ul-Europe-Shine-a-Light-p9638\">UN SITE DE MUZICA<\/a><\/strong><\/p>\n","protected":false},"excerpt":{"rendered":"<p>Organizatorul Eurovision 2020, European Broadcasting Union, a venit cu o\u00a0alternativ\u0103 pentru competi\u021bia\u00a0muzical\u0103,\u00a0anulat\u0103 din cauza pandemiei de coronavirus.\u00a0Concursul din acest an\u00a0va fi \u00eenlocuit de o emisiune de televiziune alternativ\u0103 ce \u00ee\u015fi propune s\u0103 uneasc\u0103 Europa pe fondul pandemiei de coronavirus. \u00cen urma deciziei luate de Televiziunea Rom\u00e2n\u0103,\u00a0Roxen\u00a0va reprezenta Rom\u00e2nia \u00een continuare la edi\u021bia Eurovision 2021, \u00eens\u0103 [&hellip;]<\/p>\n","protected":false},"author":1,"featured_media":0,"comment_status":"closed","ping_status":"closed","sticky":false,"template":"","format":"standard","meta":{"_crdt_document":"","footnotes":""},"categories":[4],"tags":[],"class_list":["post-2369","post","type-post","status-publish","format-standard","hentry","category-noutati"],"_links":{"self":[{"href":"https:\/\/news-fm.ro\/index.php\/wp-json\/wp\/v2\/posts\/2369","targetHints":{"allow":["GET"]}}],"collection":[{"href":"https:\/\/news-fm.ro\/index.php\/wp-json\/wp\/v2\/posts"}],"about":[{"href":"https:\/\/news-fm.ro\/index.php\/wp-json\/wp\/v2\/types\/post"}],"author":[{"embeddable":true,"href":"https:\/\/news-fm.ro\/index.php\/wp-json\/wp\/v2\/users\/1"}],"replies":[{"embeddable":true,"href":"https:\/\/news-fm.ro\/index.php\/wp-json\/wp\/v2\/comments?post=2369"}],"version-history":[{"count":0,"href":"https:\/\/news-fm.ro\/index.php\/wp-json\/wp\/v2\/posts\/2369\/revisions"}],"wp:attachment":[{"href":"https:\/\/news-fm.ro\/index.php\/wp-json\/wp\/v2\/media?parent=2369"}],"wp:term":[{"taxonomy":"category","embeddable":true,"href":"https:\/\/news-fm.ro\/index.php\/wp-json\/wp\/v2\/categories?post=2369"},{"taxonomy":"post_tag","embeddable":true,"href":"https:\/\/news-fm.ro\/index.php\/wp-json\/wp\/v2\/tags?post=2369"}],"curies":[{"name":"wp","href":"https:\/\/api.w.org\/{rel}","templated":true}]}}