{"id":2338,"date":"2020-04-01T04:59:42","date_gmt":"2020-04-01T04:59:42","guid":{"rendered":"http:\/\/news-fm.ro\/?p=2338"},"modified":"2020-04-01T04:59:45","modified_gmt":"2020-04-01T04:59:45","slug":"povestea-trupei-vunk-intr-un-documentar-inedit-disponibil-pe-youtube-o-singura-data","status":"publish","type":"post","link":"https:\/\/news-fm.ro\/index.php\/2020\/04\/01\/povestea-trupei-vunk-intr-un-documentar-inedit-disponibil-pe-youtube-o-singura-data\/","title":{"rendered":"Povestea trupei VUNK, \u00eentr-un documentar inedit, disponibil pe YouTube o singur\u0103 dat\u0103"},"content":{"rendered":"\n<figure class=\"wp-block-image size-large\"><img decoding=\"async\" src=\"https:\/\/news-fm.ro\/wp-content\/uploads\/2020\/03\/VUNK.jpg\" alt=\"\" class=\"wp-image-2289\"\/><\/figure>\n\n\n\n<p class=\"wp-block-paragraph\"><strong>VUNK vine cu o activitate pl\u0103cut\u0103 pentru fani \u00een perioada izol\u0103rii \u0219i ofer\u0103 spre vizionare\u00a0pe YouTube documentarul &#8220;Jur s\u0103 spun adevarul&#8221;, lansat \u00een 2019, \u00een cadrul evenimentului TIFF (Festivalul Interna\u021bional de Film din Transilvania).<\/strong><\/p>\n\n\n\n<h4 class=\"wp-block-heading\"><strong>&#8220;Jur s\u0103 spun adev\u0103rul&#8221;, pe 1 aprilie, la ora 19:00<\/strong><br><\/h4>\n\n\n\n<p class=\"wp-block-paragraph\"><strong>&#8220;Jur s\u0103 spun adev\u0103rul&#8221;<\/strong>\u00a0va putea fi vizionat pe\u00a0<strong>1 aprilie<\/strong>,\u00a0<strong>ora 19:00<\/strong>\u00a0pe\u00a0<strong>YouTube<\/strong>. Membrii forma\u021biei\u00a0vor urm\u0103ri\u00a0filmul al\u0103turi de fani \u0219i vor r\u0103spunde\u00a0\u00een timp real la comentariilor de pe chat.\u00a0\u00a0<br>\u00a0<br>Cele mai interesante momente tr\u0103ite de membrii trupei VUNK sunt a\u0219ternute \u00eentr-un documentar extrem de emo\u021bionant, realizat cu ajutorul fanilor \u0219i a pove\u0219tilor personale. Toate perioadele carierei, \u00eencep\u00e2nd cu binecunoscuta\u00a0<strong>&#8220;C\u00e2ntare a Rom\u00e2niei&#8221;<\/strong>, din 1988, au fost \u00eempletite cu momentele importante din evolu\u021bia trupei, subliniind c\u00e2t se poate de frumos prietenia, \u00eencrederea \u0219i suportul \u00een orice \u00eemprejurare.<\/p>\n\n\n\n<h4 class=\"wp-block-heading\"><strong>Un documentar cu lec\u021bii de via\u021b\u0103&nbsp;<\/strong><\/h4>\n\n\n\n<p class=\"wp-block-paragraph\"><br><strong>&#8220;Jur s\u0103 spun adev\u0103rul&#8221;<\/strong>\u00a0pune accent pe visele care trebuie urmate p\u00e2n\u0103 la cap\u0103t, indiferent de obstacole, care, \u00een final, se dovedesc a fi lec\u021bii de via\u021b\u0103 de care trebuie s\u0103 \u021binem cont. S\u0103 fii autentic \u0219i s\u0103 ascul\u021bi glasul inimii, f\u0103r\u0103 a te las\u0103 cople\u0219it de judeca\u021bi \u0219i p\u0103reri str\u0103ine.<br>\u00a0<br><strong>Documentarul va fi disponibil doar \u00een timpul live-ului, ulterior fiind scos de pe YouTube\u0219i va putea fi accesat aici:<\/strong><\/p>\n\n\n\n<figure class=\"wp-block-embed-youtube wp-block-embed is-type-video is-provider-youtube wp-embed-aspect-16-9 wp-has-aspect-ratio\"><div class=\"wp-block-embed__wrapper\">\n<iframe title=\"Jur sa spun adevarul | Documentarul VUNK\" width=\"1140\" height=\"641\" src=\"https:\/\/www.youtube.com\/embed\/tNVPcoAGCfA?feature=oembed\" frameborder=\"0\" allow=\"accelerometer; autoplay; clipboard-write; encrypted-media; gyroscope; picture-in-picture; web-share\" allowfullscreen><\/iframe>\n<\/div><\/figure>\n\n\n\n<p class=\"wp-block-paragraph\"><strong><a href=\"https:\/\/www.unsitedemuzica.ro\/stiri\/Povestea-trupei-VUNK-intr-un-documentar-inedit-disponibil-pe-YouTube-o-singura-data-p9615\">UN SITE DE MUZICA<\/a><\/strong><\/p>\n","protected":false},"excerpt":{"rendered":"<p>VUNK vine cu o activitate pl\u0103cut\u0103 pentru fani \u00een perioada izol\u0103rii \u0219i ofer\u0103 spre vizionare\u00a0pe YouTube documentarul &#8220;Jur s\u0103 spun adevarul&#8221;, lansat \u00een 2019, \u00een cadrul evenimentului TIFF (Festivalul Interna\u021bional de Film din Transilvania). &#8220;Jur s\u0103 spun adev\u0103rul&#8221;, pe 1 aprilie, la ora 19:00 &#8220;Jur s\u0103 spun adev\u0103rul&#8221;\u00a0va putea fi vizionat pe\u00a01 aprilie,\u00a0ora 19:00\u00a0pe\u00a0YouTube. Membrii [&hellip;]<\/p>\n","protected":false},"author":1,"featured_media":0,"comment_status":"closed","ping_status":"closed","sticky":false,"template":"","format":"standard","meta":{"_crdt_document":"","footnotes":""},"categories":[4,2],"tags":[],"class_list":["post-2338","post","type-post","status-publish","format-standard","hentry","category-noutati","category-trupe"],"_links":{"self":[{"href":"https:\/\/news-fm.ro\/index.php\/wp-json\/wp\/v2\/posts\/2338","targetHints":{"allow":["GET"]}}],"collection":[{"href":"https:\/\/news-fm.ro\/index.php\/wp-json\/wp\/v2\/posts"}],"about":[{"href":"https:\/\/news-fm.ro\/index.php\/wp-json\/wp\/v2\/types\/post"}],"author":[{"embeddable":true,"href":"https:\/\/news-fm.ro\/index.php\/wp-json\/wp\/v2\/users\/1"}],"replies":[{"embeddable":true,"href":"https:\/\/news-fm.ro\/index.php\/wp-json\/wp\/v2\/comments?post=2338"}],"version-history":[{"count":0,"href":"https:\/\/news-fm.ro\/index.php\/wp-json\/wp\/v2\/posts\/2338\/revisions"}],"wp:attachment":[{"href":"https:\/\/news-fm.ro\/index.php\/wp-json\/wp\/v2\/media?parent=2338"}],"wp:term":[{"taxonomy":"category","embeddable":true,"href":"https:\/\/news-fm.ro\/index.php\/wp-json\/wp\/v2\/categories?post=2338"},{"taxonomy":"post_tag","embeddable":true,"href":"https:\/\/news-fm.ro\/index.php\/wp-json\/wp\/v2\/tags?post=2338"}],"curies":[{"name":"wp","href":"https:\/\/api.w.org\/{rel}","templated":true}]}}