{"id":2336,"date":"2020-04-01T04:53:08","date_gmt":"2020-04-01T04:53:08","guid":{"rendered":"http:\/\/news-fm.ro\/?p=2336"},"modified":"2020-04-01T04:53:11","modified_gmt":"2020-04-01T04:53:11","slug":"audio-onerepublic-a-lansat-better-days-cantec-scris-si-inregistrat-in-carantina","status":"publish","type":"post","link":"https:\/\/news-fm.ro\/index.php\/2020\/04\/01\/audio-onerepublic-a-lansat-better-days-cantec-scris-si-inregistrat-in-carantina\/","title":{"rendered":"AUDIO: OneRepublic a lansat \u201cBetter Days\u201d, c\u00e2ntec scris \u015fi \u00eenregistrat \u00een carantin\u0103"},"content":{"rendered":"\n<figure class=\"wp-block-image size-large\"><img fetchpriority=\"high\" decoding=\"async\" width=\"500\" height=\"500\" src=\"https:\/\/news-fm.ro\/wp-content\/uploads\/2020\/03\/onerepublic.jpg\" alt=\"\" class=\"wp-image-2125\" srcset=\"https:\/\/news-fm.ro\/wp-content\/uploads\/2020\/03\/onerepublic.jpg 500w, https:\/\/news-fm.ro\/wp-content\/uploads\/2020\/03\/onerepublic-300x300.jpg 300w, https:\/\/news-fm.ro\/wp-content\/uploads\/2020\/03\/onerepublic-150x150.jpg 150w, https:\/\/news-fm.ro\/wp-content\/uploads\/2020\/03\/onerepublic-350x350.jpg 350w\" sizes=\"(max-width: 500px) 100vw, 500px\" \/><\/figure>\n\n\n\n<p class=\"wp-block-paragraph\">Grupul american&nbsp;<strong>OneRepublic<\/strong>&nbsp;a lansat c\u00e2ntecul&nbsp;<strong>Better Days<\/strong>, scris \u015fi \u00eenregistrat \u00een carantin\u0103.<\/p>\n\n\n\n<p class=\"wp-block-paragraph\">O parte a veniturilor ob\u0163inute din acces\u0103rile online din lunile urm\u0103toare vor fi donate Fondului MusiCares, prin care va fi sprijinit\u0103 comunitatea muzical\u0103 afectat\u0103 de noul coronavirus.<\/p>\n\n\n\n<p class=\"wp-block-paragraph\">Solistul&nbsp;<strong>Ryan Tedder<\/strong>&nbsp;a m\u0103rturisit c\u0103, \u00een ultima s\u0103pt\u0103m\u00e2n\u0103 de \u00eenregistr\u0103ri pentru al cincilea album al grupului, Organiza\u0163ia Mondial\u0103 a S\u0103n\u0103t\u0103\u0163ii a declarat pandemie.<\/p>\n\n\n\n<p class=\"wp-block-paragraph\">Melodia Better Days va fi inclus\u0103 discul&nbsp;<strong>Human<\/strong>.<\/p>\n\n\n\n<p class=\"wp-block-paragraph\">Trupa \u00ee\u015fi \u00eendeamn\u0103 fanii s\u0103 colaboreze la realizarea unui videoclip, cu montaje video realizate acas\u0103, care vor fi adunate apoi prin aplica\u0163ia\u00a0<strong>Cinebody<\/strong>.<\/p>\n\n\n\n<figure class=\"wp-block-embed-youtube wp-block-embed is-type-video is-provider-youtube wp-embed-aspect-16-9 wp-has-aspect-ratio\"><div class=\"wp-block-embed__wrapper\">\n<iframe title=\"OneRepublic - Better Days (Audio)\" width=\"1140\" height=\"641\" src=\"https:\/\/www.youtube.com\/embed\/YOrMAW4pKuA?feature=oembed\" frameborder=\"0\" allow=\"accelerometer; autoplay; clipboard-write; encrypted-media; gyroscope; picture-in-picture; web-share\" allowfullscreen><\/iframe>\n<\/div><\/figure>\n\n\n\n<p class=\"wp-block-paragraph\"><strong><a href=\"https:\/\/www.europafm.ro\/onerepublic-a-lansat-better-days-cantec-scris-si-inregistrat-in-carantina-audio\/\">EUROPA FM<\/a><\/strong><\/p>\n","protected":false},"excerpt":{"rendered":"<p>Grupul american&nbsp;OneRepublic&nbsp;a lansat c\u00e2ntecul&nbsp;Better Days, scris \u015fi \u00eenregistrat \u00een carantin\u0103. O parte a veniturilor ob\u0163inute din acces\u0103rile online din lunile urm\u0103toare vor fi donate Fondului MusiCares, prin care va fi sprijinit\u0103 comunitatea muzical\u0103 afectat\u0103 de noul coronavirus. Solistul&nbsp;Ryan Tedder&nbsp;a m\u0103rturisit c\u0103, \u00een ultima s\u0103pt\u0103m\u00e2n\u0103 de \u00eenregistr\u0103ri pentru al cincilea album al grupului, Organiza\u0163ia Mondial\u0103 a [&hellip;]<\/p>\n","protected":false},"author":1,"featured_media":2125,"comment_status":"closed","ping_status":"closed","sticky":false,"template":"","format":"standard","meta":{"_crdt_document":"","footnotes":""},"categories":[4,2],"tags":[],"class_list":["post-2336","post","type-post","status-publish","format-standard","has-post-thumbnail","hentry","category-noutati","category-trupe"],"_links":{"self":[{"href":"https:\/\/news-fm.ro\/index.php\/wp-json\/wp\/v2\/posts\/2336","targetHints":{"allow":["GET"]}}],"collection":[{"href":"https:\/\/news-fm.ro\/index.php\/wp-json\/wp\/v2\/posts"}],"about":[{"href":"https:\/\/news-fm.ro\/index.php\/wp-json\/wp\/v2\/types\/post"}],"author":[{"embeddable":true,"href":"https:\/\/news-fm.ro\/index.php\/wp-json\/wp\/v2\/users\/1"}],"replies":[{"embeddable":true,"href":"https:\/\/news-fm.ro\/index.php\/wp-json\/wp\/v2\/comments?post=2336"}],"version-history":[{"count":0,"href":"https:\/\/news-fm.ro\/index.php\/wp-json\/wp\/v2\/posts\/2336\/revisions"}],"wp:featuredmedia":[{"embeddable":true,"href":"https:\/\/news-fm.ro\/index.php\/wp-json\/wp\/v2\/media\/2125"}],"wp:attachment":[{"href":"https:\/\/news-fm.ro\/index.php\/wp-json\/wp\/v2\/media?parent=2336"}],"wp:term":[{"taxonomy":"category","embeddable":true,"href":"https:\/\/news-fm.ro\/index.php\/wp-json\/wp\/v2\/categories?post=2336"},{"taxonomy":"post_tag","embeddable":true,"href":"https:\/\/news-fm.ro\/index.php\/wp-json\/wp\/v2\/tags?post=2336"}],"curies":[{"name":"wp","href":"https:\/\/api.w.org\/{rel}","templated":true}]}}