{"id":2332,"date":"2020-04-01T04:30:46","date_gmt":"2020-04-01T04:30:46","guid":{"rendered":"http:\/\/news-fm.ro\/?p=2332"},"modified":"2020-04-01T04:32:10","modified_gmt":"2020-04-01T04:32:10","slug":"ariana-grande-aproape-de-nerecunoscut-cu-parul-ei-natural","status":"publish","type":"post","link":"https:\/\/news-fm.ro\/index.php\/2020\/04\/01\/ariana-grande-aproape-de-nerecunoscut-cu-parul-ei-natural\/","title":{"rendered":"Ariana Grande, aproape de nerecunoscut cu p\u0103rul ei natural"},"content":{"rendered":"\n<figure class=\"wp-block-image size-large\"><img decoding=\"async\" src=\"https:\/\/news-fm.ro\/wp-content\/uploads\/2019\/01\/rs_1024x759-180927184903-1024-ariana-grande1-1024x759.jpg\" alt=\"\" class=\"wp-image-1017\"\/><\/figure>\n\n\n\n<p class=\"wp-block-paragraph\">De mai bine de \u0219ase ani, Ariana Grande \u0219i-a obi\u0219nuit fanii cu look-ul care a devenit semn\u0103tura ei \u00een materie de stil, \u0219i anume &#8220;coada de cal&#8221;.<\/p>\n\n\n\n<p class=\"wp-block-paragraph\">Este oare acum starul gata de o schimbare de look: artista \u00een v\u00e2rst\u0103 de 26 de ani \u0219i-a dezv\u0103luit buclele naturale, \u00eentr-un selfie pe Instagram. Iar fanii au r\u0103spl\u0103tit-o cu peste 5 milioane de inimi pe re\u021beaua de socializare.&nbsp;<\/p>\n\n\n\n<p class=\"wp-block-paragraph\">\u00cenainte de a deveni unul dintre cele mai cunoscute staruri de pe planet\u0103 \u0219i s\u0103-\u0219i creeze un look iconic, \u00eentre&nbsp;2010 \u0219i 2013 ea a ap\u0103rut \u00een seria Victorious de la Nickelodeon, care tocmai a celebrat 10 ani. Personajul ei Cat avea p\u0103rul ro\u0219u, motiv pentru care artista trebuia s\u0103-l vopseasc\u0103 des.<\/p>\n\n\n\n<p class=\"wp-block-paragraph\">\u00centr-o postare pe Facebook din 2014, artista explica:&nbsp; &#8220;A trebuit s\u0103-mi deschid p\u0103rul, apoi s\u0103-l vopsesc ro\u0219u \u00een fiecare s\u0103pt\u0103m\u00e2n\u0103 timp de patru ani c\u00e2t am jucat personajul Cat&#8230; iar astfel l-am distrus&#8221;.<\/p>\n\n\n\n<p class=\"wp-block-paragraph\">&#8220;P\u0103rul meu natural este \u0219aten, am extensii \u0219i \u00eel port mereu \u00eentr-o coad\u0103 \u00eenalt\u0103 pentru c\u0103 este at\u00e2t de distrus&#8221;.<\/p>\n\n\n\n<p class=\"wp-block-paragraph\">\u00cen 2018, p\u0103rul ei \u0219i-a revenit, dar Ariana a r\u0103mas tot coafura ei celebr\u0103, pentru c\u0103 s-a obi\u0219nuit prea mult cu acest look.&nbsp;<\/p>\n\n\n\n<p class=\"wp-block-paragraph\">&#8220;E ca si cum un \u00eenger de la Victoria Secret nu ar mai purta aripile&#8221;, a spus ea pentru Fader.<\/p>\n\n\n\n<p class=\"wp-block-paragraph\">Camila Cabello a \u00eencercat \u0219i ea look-ul emblematic al Arianei \u00een 2018 \u0219i i-a scris pe Twitter:&nbsp; &#8220;Tocmai mi-am f\u0103cut o coad\u0103 &#8216;ponytail&#8217; pentru prima oar\u0103 \u0219i efectiv simt c\u0103 \u00eemi smulge creierul. E at\u00e2t de dureoras\u0103. Cum reu\u0219e\u0219ti Ariana Grande?&#8221;.<\/p>\n\n\n\n<p class=\"wp-block-paragraph\">Vedeta i-a r\u0103spuns: &#8220;P\u0103i tu chiar ai p\u0103r \u0219i atunci probabil de asta sim\u021bi durerea &#8230;..&#8221;.<\/p>\n\n\n\n<p class=\"wp-block-paragraph\"><strong><a href=\"https:\/\/www.profm.ro\/stiri\/lifestyle\/moda\/fanii-o-vad-rar-astfel-ariana-grande-de-nerecunoscut-cu-parul-ei-natural-de-ce-l-poarta-mereu-prins-intr-o-coada-inalta-102391\">PRO FM<\/a><\/strong><\/p>\n","protected":false},"excerpt":{"rendered":"<p>De mai bine de \u0219ase ani, Ariana Grande \u0219i-a obi\u0219nuit fanii cu look-ul care a devenit semn\u0103tura ei \u00een materie de stil, \u0219i anume &#8220;coada de cal&#8221;. Este oare acum starul gata de o schimbare de look: artista \u00een v\u00e2rst\u0103 de 26 de ani \u0219i-a dezv\u0103luit buclele naturale, \u00eentr-un selfie pe Instagram. Iar fanii au [&hellip;]<\/p>\n","protected":false},"author":1,"featured_media":0,"comment_status":"closed","ping_status":"closed","sticky":false,"template":"","format":"standard","meta":{"_crdt_document":"","footnotes":""},"categories":[3],"tags":[],"class_list":["post-2332","post","type-post","status-publish","format-standard","hentry","category-stars"],"_links":{"self":[{"href":"https:\/\/news-fm.ro\/index.php\/wp-json\/wp\/v2\/posts\/2332","targetHints":{"allow":["GET"]}}],"collection":[{"href":"https:\/\/news-fm.ro\/index.php\/wp-json\/wp\/v2\/posts"}],"about":[{"href":"https:\/\/news-fm.ro\/index.php\/wp-json\/wp\/v2\/types\/post"}],"author":[{"embeddable":true,"href":"https:\/\/news-fm.ro\/index.php\/wp-json\/wp\/v2\/users\/1"}],"replies":[{"embeddable":true,"href":"https:\/\/news-fm.ro\/index.php\/wp-json\/wp\/v2\/comments?post=2332"}],"version-history":[{"count":0,"href":"https:\/\/news-fm.ro\/index.php\/wp-json\/wp\/v2\/posts\/2332\/revisions"}],"wp:attachment":[{"href":"https:\/\/news-fm.ro\/index.php\/wp-json\/wp\/v2\/media?parent=2332"}],"wp:term":[{"taxonomy":"category","embeddable":true,"href":"https:\/\/news-fm.ro\/index.php\/wp-json\/wp\/v2\/categories?post=2332"},{"taxonomy":"post_tag","embeddable":true,"href":"https:\/\/news-fm.ro\/index.php\/wp-json\/wp\/v2\/tags?post=2332"}],"curies":[{"name":"wp","href":"https:\/\/api.w.org\/{rel}","templated":true}]}}