{"id":2330,"date":"2020-04-01T04:21:48","date_gmt":"2020-04-01T04:21:48","guid":{"rendered":"http:\/\/news-fm.ro\/?p=2330"},"modified":"2020-04-01T04:21:51","modified_gmt":"2020-04-01T04:21:51","slug":"roxen-ramane-reprezentanta-romaniei-la-eurovision-2021","status":"publish","type":"post","link":"https:\/\/news-fm.ro\/index.php\/2020\/04\/01\/roxen-ramane-reprezentanta-romaniei-la-eurovision-2021\/","title":{"rendered":"Roxen r\u0103m\u00e2ne reprezentanta Rom\u00e2niei la Eurovision 2021"},"content":{"rendered":"\n<figure class=\"wp-block-image size-large\"><img fetchpriority=\"high\" decoding=\"async\" width=\"700\" height=\"700\" src=\"https:\/\/news-fm.ro\/wp-content\/uploads\/2020\/03\/Roxen-eurovision-2020-piesa-alcohol-you-1.jpg\" alt=\"\" class=\"wp-image-2173\" srcset=\"https:\/\/news-fm.ro\/wp-content\/uploads\/2020\/03\/Roxen-eurovision-2020-piesa-alcohol-you-1.jpg 700w, https:\/\/news-fm.ro\/wp-content\/uploads\/2020\/03\/Roxen-eurovision-2020-piesa-alcohol-you-1-300x300.jpg 300w, https:\/\/news-fm.ro\/wp-content\/uploads\/2020\/03\/Roxen-eurovision-2020-piesa-alcohol-you-1-150x150.jpg 150w, https:\/\/news-fm.ro\/wp-content\/uploads\/2020\/03\/Roxen-eurovision-2020-piesa-alcohol-you-1-500x500.jpg 500w, https:\/\/news-fm.ro\/wp-content\/uploads\/2020\/03\/Roxen-eurovision-2020-piesa-alcohol-you-1-350x350.jpg 350w, https:\/\/news-fm.ro\/wp-content\/uploads\/2020\/03\/Roxen-eurovision-2020-piesa-alcohol-you-1-600x600.jpg 600w\" sizes=\"(max-width: 700px) 100vw, 700px\" \/><\/figure>\n\n\n\n<p class=\"wp-block-paragraph\"><strong>Pornind de la prevederile Regulamentului Eurovision Song Contest cu privire la selec\u021biile na\u021bionale \u0219i \u00een acord cu partenerul s\u0103u Global Records, Televiziunea Rom\u00e2n\u0103 a decis s\u0103 o sus\u021bin\u0103 pe Roxen ca reprezentant\u0103 a Rom\u00e2niei la edi\u021bia din 2021 a Eurovision Song Contest.<\/strong><\/p>\n\n\n\n<p class=\"wp-block-paragraph\">\u00cen conformitate cu clarific\u0103rile aduse de c\u0103tre organizatori, \u021b\u0103rile participante la concurs au libertatea de a p\u0103stra reprezentantul desemnat pentru edi\u021bia din acest an sau pot alege un alt artist. Prevederile Regulamentului cu privire la melodia interpretat\u0103 r\u0103m\u00e2n \u00eens\u0103 acelea\u0219i, astfel \u00eenc\u00e2t respectiva melodie va trebui s\u0103 fie lansat\u0103 public dup\u0103 data de 1 septembrie 2020.<\/p>\n\n\n\n<blockquote class=\"wp-block-quote is-layout-flow wp-block-quote-is-layout-flow\"><p>&#8220;Televiziunea Rom\u00e2n\u0103 a a\u0219teptat confirmarea oficial\u0103 din partea organizatorilor cu privire la posibilitatea particip\u0103rii interpre\u021bilor selecta\u021bi pentru edi\u021bia din acest an, a discutat cu partenerul Global Records \u0219i a decis ca Roxen s\u0103 r\u0103m\u00e2n\u0103 reprezentanta Rom\u00e2niei la acest prestigios concurs pentru edi\u021bia din 2021.&nbsp; \u00cen aceste momente complexe, ne bucur\u0103m s\u0103 putem valoriza astfel investi\u021biile de resurse \u00een organizarea Selec\u021biei Na\u021bionale 2020 \u0219i s\u0103 respect\u0103m, totodat\u0103, votul de \u00eencredere acordat deja lui Roxen. Tr\u0103im ast\u0103zi o alt\u0103 form\u0103 de normalitate, a\u0219a c\u0103 Eurovision se va rea\u0219eza \u00een inimile noastre cu alt\u0103 for\u021b\u0103 la edi\u021bia viitoare. Am certitudinea c\u0103 Roxen poate impresiona Europa prin atitudine, voce \u0219i prezen\u021b\u0103, chiar dac\u0103 piesa selectat\u0103 nu a avut ocazia s\u0103 o fac\u0103. Vom g\u0103si alt c\u00e2ntec pe care s\u0103 \u00eel iubim sau nu, dar pe care s\u0103 nu \u00eel poat\u0103 ignora nici un ascult\u0103tor de muzic\u0103 bun\u0103!&#8221;, a precizat&nbsp;<strong>Liana Stanciu,&nbsp;<\/strong><strong>\u0219ef al delega\u021biei Rom\u00e2niei la Eurovision Song Contest.<\/strong><\/p><\/blockquote>\n\n\n\n<p class=\"wp-block-paragraph\">Aceast\u0103 veste a bucurat-o \u0219i pe&nbsp;<strong>Roxen<\/strong>:<\/p>\n\n\n\n<blockquote class=\"wp-block-quote is-layout-flow wp-block-quote-is-layout-flow\"><p>&#8220;Am primit cu bucurie \u0219i cu emo\u021bie aceast\u0103 veste \u0219i vreau s\u0103 le mul\u021bumesc tuturor pentru \u00eencredere. \u0218tiu deja c\u00e2t\u0103 dedicare \u0219i c\u00e2t\u0103 munc\u0103 implic\u0103 acest proiect, a\u0219a c\u0103 sunt preg\u0103tit\u0103 s\u0103-mi reiau programul pentru a reprezenta c\u00e2t mai bine Rom\u00e2nia la Eurovision 2021. \u00cemi pare r\u0103u c\u0103 regulamentul nu-mi va permite s\u0103 c\u00e2nt &lt;&lt;Alcohol You&gt;&gt;, o pies\u0103 la care \u021bin foarte tare, pe care \u00eens\u0103 o voi c\u00e2nta ori de c\u00e2te ori voi avea ocazia. Abia a\u0219tept s\u0103 ne \u00eentoarcem la treab\u0103 \u0219i s\u0103 producem cea mai bun\u0103 melodie pentru Eurovision 2021!&#8221;<\/p><\/blockquote>\n\n\n\n<p class=\"wp-block-paragraph\">La ora actual\u0103,&nbsp;<strong>organizatorii Eurovision Song Contest &#8211; EBU, NPO, NOS, AVROTROS \u0219i ora\u0219ul Rotterdam<\/strong>&nbsp;men\u021bin dialogul cu privire la posibilitatea g\u0103zduirii concursului din 2021. De asemenea, continu\u0103 discu\u021biile cu privire lansarea unui CD oficial, care s\u0103 includ\u0103 toate piesele selectate pentru edi\u021bia din 2020.<\/p>\n\n\n\n<p class=\"wp-block-paragraph\"><strong>Eurovision Song Contest 2020<\/strong>&nbsp;urma s\u0103 aib\u0103 loc la Rotterdam, sub sloganul &#8220;Open Up&#8221;, cu semifinalele pe 12 \u015fi 14 mai \u015fi finala pe 16 mai. La edi\u0163ia cu num\u0103rul 65 a concursului, urmau s\u0103 participe &#8211; al\u0103turi de Rom\u00e2nia &#8211; alte 40 de \u021b\u0103ri.<\/p>\n\n\n\n<p class=\"wp-block-paragraph\"><strong>Edi\u021bia din acest an a Eurovision Song Contest a fost anulat\u0103 de c\u0103tre organizatori, conform anun\u021bului f\u0103cut de ace\u0219tia \u00een data de 18 martie, \u00een contextul pandemiei de coronavirus.<\/strong><\/p>\n\n\n\n<p class=\"wp-block-paragraph\">\u00cen cadrul Selec\u021biei Na\u021bionale din acest an, piesa cu care\u00a0Roxen\u00a0a fost desemnat\u0103 s\u0103 reprezinte Rom\u00e2nia la ESC2020 cu piesa a fost\u00a0&#8220;Alcohol You&#8221;, de a c\u0103rei produc\u0163ie s-a ocupat Viky Red, muzica fiind semnat\u0103 de acesta al\u0103turi de Ionu\u0163 Armas iar textul a fost scris de Ionu\u0163 Armas \u015fi Breyan Isaac.<\/p>\n\n\n\n<p class=\"wp-block-paragraph\">Decizia a fost luat\u0103 \u00een propor\u0163ie egal\u0103 de public \u015fi de juriul de specialitate, \u00een cadrul spectacolului\u00a0Finalei Na\u0163ionale\u00a0organizat\u0103 de Televiziunea Rom\u00e2n\u0103 pe 1 martie 2020, la Sala Sporturilor &#8220;Romeo Iamandi&#8221; din Buz\u0103u.<\/p>\n\n\n\n<p class=\"wp-block-paragraph\"><strong><a href=\"https:\/\/www.infomusic.ro\/2020\/03\/roxen-ramane-reprezentanta-romaniei-la-eurovision-2021\/\">INFO MUSIC<\/a><\/strong><\/p>\n","protected":false},"excerpt":{"rendered":"<p>Pornind de la prevederile Regulamentului Eurovision Song Contest cu privire la selec\u021biile na\u021bionale \u0219i \u00een acord cu partenerul s\u0103u Global Records, Televiziunea Rom\u00e2n\u0103 a decis s\u0103 o sus\u021bin\u0103 pe Roxen ca reprezentant\u0103 a Rom\u00e2niei la edi\u021bia din 2021 a Eurovision Song Contest. \u00cen conformitate cu clarific\u0103rile aduse de c\u0103tre organizatori, \u021b\u0103rile participante la concurs au [&hellip;]<\/p>\n","protected":false},"author":1,"featured_media":2173,"comment_status":"closed","ping_status":"closed","sticky":false,"template":"","format":"standard","meta":{"_crdt_document":"","footnotes":""},"categories":[4],"tags":[],"class_list":["post-2330","post","type-post","status-publish","format-standard","has-post-thumbnail","hentry","category-noutati"],"_links":{"self":[{"href":"https:\/\/news-fm.ro\/index.php\/wp-json\/wp\/v2\/posts\/2330","targetHints":{"allow":["GET"]}}],"collection":[{"href":"https:\/\/news-fm.ro\/index.php\/wp-json\/wp\/v2\/posts"}],"about":[{"href":"https:\/\/news-fm.ro\/index.php\/wp-json\/wp\/v2\/types\/post"}],"author":[{"embeddable":true,"href":"https:\/\/news-fm.ro\/index.php\/wp-json\/wp\/v2\/users\/1"}],"replies":[{"embeddable":true,"href":"https:\/\/news-fm.ro\/index.php\/wp-json\/wp\/v2\/comments?post=2330"}],"version-history":[{"count":0,"href":"https:\/\/news-fm.ro\/index.php\/wp-json\/wp\/v2\/posts\/2330\/revisions"}],"wp:featuredmedia":[{"embeddable":true,"href":"https:\/\/news-fm.ro\/index.php\/wp-json\/wp\/v2\/media\/2173"}],"wp:attachment":[{"href":"https:\/\/news-fm.ro\/index.php\/wp-json\/wp\/v2\/media?parent=2330"}],"wp:term":[{"taxonomy":"category","embeddable":true,"href":"https:\/\/news-fm.ro\/index.php\/wp-json\/wp\/v2\/categories?post=2330"},{"taxonomy":"post_tag","embeddable":true,"href":"https:\/\/news-fm.ro\/index.php\/wp-json\/wp\/v2\/tags?post=2330"}],"curies":[{"name":"wp","href":"https:\/\/api.w.org\/{rel}","templated":true}]}}