{"id":2279,"date":"2020-03-26T06:29:20","date_gmt":"2020-03-26T06:29:20","guid":{"rendered":"http:\/\/news-fm.ro\/?p=2279"},"modified":"2020-03-26T06:29:25","modified_gmt":"2020-03-26T06:29:25","slug":"pink-le-ofera-parintilor-idei-de-activitati-pe-care-sa-le-faca-alaturi-de-copii-in-timpul-carantinei","status":"publish","type":"post","link":"https:\/\/news-fm.ro\/index.php\/2020\/03\/26\/pink-le-ofera-parintilor-idei-de-activitati-pe-care-sa-le-faca-alaturi-de-copii-in-timpul-carantinei\/","title":{"rendered":"Pink le ofer\u0103 p\u0103rin\u021bilor idei de activit\u0103\u021bi pe care s\u0103 le fac\u0103 al\u0103turi de copii \u00een timpul carantinei!"},"content":{"rendered":"\n<figure class=\"wp-block-image size-large\"><img decoding=\"async\" src=\"https:\/\/news-fm.ro\/wp-content\/uploads\/2020\/03\/PINK.jpg\" alt=\"\" class=\"wp-image-2280\"\/><\/figure>\n\n\n\n<p class=\"wp-block-paragraph\">Fie c\u0103 vorbim despre vedetele din \u021bar\u0103 sau cele interna\u021bionale, tot mai multe dintre acestea \u00ee\u0219i \u00eendeamn\u0103 fanii s\u0103 stea \u00een cas\u0103 \u0219i le ofer\u0103 sfaturi\u00a0despre cum s\u0103 treac\u0103 mai u\u0219or prin aceast\u0103 perioad\u0103. Printre acestea se num\u0103r\u0103 \u0219i\u00a0<strong>Pink<\/strong>, care a \u00eemp\u0103rt\u0103\u0219it o serie de idei pentru p\u0103rin\u021bii care stau acas\u0103 cu copiii, pe fondul pandemiei de coronavirus.<\/p>\n\n\n\n<p class=\"wp-block-paragraph\">Artista, \u00een v\u00e2rst\u0103 de 40 de ani, a postat pe Instagram c\u00e2teva clipuri \u00een care vorbe\u0219te despre cum \u00eei \u021bine ocupa\u021bi pe cei doi copii ai s\u0103i, Jameson \u0219i Willow.<\/p>\n\n\n\n<blockquote class=\"wp-block-quote is-layout-flow wp-block-quote-is-layout-flow\"><p><em>\u201eBun\u0103, tuturor. V\u0103 transmitem toat\u0103 dragostea din cas\u0103. Am vrut s\u0103 \u00eemp\u0103rt\u0103\u0219esc ceva foarte cool cu voi, ceva ce am primit de la un prieten. Este vorba despre cum s\u0103 faci un program pentru familia ta. A\u0219a c\u0103 noi ne trezim \u00eenainte de ora 9 diminea\u021ba, ie\u0219im la plimbare dac\u0103 se poate \u0219i dac\u0103 nu, facem yoga\u201d<\/em>, a explicat Pink.\u00a0<em>\u201eUrmeaz\u0103 timpul pentru \u00eenv\u0103\u021bat, pentru cur\u0103\u021benie \u2013 ast\u0103zi, Willow a dat cu aspiratorul. Ne odihnim, apoi, dup\u0103-amiaz\u0103 lu\u0103m pu\u021bin aer curat, urmeaz\u0103 cina \u0219i apoi timp liber la TV, de care ea e \u00eentr-adev\u0103r \u00eenc\u00e2ntat\u0103 \u0219i apoi, vine ora de culcare pe la 8 seara sau 9 seara\u201d<\/em>, a ad\u0103ugat artista.<\/p><\/blockquote>\n\n\n\n<figure class=\"wp-block-embed-instagram wp-block-embed is-type-rich is-provider-instagram\"><div class=\"wp-block-embed__wrapper\">\nhttps:\/\/www.instagram.com\/p\/B9z2zZ2p-Rr\/\n<\/div><\/figure>\n\n\n\n<p class=\"wp-block-paragraph\">De asemenea, aceasta a continuat cer\u00e2ndu-le fanilor recomand\u0103ri pentru citit \u0219i a \u00eencheiat clip-ul de pe Instagram prin a le mul\u021bumi tuturor angaja\u021bilor din sistemul medical \u0219i sf\u0103tuindu-\u0219i fanii s\u0103 stea \u00een cas\u0103.<\/p>\n\n\n\n<blockquote class=\"wp-block-quote is-layout-flow wp-block-quote-is-layout-flow\"><p><em>\u201eEste o perioad\u0103 ciudat\u0103, dar ne avem unii pe ceilal\u021bi, a\u0219a c\u0103 hai s\u0103 g\u0103sim o modalitate prin care s\u0103 vorbim, s\u0103 ne conect\u0103m \u0219i s\u0103 fim amabili. V\u0103 iubesc pe to\u021bi. Vom trece \u0219i de asta. R\u0103m\u00e2ne\u021bi acas\u0103 dac\u0103 pute\u021bi. V\u0103 rog\u201d<\/em>, a transmis Pink.<\/p><\/blockquote>\n\n\n\n<p class=\"wp-block-paragraph\"><strong><a href=\"https:\/\/www.kissfm.ro\/article\/16568\/VIDEO-Pink-le-ofera-parintilor-idei-de-activitati-pe-care-sa-le-faca-alaturi-de-copii-in-timpul-carantinei\">KISS FM<\/a><\/strong><\/p>\n","protected":false},"excerpt":{"rendered":"<p>Fie c\u0103 vorbim despre vedetele din \u021bar\u0103 sau cele interna\u021bionale, tot mai multe dintre acestea \u00ee\u0219i \u00eendeamn\u0103 fanii s\u0103 stea \u00een cas\u0103 \u0219i le ofer\u0103 sfaturi\u00a0despre cum s\u0103 treac\u0103 mai u\u0219or prin aceast\u0103 perioad\u0103. Printre acestea se num\u0103r\u0103 \u0219i\u00a0Pink, care a \u00eemp\u0103rt\u0103\u0219it o serie de idei pentru p\u0103rin\u021bii care stau acas\u0103 cu copiii, pe fondul [&hellip;]<\/p>\n","protected":false},"author":1,"featured_media":0,"comment_status":"closed","ping_status":"closed","sticky":false,"template":"","format":"standard","meta":{"_crdt_document":"","footnotes":""},"categories":[3],"tags":[],"class_list":["post-2279","post","type-post","status-publish","format-standard","hentry","category-stars"],"_links":{"self":[{"href":"https:\/\/news-fm.ro\/index.php\/wp-json\/wp\/v2\/posts\/2279","targetHints":{"allow":["GET"]}}],"collection":[{"href":"https:\/\/news-fm.ro\/index.php\/wp-json\/wp\/v2\/posts"}],"about":[{"href":"https:\/\/news-fm.ro\/index.php\/wp-json\/wp\/v2\/types\/post"}],"author":[{"embeddable":true,"href":"https:\/\/news-fm.ro\/index.php\/wp-json\/wp\/v2\/users\/1"}],"replies":[{"embeddable":true,"href":"https:\/\/news-fm.ro\/index.php\/wp-json\/wp\/v2\/comments?post=2279"}],"version-history":[{"count":0,"href":"https:\/\/news-fm.ro\/index.php\/wp-json\/wp\/v2\/posts\/2279\/revisions"}],"wp:attachment":[{"href":"https:\/\/news-fm.ro\/index.php\/wp-json\/wp\/v2\/media?parent=2279"}],"wp:term":[{"taxonomy":"category","embeddable":true,"href":"https:\/\/news-fm.ro\/index.php\/wp-json\/wp\/v2\/categories?post=2279"},{"taxonomy":"post_tag","embeddable":true,"href":"https:\/\/news-fm.ro\/index.php\/wp-json\/wp\/v2\/tags?post=2279"}],"curies":[{"name":"wp","href":"https:\/\/api.w.org\/{rel}","templated":true}]}}