{"id":2260,"date":"2020-03-25T06:18:33","date_gmt":"2020-03-25T06:18:33","guid":{"rendered":"http:\/\/news-fm.ro\/?p=2260"},"modified":"2020-03-25T06:18:36","modified_gmt":"2020-03-25T06:18:36","slug":"ce-lansari-de-albume-s-au-amanat-din-cauza-coronavirusului","status":"publish","type":"post","link":"https:\/\/news-fm.ro\/index.php\/2020\/03\/25\/ce-lansari-de-albume-s-au-amanat-din-cauza-coronavirusului\/","title":{"rendered":"Ce lans\u0103ri de albume s-au am\u00e2nat din cauza coronavirusului"},"content":{"rendered":"\n<figure class=\"wp-block-image size-large\"><img fetchpriority=\"high\" decoding=\"async\" width=\"750\" height=\"600\" src=\"https:\/\/news-fm.ro\/wp-content\/uploads\/2018\/10\/dua-lipa-jaguar-750x600.jpg\" alt=\"\" class=\"wp-image-613\" srcset=\"https:\/\/news-fm.ro\/wp-content\/uploads\/2018\/10\/dua-lipa-jaguar-750x600.jpg 750w, https:\/\/news-fm.ro\/wp-content\/uploads\/2018\/10\/dua-lipa-jaguar-750x600-300x240.jpg 300w, https:\/\/news-fm.ro\/wp-content\/uploads\/2018\/10\/dua-lipa-jaguar-750x600-500x400.jpg 500w\" sizes=\"(max-width: 750px) 100vw, 750px\" \/><\/figure>\n\n\n\n<p class=\"wp-block-paragraph\"><strong>O serie de muzicieni \u0219i-au reprogramat lans\u0103rile celor mai recente albume din cauza pandemiei de coronavirus. Afl\u0103 despre cine este vorba.<\/strong><\/p>\n\n\n\n<p class=\"wp-block-paragraph\">Coronavirusul a dat peste cap \u00eentreaga lume, inclusiv industria muzical\u0103. Au avut loc reprogram\u0103ri de evenimente, anul\u0103ri de concerte \u0219i \u00eemboln\u0103viri ale unor muzicieni cu noul virus. Pe list\u0103 se pot ad\u0103uga \u0219i am\u00e2n\u0103rile datelor de lansare a materialelor discografice ce ar fi trebuit s\u0103 aib\u0103 loc \u00een perioada \u00een care vestea despre COVID-19 a explodat.<\/p>\n\n\n\n<p class=\"wp-block-paragraph\">P\u00e2n\u0103 acum, o serie de muzicieni au fost nevoi\u021bi s\u0103 reprogrameze lans\u0103rile albumelor din cauza pandemiei. De la HAIM la Willie Nelson, iat\u0103 ce arti\u0219ti au recurs la reprogram\u0103ri:<\/p>\n\n\n\n<p class=\"wp-block-paragraph\">Trio-ul format din&nbsp;<strong>Este Haim<\/strong>&nbsp;(voce, bass),&nbsp;<strong>Danielle Haim<\/strong>&nbsp;(voce, chitar\u0103 solo),&nbsp;<strong>Alana Haim<\/strong>&nbsp;(voce, chitar\u0103 armonie, percu\u021bie, org\u0103) a anun\u021bat pe 23 martie c\u0103 lansarea albumul &#8220;Woman in Music Pt.III&#8221; va fi reprogramat\u0103 pentru vara acestui an. Discul ar fi trebuit s\u0103 fie lansat pe 24 aprilie.<\/p>\n\n\n\n<blockquote class=\"wp-block-quote is-layout-flow wp-block-quote-is-layout-flow\"><p>&#8220;Bun\u0103, tuturor! Sper\u0103m c\u0103 sunte\u021bi bine \u0219i c\u0103 sta\u021bi \u00een cas\u0103. Noi suntem \u00een cea de-a unsprezecea zi de carantin\u0103, lucru care ne-a f\u0103cut s\u0103 lu\u0103m \u00een considerare ni\u0219te lucruri. Am tot discutat \u00een fiecare zi despre viitorul album \u0219i despre cum vrem s\u0103 vi-l prezent\u0103m. Din cauza a tot ce se \u00eent\u00e2mpl\u0103 cu COVID-19, cu schimb\u0103rile legate de c\u0103l\u0103torie \u0219i carantin\u0103 de peste tot \u00een lume, am hot\u0103r\u00e2t c\u0103 cea mai bun\u0103 solu\u021bie este s\u0103 am\u00e2n\u0103m lansarea &lt;&lt;Woman in Music Pt.III>> pentru vara acestui an. Nu a fost o decizie u\u0219oar\u0103 pentru noi. Aveam at\u00e2tea lucruri faine preg\u0103tite &#8211; c\u0103l\u0103torii \u00een Europa \u0219i Australia, precum \u0219i un turneu unde am fi putut c\u00e2nta \u0219i dansa \u00eempreun\u0103, dar s\u0103n\u0103tatea \u0219i siguran\u021ba fanilor \u0219i echipei sunt principala grij\u0103. Dup\u0103 ce ne-am g\u00e2ndit serios, credem c\u0103 aceasta este cea mai bun\u0103 solu\u021bie \u00een contextul actual. Abia a\u0219tept\u0103m s\u0103 reprogram\u0103m tot ce aveam \u00een plan \u0219i abia a\u0219tept\u0103m s\u0103 v\u0103 vedem c\u00e2nd totul va fi 100% sigur. \u00centre timp, o s\u0103 mai lans\u0103m piese noi. V\u0103 rug\u0103m s\u0103 ave\u021bi grij\u0103, v\u0103 iubim mult!&#8221; &#8211;\u00a0<strong>HAIM<\/strong><\/p><\/blockquote>\n\n\n\n<h3 class=\"wp-block-heading\">Willie Nelson<\/h3>\n\n\n\n<p class=\"wp-block-paragraph\">&#8220;First Rose Of Spring&#8221;, cel de-al 70-lea album de studio al muzicianului Willie Nelson ar fi trebuit s\u0103 aib\u0103 lansarea pe 24 aprilie, dar a fost reprogramat\u0103 pentru 3 iulie.<\/p>\n\n\n\n<h3 class=\"wp-block-heading\">Dua Lipa<\/h3>\n\n\n\n<p class=\"wp-block-paragraph\">C\u00e2nt\u0103rea\u021ba a anun\u021bat pe 23 martie c\u0103 albumul&nbsp;<strong>&#8220;Future Nostalgia&#8221;<\/strong>&nbsp;va fi lansat mai devreme din cauza situa\u021biei dificile cauzat\u0103 de coronavirus. Artista urma s\u0103 lanseze albumul pe 3 aprilie, dar a spus c\u0103 \u00eel va lansa pe 27 martie.<\/p>\n\n\n\n<blockquote class=\"wp-block-quote is-layout-flow wp-block-quote-is-layout-flow\"><p>&#8220;Sper c\u0103 v\u0103 va aduce o oarecare fericire \u0219i sper s\u0103 v\u0103 fac\u0103 s\u0103 z\u00e2mbi\u021bi, s\u0103 dansa\u021bi \u0219i sper s\u0103 v\u0103 fac mandri&#8221;, a spus\u00a0<strong>Dua Lipa<\/strong>.<\/p><\/blockquote>\n\n\n\n<h3 class=\"wp-block-heading\">Kehlani<\/h3>\n\n\n\n<p class=\"wp-block-paragraph\">C\u00e2nt\u0103rea\u021ba a anun\u021bat c\u0103 va reprograma lansarea noului album \u0219i a ad\u0103ugat c\u0103 nu se poate g\u00e2ndi la muzic\u0103 \u00een aceste momente dificile.<\/p>\n\n\n\n<blockquote class=\"wp-block-quote is-layout-flow wp-block-quote-is-layout-flow\"><p>&#8220;Ca s\u0103 fiu clar\u0103, am avut o dat\u0103 pentru lansare. Nu am putut s\u0103 ducem la cap\u0103t niciun plan sau s\u0103 mergem mai departe cu albumul din cauza pandemiei. Nu m\u0103 pot g\u00e2ndi la muzic\u0103 \u00een acest moment. Sunt concentrat\u0103 doar cum s\u0103 fiu un cet\u0103\u021bean bun pentru societate. Ave\u021bi grij\u0103, v\u0103 iubesc!&#8221; &#8211;&nbsp;<strong>Kehlani<\/strong><\/p><\/blockquote>\n\n\n\n<p class=\"wp-block-paragraph\"><strong><a href=\"https:\/\/www.infomusic.ro\/2020\/03\/ce-lansari-de-albume-s-au-amanat-din-cauza-coronavirusului\/\">INFOMUSIC<\/a><\/strong><\/p>\n","protected":false},"excerpt":{"rendered":"<p>O serie de muzicieni \u0219i-au reprogramat lans\u0103rile celor mai recente albume din cauza pandemiei de coronavirus. Afl\u0103 despre cine este vorba. Coronavirusul a dat peste cap \u00eentreaga lume, inclusiv industria muzical\u0103. Au avut loc reprogram\u0103ri de evenimente, anul\u0103ri de concerte \u0219i \u00eemboln\u0103viri ale unor muzicieni cu noul virus. Pe list\u0103 se pot ad\u0103uga \u0219i am\u00e2n\u0103rile [&hellip;]<\/p>\n","protected":false},"author":1,"featured_media":613,"comment_status":"closed","ping_status":"closed","sticky":false,"template":"","format":"standard","meta":{"_crdt_document":"","footnotes":""},"categories":[4],"tags":[],"class_list":["post-2260","post","type-post","status-publish","format-standard","has-post-thumbnail","hentry","category-noutati"],"_links":{"self":[{"href":"https:\/\/news-fm.ro\/index.php\/wp-json\/wp\/v2\/posts\/2260","targetHints":{"allow":["GET"]}}],"collection":[{"href":"https:\/\/news-fm.ro\/index.php\/wp-json\/wp\/v2\/posts"}],"about":[{"href":"https:\/\/news-fm.ro\/index.php\/wp-json\/wp\/v2\/types\/post"}],"author":[{"embeddable":true,"href":"https:\/\/news-fm.ro\/index.php\/wp-json\/wp\/v2\/users\/1"}],"replies":[{"embeddable":true,"href":"https:\/\/news-fm.ro\/index.php\/wp-json\/wp\/v2\/comments?post=2260"}],"version-history":[{"count":0,"href":"https:\/\/news-fm.ro\/index.php\/wp-json\/wp\/v2\/posts\/2260\/revisions"}],"wp:featuredmedia":[{"embeddable":true,"href":"https:\/\/news-fm.ro\/index.php\/wp-json\/wp\/v2\/media\/613"}],"wp:attachment":[{"href":"https:\/\/news-fm.ro\/index.php\/wp-json\/wp\/v2\/media?parent=2260"}],"wp:term":[{"taxonomy":"category","embeddable":true,"href":"https:\/\/news-fm.ro\/index.php\/wp-json\/wp\/v2\/categories?post=2260"},{"taxonomy":"post_tag","embeddable":true,"href":"https:\/\/news-fm.ro\/index.php\/wp-json\/wp\/v2\/tags?post=2260"}],"curies":[{"name":"wp","href":"https:\/\/api.w.org\/{rel}","templated":true}]}}