{"id":2258,"date":"2020-03-25T06:12:11","date_gmt":"2020-03-25T06:12:11","guid":{"rendered":"http:\/\/news-fm.ro\/?p=2258"},"modified":"2020-03-25T06:12:14","modified_gmt":"2020-03-25T06:12:14","slug":"lora-a-ramas-blocata-in-bali-zborul-catre-romania-i-a-fost-anulat","status":"publish","type":"post","link":"https:\/\/news-fm.ro\/index.php\/2020\/03\/25\/lora-a-ramas-blocata-in-bali-zborul-catre-romania-i-a-fost-anulat\/","title":{"rendered":"Lora a r\u0103mas blocat\u0103 \u00een Bali &#8211; zborul c\u0103tre Rom\u00e2nia i-a fost anulat"},"content":{"rendered":"\n<figure class=\"wp-block-image size-large\"><img decoding=\"async\" src=\"https:\/\/news-fm.ro\/wp-content\/uploads\/2019\/03\/Videoclip-Lora-tu-si-Ea-1024x576.jpg\" alt=\"\" class=\"wp-image-1264\"\/><\/figure>\n\n\n\n<p class=\"wp-block-paragraph\">Motivul pentru care au ales aceast\u0103 destina\u021bie a fost pentru c\u0103 artista \u0219i-a dorit s\u0103 poat\u0103 trece mai u\u0219or peste faptul c\u0103 mama ei a murit recent.<\/p>\n\n\n\n<p class=\"wp-block-paragraph\">Ei urmau s\u0103 revin\u0103 \u00een Rom\u00e2nia pe 7 aprilie, unde aveau de g\u00e2nd s\u0103 intre automat la izolare, dar nu vor mai putea face acest lucru, deoarece zborul lor a fost anulat, din cauza pandemiei de coronavirus.<\/p>\n\n\n\n<p class=\"wp-block-paragraph\">Invitat\u0103 prin Skype la emisiunea \u201eVorbe\u0219te lumea\u201d, Lora a spus:<\/p>\n\n\n\n<p class=\"wp-block-paragraph\"><em>\u201eNu a\u0219 vrea s\u0103 m\u0103 invidia\u021bi pentru asta. Suntem bloca\u021bi \u00een Bali. Aveam bilet de \u00eentoarcere \u00een \u021bar\u0103, pentru 7 aprilie, \u00eens\u0103 totul a fost anulat. Zborurile au fost blocate. Vom r\u0103m\u00e2ne aici p\u00e2n\u0103 expir\u0103 viza. Evident, c\u0103 vom avea \u0219i probleme financiare \u00een aceast\u0103 perioad\u0103, dar ne vom dr\u0103mui.<\/em><\/p>\n\n\n\n<p class=\"wp-block-paragraph\"><em>Nu are sens s\u0103 ne mai \u00eentreb\u0103m de ce ni se \u00eent\u00e2mpl\u0103 nou\u0103. Am \u00eenchiriat o c\u0103su\u021b\u0103 aici. Suntem aten\u021bi, dezinfect\u0103m toate produsele cump\u0103rate. Ionu\u021b chiar a g\u0103sit m\u0103\u0219ti de protec\u021bie, la un magazin \u00een apropiere. O s\u0103 vedem ce se va \u00eent\u00e2mpla.\u201d<\/em><\/p>\n\n\n\n<p class=\"wp-block-paragraph\">\u00cen ceea ce prive\u0219te motivul plec\u0103rii, Lora a notat \u00eentr-o postare pe Instagram:<\/p>\n\n\n\n<p class=\"wp-block-paragraph\"><em>\u201eTot ce \u00eemi doresc e s\u0103 te pot suna, mama. S\u0103 v\u0103d inimioara de la tine la post\u0103rile mele s\u0103 \u00eemi spui c\u0103 totul va fi bine. Am plecat s\u0103 nu mai doar\u0103, s\u0103 m\u0103 r\u0103t\u0103cesc \u00een Raiul care sper c\u0103 seam\u0103n\u0103 cu locul \u00een care e\u015fti tu acum..m\u0103car la peisaje.<\/em><\/p>\n\n\n\n<p class=\"wp-block-paragraph\"><em>\u00cencerc s\u0103 fiu optimist\u0103 \u015fi s\u0103 imortalizez momentele \u00een care sunt bine. Lumea doare acum mama. Toat\u0103 lumea. Dac\u0103 a\u015f fi putut s\u0103 stau \u00een cas\u0103 ca tu s\u0103 fii acum l\u00e2ng\u0103 mine.\u201d<\/em><\/p>\n\n\n\n<p class=\"wp-block-paragraph\"><strong><a href=\"https:\/\/www.unsitedemuzica.ro\/stiri\/Lora-a-ramas-blocata-in-Bali-zborul-catre-Romania-i-a-fost-anulat-p9567\">UN SITE DE MUZICA<\/a><\/strong><\/p>\n","protected":false},"excerpt":{"rendered":"<p>Motivul pentru care au ales aceast\u0103 destina\u021bie a fost pentru c\u0103 artista \u0219i-a dorit s\u0103 poat\u0103 trece mai u\u0219or peste faptul c\u0103 mama ei a murit recent. Ei urmau s\u0103 revin\u0103 \u00een Rom\u00e2nia pe 7 aprilie, unde aveau de g\u00e2nd s\u0103 intre automat la izolare, dar nu vor mai putea face acest lucru, deoarece zborul [&hellip;]<\/p>\n","protected":false},"author":1,"featured_media":0,"comment_status":"closed","ping_status":"closed","sticky":false,"template":"","format":"standard","meta":{"_crdt_document":"","footnotes":""},"categories":[1],"tags":[],"class_list":["post-2258","post","type-post","status-publish","format-standard","hentry","category-diverse"],"_links":{"self":[{"href":"https:\/\/news-fm.ro\/index.php\/wp-json\/wp\/v2\/posts\/2258","targetHints":{"allow":["GET"]}}],"collection":[{"href":"https:\/\/news-fm.ro\/index.php\/wp-json\/wp\/v2\/posts"}],"about":[{"href":"https:\/\/news-fm.ro\/index.php\/wp-json\/wp\/v2\/types\/post"}],"author":[{"embeddable":true,"href":"https:\/\/news-fm.ro\/index.php\/wp-json\/wp\/v2\/users\/1"}],"replies":[{"embeddable":true,"href":"https:\/\/news-fm.ro\/index.php\/wp-json\/wp\/v2\/comments?post=2258"}],"version-history":[{"count":0,"href":"https:\/\/news-fm.ro\/index.php\/wp-json\/wp\/v2\/posts\/2258\/revisions"}],"wp:attachment":[{"href":"https:\/\/news-fm.ro\/index.php\/wp-json\/wp\/v2\/media?parent=2258"}],"wp:term":[{"taxonomy":"category","embeddable":true,"href":"https:\/\/news-fm.ro\/index.php\/wp-json\/wp\/v2\/categories?post=2258"},{"taxonomy":"post_tag","embeddable":true,"href":"https:\/\/news-fm.ro\/index.php\/wp-json\/wp\/v2\/tags?post=2258"}],"curies":[{"name":"wp","href":"https:\/\/api.w.org\/{rel}","templated":true}]}}