{"id":2254,"date":"2020-03-25T06:06:24","date_gmt":"2020-03-25T06:06:24","guid":{"rendered":"http:\/\/news-fm.ro\/?p=2254"},"modified":"2020-03-25T06:06:27","modified_gmt":"2020-03-25T06:06:27","slug":"the-weeknd-isi-pierde-capul-in-clipul-gore-al-piesei-in-your-eyes","status":"publish","type":"post","link":"https:\/\/news-fm.ro\/index.php\/2020\/03\/25\/the-weeknd-isi-pierde-capul-in-clipul-gore-al-piesei-in-your-eyes\/","title":{"rendered":"The Weeknd \u00ee\u015fi pierde capul \u00een clipul gore al piesei &#8211; \u201eIn Your Eyes\u201d"},"content":{"rendered":"\n<figure class=\"wp-block-image size-large\"><img fetchpriority=\"high\" decoding=\"async\" width=\"968\" height=\"681\" src=\"https:\/\/news-fm.ro\/wp-content\/uploads\/2020\/03\/the-weeknd.jpg\" alt=\"\" class=\"wp-image-2255\" srcset=\"https:\/\/news-fm.ro\/wp-content\/uploads\/2020\/03\/the-weeknd.jpg 968w, https:\/\/news-fm.ro\/wp-content\/uploads\/2020\/03\/the-weeknd-300x211.jpg 300w, https:\/\/news-fm.ro\/wp-content\/uploads\/2020\/03\/the-weeknd-768x540.jpg 768w, https:\/\/news-fm.ro\/wp-content\/uploads\/2020\/03\/the-weeknd-500x352.jpg 500w\" sizes=\"(max-width: 968px) 100vw, 968px\" \/><\/figure>\n\n\n\n<p class=\"wp-block-paragraph\">Melodia face parte de pe noul s\u0103u album &#8211; \u201eIn Your Eyes\u201d, iar video-ul este regizat de Anton Tammi.<\/p>\n\n\n\n<p class=\"wp-block-paragraph\">Ideea este simpl\u0103 &#8211; artistul urm\u0103re\u0219te o femeie t\u00e2n\u0103r\u0103 (Zaina Miuccia) cu un cu\u021bit imens \u00een m\u00e2n\u0103, iar, la final, lucrurile nu sf\u00e2r\u0219esc bine pentru el.<\/p>\n\n\n\n<p class=\"wp-block-paragraph\">Abel Tesfaye, pe numele s\u0103u real, a lansat deja mai multe piese de pe noul material muzical (lansat dup\u0103 o pauz\u0103 de doi ani) &#8211; \u201eBlinding Lights\u201d, \u201eHeartless\u201d \u0219i \u201eAfter Hours\u201d.<\/p>\n\n\n\n<p class=\"wp-block-paragraph\">Noi recomd\u0103m s\u0103 ascul\u021bi albumul \u0219i s\u0103 te bucuri de el.<\/p>\n\n\n\n<figure class=\"wp-block-image size-large\"><img decoding=\"async\" width=\"1024\" height=\"512\" src=\"https:\/\/news-fm.ro\/wp-content\/uploads\/2020\/03\/CLIP-NOU-THE-WEEKND-1024x512.jpg\" alt=\"\" class=\"wp-image-2256\" srcset=\"https:\/\/news-fm.ro\/wp-content\/uploads\/2020\/03\/CLIP-NOU-THE-WEEKND-1024x512.jpg 1024w, https:\/\/news-fm.ro\/wp-content\/uploads\/2020\/03\/CLIP-NOU-THE-WEEKND-300x150.jpg 300w, https:\/\/news-fm.ro\/wp-content\/uploads\/2020\/03\/CLIP-NOU-THE-WEEKND-768x384.jpg 768w, https:\/\/news-fm.ro\/wp-content\/uploads\/2020\/03\/CLIP-NOU-THE-WEEKND-500x250.jpg 500w, https:\/\/news-fm.ro\/wp-content\/uploads\/2020\/03\/CLIP-NOU-THE-WEEKND.jpg 1200w\" sizes=\"(max-width: 1024px) 100vw, 1024px\" \/><\/figure>\n\n\n\n<p class=\"wp-block-paragraph\"><strong><a href=\"https:\/\/www.unsitedemuzica.ro\/stiri\/VIDEO-The-Weeknd-isi-pierde-capul-in-clipul-gore-al-piesei-In-Your-Eyes-p9572\">UN SITE DE MUZICA<\/a><\/strong><\/p>\n","protected":false},"excerpt":{"rendered":"<p>Melodia face parte de pe noul s\u0103u album &#8211; \u201eIn Your Eyes\u201d, iar video-ul este regizat de Anton Tammi. Ideea este simpl\u0103 &#8211; artistul urm\u0103re\u0219te o femeie t\u00e2n\u0103r\u0103 (Zaina Miuccia) cu un cu\u021bit imens \u00een m\u00e2n\u0103, iar, la final, lucrurile nu sf\u00e2r\u0219esc bine pentru el. Abel Tesfaye, pe numele s\u0103u real, a lansat deja mai [&hellip;]<\/p>\n","protected":false},"author":1,"featured_media":2255,"comment_status":"closed","ping_status":"closed","sticky":false,"template":"","format":"standard","meta":{"_crdt_document":"","footnotes":""},"categories":[4],"tags":[],"class_list":["post-2254","post","type-post","status-publish","format-standard","has-post-thumbnail","hentry","category-noutati"],"_links":{"self":[{"href":"https:\/\/news-fm.ro\/index.php\/wp-json\/wp\/v2\/posts\/2254","targetHints":{"allow":["GET"]}}],"collection":[{"href":"https:\/\/news-fm.ro\/index.php\/wp-json\/wp\/v2\/posts"}],"about":[{"href":"https:\/\/news-fm.ro\/index.php\/wp-json\/wp\/v2\/types\/post"}],"author":[{"embeddable":true,"href":"https:\/\/news-fm.ro\/index.php\/wp-json\/wp\/v2\/users\/1"}],"replies":[{"embeddable":true,"href":"https:\/\/news-fm.ro\/index.php\/wp-json\/wp\/v2\/comments?post=2254"}],"version-history":[{"count":0,"href":"https:\/\/news-fm.ro\/index.php\/wp-json\/wp\/v2\/posts\/2254\/revisions"}],"wp:featuredmedia":[{"embeddable":true,"href":"https:\/\/news-fm.ro\/index.php\/wp-json\/wp\/v2\/media\/2255"}],"wp:attachment":[{"href":"https:\/\/news-fm.ro\/index.php\/wp-json\/wp\/v2\/media?parent=2254"}],"wp:term":[{"taxonomy":"category","embeddable":true,"href":"https:\/\/news-fm.ro\/index.php\/wp-json\/wp\/v2\/categories?post=2254"},{"taxonomy":"post_tag","embeddable":true,"href":"https:\/\/news-fm.ro\/index.php\/wp-json\/wp\/v2\/tags?post=2254"}],"curies":[{"name":"wp","href":"https:\/\/api.w.org\/{rel}","templated":true}]}}