{"id":2245,"date":"2020-03-24T06:09:22","date_gmt":"2020-03-24T06:09:22","guid":{"rendered":"http:\/\/news-fm.ro\/?p=2245"},"modified":"2020-03-24T06:09:26","modified_gmt":"2020-03-24T06:09:26","slug":"david-bryan-claparul-de-la-bon-jovi-testat-pozitiv-cu-noul-coronavirus","status":"publish","type":"post","link":"https:\/\/news-fm.ro\/index.php\/2020\/03\/24\/david-bryan-claparul-de-la-bon-jovi-testat-pozitiv-cu-noul-coronavirus\/","title":{"rendered":"David Bryan, cl\u0103parul de la Bon Jovi, testat pozitiv cu noul coronavirus"},"content":{"rendered":"\n<figure class=\"wp-block-image size-large\"><img fetchpriority=\"high\" decoding=\"async\" width=\"980\" height=\"653\" src=\"https:\/\/news-fm.ro\/wp-content\/uploads\/2020\/03\/DAVID-BRYAN.jpg\" alt=\"\" class=\"wp-image-2246\" srcset=\"https:\/\/news-fm.ro\/wp-content\/uploads\/2020\/03\/DAVID-BRYAN.jpg 980w, https:\/\/news-fm.ro\/wp-content\/uploads\/2020\/03\/DAVID-BRYAN-300x200.jpg 300w, https:\/\/news-fm.ro\/wp-content\/uploads\/2020\/03\/DAVID-BRYAN-768x512.jpg 768w, https:\/\/news-fm.ro\/wp-content\/uploads\/2020\/03\/DAVID-BRYAN-500x333.jpg 500w\" sizes=\"(max-width: 980px) 100vw, 980px\" \/><\/figure>\n\n\n\n<p class=\"wp-block-paragraph\"><em>\u201eMi-am primit azi rezultatele \u0219i \u021bin s\u0103 v\u0103 anun\u021b c\u0103 am fost testat pozitiv cu noul coronavirus. Sunt bolnav de o s\u0103pt\u0103m\u00e2n\u0103, dar m\u0103 simt mai bine pe zi ce trece. V\u0103 rog s\u0103 nu v\u0103 fie fric\u0103! Este o grip\u0103, nu ciuma.<\/em><\/p>\n\n\n\n<p class=\"wp-block-paragraph\"><em>Sunt \u00een carantin\u0103 de o s\u0103pt\u0103m\u00e2n\u0103 \u0219i voi mai fi \u00eenc\u0103 o s\u0103pt\u0103m\u00e2n\u0103. C\u00e2nd m\u0103 voi sim\u021bi mai bine, voi face testul iar, s\u0103 m\u0103 asigur c\u0103 am scapat de virusul \u0103sta nasol. V\u0103 rog s\u0103 v\u0103 ajuta\u021bi unii pe al\u021bii. Va fi bine \u00een cur\u00e2nd, cu ajutorul fiec\u0103rui american \u00een parte\u201d<\/em>, a notat muzicianul.<\/p>\n\n\n\n<p class=\"wp-block-paragraph\">Bryan nu a men\u021bionat cum s-a \u00eemboln\u0103vit. \u00cen s\u0103pt\u0103m\u00e2nile dinaintea pandemiei, el s-a ocupat de noul s\u0103u musical de pe Broadway &#8211; \u201eDiana\u201d; el a scris versurile \u0219i muzica pentru show-ul s\u0103u despre Prin\u021besa Diana. Premiera spectacolului a fost am\u00e2nat\u0103.<\/p>\n\n\n\n<p class=\"wp-block-paragraph\">\u00cen plan al trupei din care face parte, Bon Jovi au anun\u021bat c\u0103 vor lansa un nou album &#8211; \u201eBon Jovi 2020\u201d &#8211; pe 15 mai \u0219i c\u0103 se preg\u0103tesc de un turneu \u00eencep\u00e2nd cu iulie, dac\u0103 toat\u0103 treaba asta cu noul coronavirus se va sf\u00e2r\u0219i.<\/p>\n\n\n\n<p class=\"wp-block-paragraph\">\u00cen ceea ce-l prive\u0219te pe solistul band-ului, Jon Bon Jovi este \u0219i el la izolare, dar le-a transmis un mesaj fanilor din Chicago, dup\u0103 ce ace\u0219tia s-au hot\u0103r\u00e2t s\u0103 c\u00e2nte de la balcoane &#8211; \u201eLivin\u2019 on a Prayer.\u201d<\/p>\n\n\n\n<p class=\"wp-block-paragraph\">sursa <strong><a href=\"https:\/\/www.unsitedemuzica.ro\/stiri\/David-Bryan-claparul-de-la-Bon-Jovi-testat-pozitiv-cu-noul-coronavirus-p9556\">UN SITE DE MUZICA<\/a><\/strong><\/p>\n","protected":false},"excerpt":{"rendered":"<p>\u201eMi-am primit azi rezultatele \u0219i \u021bin s\u0103 v\u0103 anun\u021b c\u0103 am fost testat pozitiv cu noul coronavirus. Sunt bolnav de o s\u0103pt\u0103m\u00e2n\u0103, dar m\u0103 simt mai bine pe zi ce trece. V\u0103 rog s\u0103 nu v\u0103 fie fric\u0103! Este o grip\u0103, nu ciuma. Sunt \u00een carantin\u0103 de o s\u0103pt\u0103m\u00e2n\u0103 \u0219i voi mai fi \u00eenc\u0103 o [&hellip;]<\/p>\n","protected":false},"author":1,"featured_media":2246,"comment_status":"closed","ping_status":"closed","sticky":false,"template":"","format":"standard","meta":{"_crdt_document":"","footnotes":""},"categories":[3],"tags":[],"class_list":["post-2245","post","type-post","status-publish","format-standard","has-post-thumbnail","hentry","category-stars"],"_links":{"self":[{"href":"https:\/\/news-fm.ro\/index.php\/wp-json\/wp\/v2\/posts\/2245","targetHints":{"allow":["GET"]}}],"collection":[{"href":"https:\/\/news-fm.ro\/index.php\/wp-json\/wp\/v2\/posts"}],"about":[{"href":"https:\/\/news-fm.ro\/index.php\/wp-json\/wp\/v2\/types\/post"}],"author":[{"embeddable":true,"href":"https:\/\/news-fm.ro\/index.php\/wp-json\/wp\/v2\/users\/1"}],"replies":[{"embeddable":true,"href":"https:\/\/news-fm.ro\/index.php\/wp-json\/wp\/v2\/comments?post=2245"}],"version-history":[{"count":0,"href":"https:\/\/news-fm.ro\/index.php\/wp-json\/wp\/v2\/posts\/2245\/revisions"}],"wp:featuredmedia":[{"embeddable":true,"href":"https:\/\/news-fm.ro\/index.php\/wp-json\/wp\/v2\/media\/2246"}],"wp:attachment":[{"href":"https:\/\/news-fm.ro\/index.php\/wp-json\/wp\/v2\/media?parent=2245"}],"wp:term":[{"taxonomy":"category","embeddable":true,"href":"https:\/\/news-fm.ro\/index.php\/wp-json\/wp\/v2\/categories?post=2245"},{"taxonomy":"post_tag","embeddable":true,"href":"https:\/\/news-fm.ro\/index.php\/wp-json\/wp\/v2\/tags?post=2245"}],"curies":[{"name":"wp","href":"https:\/\/api.w.org\/{rel}","templated":true}]}}