{"id":2237,"date":"2020-03-24T06:04:57","date_gmt":"2020-03-24T06:04:57","guid":{"rendered":"http:\/\/news-fm.ro\/?p=2237"},"modified":"2020-03-24T06:04:58","modified_gmt":"2020-03-24T06:04:58","slug":"a-fost-facuta-publica-intreaga-conversatie-controversata-dintre-taylor-swift-si-kanye-west-din-2016","status":"publish","type":"post","link":"https:\/\/news-fm.ro\/index.php\/2020\/03\/24\/a-fost-facuta-publica-intreaga-conversatie-controversata-dintre-taylor-swift-si-kanye-west-din-2016\/","title":{"rendered":"A fost f\u0103cut\u0103 public\u0103 \u00eentreaga conversa\u0163ie controversat\u0103 dintre Taylor Swift \u015fi Kanye West din 2016"},"content":{"rendered":"\n<figure class=\"wp-block-image size-large\"><img fetchpriority=\"high\" decoding=\"async\" width=\"768\" height=\"433\" src=\"https:\/\/news-fm.ro\/wp-content\/uploads\/2020\/03\/TAYLOR-SWIFT.jpg\" alt=\"\" class=\"wp-image-2238\" srcset=\"https:\/\/news-fm.ro\/wp-content\/uploads\/2020\/03\/TAYLOR-SWIFT.jpg 768w, https:\/\/news-fm.ro\/wp-content\/uploads\/2020\/03\/TAYLOR-SWIFT-300x169.jpg 300w, https:\/\/news-fm.ro\/wp-content\/uploads\/2020\/03\/TAYLOR-SWIFT-500x282.jpg 500w\" sizes=\"(max-width: 768px) 100vw, 768px\" \/><\/figure>\n\n\n\n<p class=\"wp-block-paragraph\">\u00cen prezent, la 4 ani dup\u0103 ce Kim a f\u0103cut public\u0103 discu\u021bia la telefon dintre cei doi, \u00een care aparent Kanye \u00eei spune lui Taylor c\u0103 vrea s\u0103-i foloseasc\u0103 numele \u00een pies\u0103, \u00eentreaga conversa\u021bie a fost f\u0103cut\u0103 public\u0103.<\/p>\n\n\n\n<figure class=\"wp-block-image size-large\"><img decoding=\"async\" width=\"1024\" height=\"696\" src=\"https:\/\/news-fm.ro\/wp-content\/uploads\/2020\/03\/kanye.jpg\" alt=\"\" class=\"wp-image-2239\" srcset=\"https:\/\/news-fm.ro\/wp-content\/uploads\/2020\/03\/kanye.jpg 1024w, https:\/\/news-fm.ro\/wp-content\/uploads\/2020\/03\/kanye-300x204.jpg 300w, https:\/\/news-fm.ro\/wp-content\/uploads\/2020\/03\/kanye-768x522.jpg 768w, https:\/\/news-fm.ro\/wp-content\/uploads\/2020\/03\/kanye-500x340.jpg 500w\" sizes=\"(max-width: 1024px) 100vw, 1024px\" \/><\/figure>\n\n\n\n<p class=\"wp-block-paragraph\">\u0218i atunci \u0219i acum, problema r\u0103m\u00e2ne aceea\u0219i &#8211; West nu i-a spus lui Swift c\u0103-i va spune \u201ethat bitch\u201d \u00een versurile:\u00a0<strong><em>\u201eTo my Southside niggas that know me best\/I feel like me and Taylor might still have sex\/Why? I made that bitch famous.\u201d<\/em><\/strong><\/p>\n\n\n\n<p class=\"wp-block-paragraph\">\u00cen 2016, dup\u0103 ce a ap\u0103rut melodia, echipa artistei a lansat un comentariu prin care a numit c\u00e2ntecul \u201emisogin\u201d.<\/p>\n\n\n\n<p class=\"wp-block-paragraph\">Din modul \u00een care Kim a ediat video-ul, pare c\u0103 Taylor \u0219tia c\u0103 versurile vor fi cele de mai sus, dar acum afl\u0103m c\u0103 nu este deloc a\u0219a.<\/p>\n\n\n\n<p class=\"wp-block-paragraph\">Fanii s-au convins c\u0103 artista nu a min\u021bit nicio clip\u0103 (a\u0219a cum a precizat \u0219i \u00een documentarul Miss Americana de pe Netflix), a\u0219a c\u0103 au lansat hashtag-ul\u00a0<strong>#KanyeWestIsOverParty<\/strong>.<\/p>\n\n\n\n<p class=\"wp-block-paragraph\">sursa <strong><a href=\"https:\/\/www.unsitedemuzica.ro\/stiri\/VIDEO-A-fost-facuta-publica-intreaga-conversatie-controversata-dintre-Taylor-Swift-si-Kanye-West-din-2016-p9559\">UN SITE DE MUZIC\u0102<\/a><\/strong><\/p>\n","protected":false},"excerpt":{"rendered":"<p>\u00cen prezent, la 4 ani dup\u0103 ce Kim a f\u0103cut public\u0103 discu\u021bia la telefon dintre cei doi, \u00een care aparent Kanye \u00eei spune lui Taylor c\u0103 vrea s\u0103-i foloseasc\u0103 numele \u00een pies\u0103, \u00eentreaga conversa\u021bie a fost f\u0103cut\u0103 public\u0103. \u0218i atunci \u0219i acum, problema r\u0103m\u00e2ne aceea\u0219i &#8211; West nu i-a spus lui Swift c\u0103-i va spune [&hellip;]<\/p>\n","protected":false},"author":1,"featured_media":2238,"comment_status":"closed","ping_status":"closed","sticky":false,"template":"","format":"standard","meta":{"_crdt_document":"","footnotes":""},"categories":[3],"tags":[],"class_list":["post-2237","post","type-post","status-publish","format-standard","has-post-thumbnail","hentry","category-stars"],"_links":{"self":[{"href":"https:\/\/news-fm.ro\/index.php\/wp-json\/wp\/v2\/posts\/2237","targetHints":{"allow":["GET"]}}],"collection":[{"href":"https:\/\/news-fm.ro\/index.php\/wp-json\/wp\/v2\/posts"}],"about":[{"href":"https:\/\/news-fm.ro\/index.php\/wp-json\/wp\/v2\/types\/post"}],"author":[{"embeddable":true,"href":"https:\/\/news-fm.ro\/index.php\/wp-json\/wp\/v2\/users\/1"}],"replies":[{"embeddable":true,"href":"https:\/\/news-fm.ro\/index.php\/wp-json\/wp\/v2\/comments?post=2237"}],"version-history":[{"count":0,"href":"https:\/\/news-fm.ro\/index.php\/wp-json\/wp\/v2\/posts\/2237\/revisions"}],"wp:featuredmedia":[{"embeddable":true,"href":"https:\/\/news-fm.ro\/index.php\/wp-json\/wp\/v2\/media\/2238"}],"wp:attachment":[{"href":"https:\/\/news-fm.ro\/index.php\/wp-json\/wp\/v2\/media?parent=2237"}],"wp:term":[{"taxonomy":"category","embeddable":true,"href":"https:\/\/news-fm.ro\/index.php\/wp-json\/wp\/v2\/categories?post=2237"},{"taxonomy":"post_tag","embeddable":true,"href":"https:\/\/news-fm.ro\/index.php\/wp-json\/wp\/v2\/tags?post=2237"}],"curies":[{"name":"wp","href":"https:\/\/api.w.org\/{rel}","templated":true}]}}