{"id":2234,"date":"2020-03-24T05:58:59","date_gmt":"2020-03-24T05:58:59","guid":{"rendered":"http:\/\/news-fm.ro\/?p=2234"},"modified":"2020-03-24T05:59:01","modified_gmt":"2020-03-24T05:59:01","slug":"irina-rimes-si-a-deranjat-vecinii-artista-a-primit-reclamatii-din-cauza-galagiei-ne-plictisim-in-izolare","status":"publish","type":"post","link":"https:\/\/news-fm.ro\/index.php\/2020\/03\/24\/irina-rimes-si-a-deranjat-vecinii-artista-a-primit-reclamatii-din-cauza-galagiei-ne-plictisim-in-izolare\/","title":{"rendered":"Irina Rimes \u0219i-a deranjat vecinii. Artista a primit reclama\u021bii din cauza g\u0103l\u0103giei. \u201eNe plictisim \u00een izolare\u201d"},"content":{"rendered":"\n<figure class=\"wp-block-image size-large\"><img decoding=\"async\" src=\"https:\/\/news-fm.ro\/wp-content\/uploads\/2019\/02\/Irina_rimes_main-1-659x400.jpg\" alt=\"\" class=\"wp-image-1187\"\/><\/figure>\n\n\n\n<p class=\"wp-block-paragraph\">Irina Rimes \u00a0a primit reclama\u021bii din partea vecinilor, din cauza g\u0103l\u0103giei care se auzea din apartamentul ei. Vecina vedetei a publicat un mesaj pe grupul de Facebook al complexului reziden\u021bial din Pipera, unde se pl\u00e2nge c\u0103 este deranjat\u0103.<\/p>\n\n\n\n<figure class=\"wp-block-image size-large\"><img fetchpriority=\"high\" decoding=\"async\" width=\"580\" height=\"342\" src=\"https:\/\/news-fm.ro\/wp-content\/uploads\/2020\/03\/904191165008566305846779129875563803049984n0.jpg\" alt=\"\" class=\"wp-image-2235\" srcset=\"https:\/\/news-fm.ro\/wp-content\/uploads\/2020\/03\/904191165008566305846779129875563803049984n0.jpg 580w, https:\/\/news-fm.ro\/wp-content\/uploads\/2020\/03\/904191165008566305846779129875563803049984n0-300x177.jpg 300w, https:\/\/news-fm.ro\/wp-content\/uploads\/2020\/03\/904191165008566305846779129875563803049984n0-500x295.jpg 500w\" sizes=\"(max-width: 580px) 100vw, 580px\" \/><\/figure>\n\n\n\n<p class=\"wp-block-paragraph\"><br><\/p>\n\n\n\n<p class=\"wp-block-paragraph\">Click.ro a intrat \u00een posesia unor mesaje pe care Irina Rimes le-a purtat cu o vecin\u0103 de bloc. Aceasta a fost deranjat\u0103 de g\u0103l\u0103gia care venea din apartamentul artistei. \u00a0Femeia a explicat c\u00e2t de greu le este copiilor s\u0103 adoarm\u0103 din cauza muzicii date la volum maxim care se auzea din apartamentul Irinei Rimes.\u00a0<\/p>\n\n\n\n<p class=\"wp-block-paragraph\">Irina Rimes \u0219i-a cerut \u00a0scuze pentru g\u0103l\u0103gia pe care a f\u0103cut-o. \u201eSigur, ne scuza\u021bi. Ne plictisim izolare, e s\u00e2mb\u0103t\u0103 seara\u201d, a fost mesajul Irinei Rimes. Prietenele Irinei, Raluka \u0219i Ana Baniciu locuiesc \u00een acela\u0219i complex, iar zilele trecute au publicat mai multe clipuri pe re\u021belele de socializare, unde au c\u00e2ntat \u0219i au ascultat muzic\u0103.\u00a0<br><br>sursa <strong><a href=\"https:\/\/www.libertatea.ro\/entertainment\/irina-rimes-si-a-deranjat-vecinii-2924107\">LIBERTATEA<\/a><\/strong><\/p>\n","protected":false},"excerpt":{"rendered":"<p>Irina Rimes \u00a0a primit reclama\u021bii din partea vecinilor, din cauza g\u0103l\u0103giei care se auzea din apartamentul ei. Vecina vedetei a publicat un mesaj pe grupul de Facebook al complexului reziden\u021bial din Pipera, unde se pl\u00e2nge c\u0103 este deranjat\u0103. Click.ro a intrat \u00een posesia unor mesaje pe care Irina Rimes le-a purtat cu o vecin\u0103 de [&hellip;]<\/p>\n","protected":false},"author":1,"featured_media":0,"comment_status":"closed","ping_status":"closed","sticky":false,"template":"","format":"standard","meta":{"_crdt_document":"","footnotes":""},"categories":[3],"tags":[],"class_list":["post-2234","post","type-post","status-publish","format-standard","hentry","category-stars"],"_links":{"self":[{"href":"https:\/\/news-fm.ro\/index.php\/wp-json\/wp\/v2\/posts\/2234","targetHints":{"allow":["GET"]}}],"collection":[{"href":"https:\/\/news-fm.ro\/index.php\/wp-json\/wp\/v2\/posts"}],"about":[{"href":"https:\/\/news-fm.ro\/index.php\/wp-json\/wp\/v2\/types\/post"}],"author":[{"embeddable":true,"href":"https:\/\/news-fm.ro\/index.php\/wp-json\/wp\/v2\/users\/1"}],"replies":[{"embeddable":true,"href":"https:\/\/news-fm.ro\/index.php\/wp-json\/wp\/v2\/comments?post=2234"}],"version-history":[{"count":0,"href":"https:\/\/news-fm.ro\/index.php\/wp-json\/wp\/v2\/posts\/2234\/revisions"}],"wp:attachment":[{"href":"https:\/\/news-fm.ro\/index.php\/wp-json\/wp\/v2\/media?parent=2234"}],"wp:term":[{"taxonomy":"category","embeddable":true,"href":"https:\/\/news-fm.ro\/index.php\/wp-json\/wp\/v2\/categories?post=2234"},{"taxonomy":"post_tag","embeddable":true,"href":"https:\/\/news-fm.ro\/index.php\/wp-json\/wp\/v2\/tags?post=2234"}],"curies":[{"name":"wp","href":"https:\/\/api.w.org\/{rel}","templated":true}]}}