{"id":2232,"date":"2020-03-24T05:55:53","date_gmt":"2020-03-24T05:55:53","guid":{"rendered":"http:\/\/news-fm.ro\/?p=2232"},"modified":"2020-03-24T05:55:56","modified_gmt":"2020-03-24T05:55:56","slug":"roxen-ar-putea-participa-la-eurovision-2021-insa-cu-alta-melodie","status":"publish","type":"post","link":"https:\/\/news-fm.ro\/index.php\/2020\/03\/24\/roxen-ar-putea-participa-la-eurovision-2021-insa-cu-alta-melodie\/","title":{"rendered":"Roxen ar putea participa la Eurovision 2021, \u00eens\u0103 cu alt\u0103 melodie"},"content":{"rendered":"\n<figure class=\"wp-block-image size-large\"><img fetchpriority=\"high\" decoding=\"async\" width=\"700\" height=\"700\" src=\"https:\/\/news-fm.ro\/wp-content\/uploads\/2020\/03\/Roxen-eurovision-2020-piesa-alcohol-you-1.jpg\" alt=\"\" class=\"wp-image-2173\" srcset=\"https:\/\/news-fm.ro\/wp-content\/uploads\/2020\/03\/Roxen-eurovision-2020-piesa-alcohol-you-1.jpg 700w, https:\/\/news-fm.ro\/wp-content\/uploads\/2020\/03\/Roxen-eurovision-2020-piesa-alcohol-you-1-300x300.jpg 300w, https:\/\/news-fm.ro\/wp-content\/uploads\/2020\/03\/Roxen-eurovision-2020-piesa-alcohol-you-1-150x150.jpg 150w, https:\/\/news-fm.ro\/wp-content\/uploads\/2020\/03\/Roxen-eurovision-2020-piesa-alcohol-you-1-500x500.jpg 500w, https:\/\/news-fm.ro\/wp-content\/uploads\/2020\/03\/Roxen-eurovision-2020-piesa-alcohol-you-1-350x350.jpg 350w, https:\/\/news-fm.ro\/wp-content\/uploads\/2020\/03\/Roxen-eurovision-2020-piesa-alcohol-you-1-600x600.jpg 600w\" sizes=\"(max-width: 700px) 100vw, 700px\" \/><\/figure>\n\n\n\n<p class=\"wp-block-paragraph\">Edi\u021bia din acest an a Eurovision Song Contest 2020 trebuia s\u0103 aib\u0103 loc la Rotterdam, sub sloganul \u201cOpen Up\u201d, cu semifinalele pe 12 \u015fi 14 mai \u015fi finala pe 16 mai.<br><\/p>\n\n\n\n<p class=\"wp-block-paragraph\">Din cauza coronavirusului organizatorii evenimentului din Olanda au anun\u021bat zilele trecute, c\u0103 show-ul a fost anulat, urm\u00e2nd s\u0103 vin\u0103 cu noi preciz\u0103ri \u00een cel mai scurt timp.<\/p>\n\n\n\n<p class=\"wp-block-paragraph\"> Roxen, cea care ar fi trebuit s\u0103 ne reprezinte la Rotterdam, ar putea participa la Eurovision 2021, \u00eens\u0103 cu alt\u0103 melodie \u0219i nu cea care fusese aleas\u0103 pentru anul acesta. <\/p>\n\n\n\n<p class=\"wp-block-paragraph\">\u201eAm fost cople\u0219i\u021bi de dragostea pe care familia Eurovision Song Contest a \u00eemp\u0103rt\u0103\u0219it-o de la decizia dificil\u0103 de a anula evenimentul 2020. EBU este foarte con\u0219tient de c\u00e2t de mult va lipsi Eurovision Song Contest anul acesta. <\/p>\n\n\n\n<p class=\"wp-block-paragraph\">Universalitatea concursului, \u00eempreuna cu tradi\u021bia \u021bi m\u00e2ndria noastr\u0103 de a s\u0103rb\u0103tori diversitatea prin muzic\u0103, sunt acum necesare mai mult ca oric\u00e2nd.<\/p>\n\n\n\n<p class=\"wp-block-paragraph\">Asadar, EBU \u0219i membrii s\u0103i exploreaz\u0103 \u00een prezent posibilit\u0103\u021bi alternative, dar nu \u0219i un concurs, pentru a uni \u0219i bucura publicul din \u00eentreaga Europ\u0103 \u00een aceasta perioada provocatoare\u201d, este mesajul postat pe contul de socializare Eurovision Rom\u00e2nia.<br><\/p>\n\n\n\n<p class=\"wp-block-paragraph\">sursa <strong><a href=\"https:\/\/www.libertatea.ro\/entertainment\/roxen-ar-putea-participa-la-eurovision-2021-2924095\">LIBERTATEA<\/a><\/strong><\/p>\n","protected":false},"excerpt":{"rendered":"<p>Edi\u021bia din acest an a Eurovision Song Contest 2020 trebuia s\u0103 aib\u0103 loc la Rotterdam, sub sloganul \u201cOpen Up\u201d, cu semifinalele pe 12 \u015fi 14 mai \u015fi finala pe 16 mai. Din cauza coronavirusului organizatorii evenimentului din Olanda au anun\u021bat zilele trecute, c\u0103 show-ul a fost anulat, urm\u00e2nd s\u0103 vin\u0103 cu noi preciz\u0103ri \u00een cel [&hellip;]<\/p>\n","protected":false},"author":1,"featured_media":2173,"comment_status":"closed","ping_status":"closed","sticky":false,"template":"","format":"standard","meta":{"_crdt_document":"","footnotes":""},"categories":[4],"tags":[],"class_list":["post-2232","post","type-post","status-publish","format-standard","has-post-thumbnail","hentry","category-noutati"],"_links":{"self":[{"href":"https:\/\/news-fm.ro\/index.php\/wp-json\/wp\/v2\/posts\/2232","targetHints":{"allow":["GET"]}}],"collection":[{"href":"https:\/\/news-fm.ro\/index.php\/wp-json\/wp\/v2\/posts"}],"about":[{"href":"https:\/\/news-fm.ro\/index.php\/wp-json\/wp\/v2\/types\/post"}],"author":[{"embeddable":true,"href":"https:\/\/news-fm.ro\/index.php\/wp-json\/wp\/v2\/users\/1"}],"replies":[{"embeddable":true,"href":"https:\/\/news-fm.ro\/index.php\/wp-json\/wp\/v2\/comments?post=2232"}],"version-history":[{"count":0,"href":"https:\/\/news-fm.ro\/index.php\/wp-json\/wp\/v2\/posts\/2232\/revisions"}],"wp:featuredmedia":[{"embeddable":true,"href":"https:\/\/news-fm.ro\/index.php\/wp-json\/wp\/v2\/media\/2173"}],"wp:attachment":[{"href":"https:\/\/news-fm.ro\/index.php\/wp-json\/wp\/v2\/media?parent=2232"}],"wp:term":[{"taxonomy":"category","embeddable":true,"href":"https:\/\/news-fm.ro\/index.php\/wp-json\/wp\/v2\/categories?post=2232"},{"taxonomy":"post_tag","embeddable":true,"href":"https:\/\/news-fm.ro\/index.php\/wp-json\/wp\/v2\/tags?post=2232"}],"curies":[{"name":"wp","href":"https:\/\/api.w.org\/{rel}","templated":true}]}}