{"id":2223,"date":"2020-03-23T06:12:53","date_gmt":"2020-03-23T06:12:53","guid":{"rendered":"http:\/\/news-fm.ro\/?p=2223"},"modified":"2020-03-23T06:12:57","modified_gmt":"2020-03-23T06:12:57","slug":"momentul-emotionant-in-care-spaniolii-canta-din-autoizolare-my-heart-will-go-on","status":"publish","type":"post","link":"https:\/\/news-fm.ro\/index.php\/2020\/03\/23\/momentul-emotionant-in-care-spaniolii-canta-din-autoizolare-my-heart-will-go-on\/","title":{"rendered":"Momentul emo\u0163ionant \u00een care spaniolii c\u00e2nt\u0103 din autoizolare \u201eMy Heart Will Go On\u201d"},"content":{"rendered":"\n<figure class=\"wp-block-image size-large\"><img fetchpriority=\"high\" decoding=\"async\" width=\"683\" height=\"1024\" src=\"https:\/\/news-fm.ro\/wp-content\/uploads\/2020\/03\/celine-683x1024.jpg\" alt=\"\" class=\"wp-image-2122\" srcset=\"https:\/\/news-fm.ro\/wp-content\/uploads\/2020\/03\/celine-683x1024.jpg 683w, https:\/\/news-fm.ro\/wp-content\/uploads\/2020\/03\/celine-200x300.jpg 200w, https:\/\/news-fm.ro\/wp-content\/uploads\/2020\/03\/celine-768x1152.jpg 768w, https:\/\/news-fm.ro\/wp-content\/uploads\/2020\/03\/celine-500x750.jpg 500w, https:\/\/news-fm.ro\/wp-content\/uploads\/2020\/03\/celine.jpg 800w\" sizes=\"(max-width: 683px) 100vw, 683px\" \/><\/figure>\n\n\n\n<p class=\"wp-block-paragraph\">Am tot v\u0103zut zilele astea cum \u00een ora\u0219e din Italia oamenii ies seara \u0219i c\u00e2nt\u0103 de la balcoane. Sunt momente cu adev\u0103rat emo\u021bionante \u0219i care ne arat\u0103 \u0219i partea frumoas\u0103 a autoizol\u0103rii.&nbsp;<\/p>\n\n\n\n<p class=\"wp-block-paragraph\">\u00cen Barcelona, de cur\u00e2nd, pe timp de zi, pianistul Alberto Gestoso \u0219i saxofonistul&nbsp;Alexander Lebron Torrent au c\u00e2ntat de la balcon piesa lui&nbsp;Celine Dion, \u201eMy Heart Will Go On\u201d \u0219i au fost aplauda\u021bi de to\u021bi cei afla\u021bi \u00een autoizolare pe strada lor.<\/p>\n\n\n\n<p class=\"wp-block-paragraph\">Ca \u00een multe alte \u021b\u0103ri din Europa, Spania se afl\u0103 sub stare de urgen\u021b\u0103, cu peste 8000 de oameni infecta\u021bi cu&nbsp;COVID-19 \u0219i \u00een jur de 300 de victime f\u0103cute de acest virus.&nbsp;<\/p>\n\n\n\n<p class=\"wp-block-paragraph\">Oare cum ar ar\u0103ta \u00een\u00a0Bucure\u0219ti un astfel de moment \u0219i ce pies\u0103 crede\u021bi c\u0103 s-ar potrivi pentru a fi c\u00e2ntat\u0103 de la balcoane?\u00a0<\/p>\n\n\n\n<figure class=\"wp-block-embed-instagram wp-block-embed is-type-rich is-provider-instagram\"><div class=\"wp-block-embed__wrapper\">\nhttps:\/\/www.instagram.com\/tv\/B9whpNRI-9Y\/?utm_source=ig_embed\n<\/div><\/figure>\n\n\n\n<p class=\"wp-block-paragraph\">sursa <strong><a href=\"https:\/\/www.unsitedemuzica.ro\/stiri\/Momentul-emotionant-in-care-spaniolii-canta-din-autoizolare-My-Heart-Will-Go-On-p9537\">UN SITE DE MUZICA<\/a><\/strong><\/p>\n","protected":false},"excerpt":{"rendered":"<p>Am tot v\u0103zut zilele astea cum \u00een ora\u0219e din Italia oamenii ies seara \u0219i c\u00e2nt\u0103 de la balcoane. Sunt momente cu adev\u0103rat emo\u021bionante \u0219i care ne arat\u0103 \u0219i partea frumoas\u0103 a autoizol\u0103rii.&nbsp; \u00cen Barcelona, de cur\u00e2nd, pe timp de zi, pianistul Alberto Gestoso \u0219i saxofonistul&nbsp;Alexander Lebron Torrent au c\u00e2ntat de la balcon piesa lui&nbsp;Celine Dion, [&hellip;]<\/p>\n","protected":false},"author":1,"featured_media":2122,"comment_status":"closed","ping_status":"closed","sticky":false,"template":"","format":"standard","meta":{"_crdt_document":"","footnotes":""},"categories":[1],"tags":[],"class_list":["post-2223","post","type-post","status-publish","format-standard","has-post-thumbnail","hentry","category-diverse"],"_links":{"self":[{"href":"https:\/\/news-fm.ro\/index.php\/wp-json\/wp\/v2\/posts\/2223","targetHints":{"allow":["GET"]}}],"collection":[{"href":"https:\/\/news-fm.ro\/index.php\/wp-json\/wp\/v2\/posts"}],"about":[{"href":"https:\/\/news-fm.ro\/index.php\/wp-json\/wp\/v2\/types\/post"}],"author":[{"embeddable":true,"href":"https:\/\/news-fm.ro\/index.php\/wp-json\/wp\/v2\/users\/1"}],"replies":[{"embeddable":true,"href":"https:\/\/news-fm.ro\/index.php\/wp-json\/wp\/v2\/comments?post=2223"}],"version-history":[{"count":0,"href":"https:\/\/news-fm.ro\/index.php\/wp-json\/wp\/v2\/posts\/2223\/revisions"}],"wp:featuredmedia":[{"embeddable":true,"href":"https:\/\/news-fm.ro\/index.php\/wp-json\/wp\/v2\/media\/2122"}],"wp:attachment":[{"href":"https:\/\/news-fm.ro\/index.php\/wp-json\/wp\/v2\/media?parent=2223"}],"wp:term":[{"taxonomy":"category","embeddable":true,"href":"https:\/\/news-fm.ro\/index.php\/wp-json\/wp\/v2\/categories?post=2223"},{"taxonomy":"post_tag","embeddable":true,"href":"https:\/\/news-fm.ro\/index.php\/wp-json\/wp\/v2\/tags?post=2223"}],"curies":[{"name":"wp","href":"https:\/\/api.w.org\/{rel}","templated":true}]}}