{"id":2212,"date":"2020-03-20T07:11:37","date_gmt":"2020-03-20T07:11:37","guid":{"rendered":"http:\/\/news-fm.ro\/?p=2212"},"modified":"2020-03-20T07:11:47","modified_gmt":"2020-03-20T07:11:47","slug":"video-emotionant-gal-gadot-a-strans-o-gasca-de-celebritati-pentru-a-canta-impreuna-imagine","status":"publish","type":"post","link":"https:\/\/news-fm.ro\/index.php\/2020\/03\/20\/video-emotionant-gal-gadot-a-strans-o-gasca-de-celebritati-pentru-a-canta-impreuna-imagine\/","title":{"rendered":"VIDEO emo\u0163ionant: Gal Gadot a str\u00e2ns o ga\u015fc\u0103 de celebrit\u0103\u0163i pentru a c\u00e2nta \u00eempreun\u0103 \u201eImagine\u201d"},"content":{"rendered":"\n<figure class=\"wp-block-image size-large\"><img fetchpriority=\"high\" decoding=\"async\" width=\"887\" height=\"1024\" src=\"https:\/\/news-fm.ro\/wp-content\/uploads\/2020\/03\/Gal_Gadot_cropped_lighting_corrected_2b-887x1024.jpg\" alt=\"\" class=\"wp-image-2213\" srcset=\"https:\/\/news-fm.ro\/wp-content\/uploads\/2020\/03\/Gal_Gadot_cropped_lighting_corrected_2b-887x1024.jpg 887w, https:\/\/news-fm.ro\/wp-content\/uploads\/2020\/03\/Gal_Gadot_cropped_lighting_corrected_2b-260x300.jpg 260w, https:\/\/news-fm.ro\/wp-content\/uploads\/2020\/03\/Gal_Gadot_cropped_lighting_corrected_2b-768x886.jpg 768w, https:\/\/news-fm.ro\/wp-content\/uploads\/2020\/03\/Gal_Gadot_cropped_lighting_corrected_2b-1331x1536.jpg 1331w, https:\/\/news-fm.ro\/wp-content\/uploads\/2020\/03\/Gal_Gadot_cropped_lighting_corrected_2b-1774x2048.jpg 1774w, https:\/\/news-fm.ro\/wp-content\/uploads\/2020\/03\/Gal_Gadot_cropped_lighting_corrected_2b-500x577.jpg 500w, https:\/\/news-fm.ro\/wp-content\/uploads\/2020\/03\/Gal_Gadot_cropped_lighting_corrected_2b.jpg 1875w\" sizes=\"(max-width: 887px) 100vw, 887px\" \/><\/figure>\n\n\n\n<p class=\"wp-block-paragraph\">Gal Gadot confirm\u0103 aceste lucruri \u0219i s-a g\u00e2ndit la o idee foarte dr\u0103gu\u021b\u0103 \u0219i emo\u021bionant\u0103 &#8211; a str\u00e2ns o ga\u0219c\u0103 de celebrit\u0103\u021bi \u0219i le-a pus s\u0103 c\u00e2nte piesa semnat\u0103 John Lennon &#8211; \u201eImagine\u201d.<\/p>\n\n\n\n<p class=\"wp-block-paragraph\">Actri\u021ba principal\u0103 din \u201eWonder Woman\u201d a f\u0103cut un video pe contul s\u0103u de Instagram \u00een care a spus c\u0103 cele 6 zile pe care le-a petrecut la izolare au f\u0103cut-o s\u0103 filozofeze.<\/p>\n\n\n\n<p class=\"wp-block-paragraph\"><em>\u201eNoul coronavirus a afectat toat\u0103 lumea, aboslut pe to\u021bi. Nu conteaz\u0103 cine e\u0219ti sau de unde vii. Suntem cu to\u021bii \u00eempreun\u0103 \u00een treaba asta.\u201d<\/em><\/p>\n\n\n\n<figure class=\"wp-block-embed-instagram wp-block-embed is-type-rich is-provider-instagram\"><div class=\"wp-block-embed__wrapper\">\nhttps:\/\/www.instagram.com\/tv\/B95M4kNhbzz\/?utm_source=ig_embed\n<\/div><\/figure>\n\n\n\n<p class=\"wp-block-paragraph\">\u0218i pentru c\u0103 are prieteni faimo\u0219i la care poate apela cu \u00eencredere, Gal i-a sunat \u0219i i-a rugat s\u0103 c\u00e2nte un vers din melodia de mai sus.<\/p>\n\n\n\n<p class=\"wp-block-paragraph\">Rezultatul este unul foarte simpatic \u0219i mushy! Ah, iar dac\u0103 e\u0219ti curios cine-s \u201efra\u021bii\u201d actri\u021bei, iat\u0103 doar c\u00e2teva nume:\u00a0<strong>Sia, Will Ferrell, Sarah Silverman, Jimmy Fallon, James Marsden, Amy Adams, Zoe Kravitz, Norah Jones, Mark Ruffalo, Natalie Portman, Lynda Carter.<\/strong><\/p>\n\n\n\n<p class=\"wp-block-paragraph\"><strong><a href=\"https:\/\/www.unsitedemuzica.ro\/stiri\/VIDEO-emotionant-Gal-Gadot-a-strans-o-gasca-de-celebritati-pentru-a-canta-impreuna-Imagine-p9528\">UN SITE DE MUZICA<\/a><\/strong><\/p>\n","protected":false},"excerpt":{"rendered":"<p>Gal Gadot confirm\u0103 aceste lucruri \u0219i s-a g\u00e2ndit la o idee foarte dr\u0103gu\u021b\u0103 \u0219i emo\u021bionant\u0103 &#8211; a str\u00e2ns o ga\u0219c\u0103 de celebrit\u0103\u021bi \u0219i le-a pus s\u0103 c\u00e2nte piesa semnat\u0103 John Lennon &#8211; \u201eImagine\u201d. Actri\u021ba principal\u0103 din \u201eWonder Woman\u201d a f\u0103cut un video pe contul s\u0103u de Instagram \u00een care a spus c\u0103 cele 6 zile [&hellip;]<\/p>\n","protected":false},"author":1,"featured_media":2213,"comment_status":"closed","ping_status":"closed","sticky":false,"template":"","format":"standard","meta":{"_crdt_document":"","footnotes":""},"categories":[3],"tags":[],"class_list":["post-2212","post","type-post","status-publish","format-standard","has-post-thumbnail","hentry","category-stars"],"_links":{"self":[{"href":"https:\/\/news-fm.ro\/index.php\/wp-json\/wp\/v2\/posts\/2212","targetHints":{"allow":["GET"]}}],"collection":[{"href":"https:\/\/news-fm.ro\/index.php\/wp-json\/wp\/v2\/posts"}],"about":[{"href":"https:\/\/news-fm.ro\/index.php\/wp-json\/wp\/v2\/types\/post"}],"author":[{"embeddable":true,"href":"https:\/\/news-fm.ro\/index.php\/wp-json\/wp\/v2\/users\/1"}],"replies":[{"embeddable":true,"href":"https:\/\/news-fm.ro\/index.php\/wp-json\/wp\/v2\/comments?post=2212"}],"version-history":[{"count":0,"href":"https:\/\/news-fm.ro\/index.php\/wp-json\/wp\/v2\/posts\/2212\/revisions"}],"wp:featuredmedia":[{"embeddable":true,"href":"https:\/\/news-fm.ro\/index.php\/wp-json\/wp\/v2\/media\/2213"}],"wp:attachment":[{"href":"https:\/\/news-fm.ro\/index.php\/wp-json\/wp\/v2\/media?parent=2212"}],"wp:term":[{"taxonomy":"category","embeddable":true,"href":"https:\/\/news-fm.ro\/index.php\/wp-json\/wp\/v2\/categories?post=2212"},{"taxonomy":"post_tag","embeddable":true,"href":"https:\/\/news-fm.ro\/index.php\/wp-json\/wp\/v2\/tags?post=2212"}],"curies":[{"name":"wp","href":"https:\/\/api.w.org\/{rel}","templated":true}]}}