{"id":2187,"date":"2020-03-19T05:44:50","date_gmt":"2020-03-19T05:44:50","guid":{"rendered":"http:\/\/news-fm.ro\/?p=2187"},"modified":"2020-03-19T05:44:53","modified_gmt":"2020-03-19T05:44:53","slug":"eurovision-2020-a-fost-anulat-din-cauza-coronavirus","status":"publish","type":"post","link":"https:\/\/news-fm.ro\/index.php\/2020\/03\/19\/eurovision-2020-a-fost-anulat-din-cauza-coronavirus\/","title":{"rendered":"EUROVISION 2020 a fost anulat din cauza coronavirus"},"content":{"rendered":"\n<figure class=\"wp-block-image size-large\"><img decoding=\"async\" src=\"https:\/\/news-fm.ro\/wp-content\/uploads\/2019\/01\/Selectia-Nationala-Eurovision-Romania-2016.png\" alt=\"\" class=\"wp-image-1053\"\/><\/figure>\n\n\n\n<p class=\"wp-block-paragraph\"><strong>Eurovision 2020 a fost anulat din cauza pandemiei de coronavirus, potrivit unui anun\u021b recent al organizatorilor. Concursul muzical urma s\u0103 aib\u0103 loc \u00een luna mai, la Rotterdam.&nbsp;<\/strong><\/p>\n\n\n\n<p class=\"wp-block-paragraph\">Dup\u0103 ce majoritatea \u021b\u0103rilor\u00a0au decis interzicerea\u00a0adun\u0103rilor publice mai mari de 100 de persoane din cauza pandemiei de coronavirus, acest lucru a \u00eenceput s\u0103 afecteze r\u00e2nd pe r\u00e2nd marile evenimente, festivaluri sau concerte planificate \u00een perioada urm\u0103toare.<\/p>\n\n\n\n<p class=\"wp-block-paragraph\">Organizatorii festivalului&nbsp;<strong>Eurovision<\/strong>&nbsp;au anun\u021bat anularea concursului din cauza pandemiei coronavirusului:<\/p>\n\n\n\n<blockquote class=\"wp-block-quote is-layout-flow wp-block-quote-is-layout-flow\"><p>\u201eCu un regret profund trebuie s\u0103 anun\u021b\u0103m anularea Eurovision Song Contest 2020 de la Rotterdam. \u00cen ultimele s\u0103pt\u0103m\u00e2ni am explorat multe op\u021biuni alternative pentru a permite concursului Eurovision s\u0103 mearg\u0103 \u00eenainte.<\/p><p>Cu toate acestea, incertitudinea creat\u0103 de r\u0103sp\u00e2ndirea COVID-19 \u00een \u00eentreaga Europ\u0103 \u0219i restric\u021biile instituite de guvernele radiodifuzorilor participan\u021bi \u0219i de autorit\u0103\u021bile olandeze au f\u0103cut ca Uniunea European\u0103 de Radiodifuziune (EBU) s\u0103 ia decizia dificil\u0103 c\u0103 este imposibil s\u0103 continue organizarea evenimentului live conform planific\u0103rii.<\/p><p>Suntem foarte m\u00e2ndri c\u0103 Eurovision Song Contest a unit audien\u021be \u00een fiecare an, f\u0103r\u0103 \u00eentrerupere, \u00een ultimii 64 de ani \u0219i noi, ca \u0219i milioanele de fani din \u00eentreaga lume, suntem extrem de \u00eentrista\u021bi c\u0103 nu poate avea loc evenimentul \u00een luna mai\u201d,&nbsp;au transmis organizatorii.<\/p><\/blockquote>\n\n\n\n<p class=\"wp-block-paragraph\">\u00cen postare se men\u021bioneaz\u0103 c\u0103 echipa Eurovisionului a examinat diverse variante de organizare a concursului, \u00eens\u0103 a ajuns la concluzia c\u0103 desf\u0103\u0219urarea acestuia este imposibil\u0103 \u00een condi\u021biile actuale.<\/p>\n\n\n\n<p class=\"wp-block-paragraph\">Concursul muzical urma s\u0103 aib\u0103 loc pe 12-16 mai la Rotterdam. Olanda a devenit gazda evenimentului dup\u0103 victoria lui Duncan Laurence la edi\u021bia de anul trecut.<\/p>\n\n\n\n<p class=\"wp-block-paragraph\">sursa <a href=\"https:\/\/www.unsitedemuzica.ro\/stiri\/EUROVISION-2020-a-fost-anulat-din-cauza-coronavirus-p9513\">UN SITE DE MUZICA<\/a><\/p>\n","protected":false},"excerpt":{"rendered":"<p>Eurovision 2020 a fost anulat din cauza pandemiei de coronavirus, potrivit unui anun\u021b recent al organizatorilor. Concursul muzical urma s\u0103 aib\u0103 loc \u00een luna mai, la Rotterdam.&nbsp; Dup\u0103 ce majoritatea \u021b\u0103rilor\u00a0au decis interzicerea\u00a0adun\u0103rilor publice mai mari de 100 de persoane din cauza pandemiei de coronavirus, acest lucru a \u00eenceput s\u0103 afecteze r\u00e2nd pe r\u00e2nd marile [&hellip;]<\/p>\n","protected":false},"author":1,"featured_media":0,"comment_status":"closed","ping_status":"closed","sticky":false,"template":"","format":"standard","meta":{"_crdt_document":"","footnotes":""},"categories":[4],"tags":[],"class_list":["post-2187","post","type-post","status-publish","format-standard","hentry","category-noutati"],"_links":{"self":[{"href":"https:\/\/news-fm.ro\/index.php\/wp-json\/wp\/v2\/posts\/2187","targetHints":{"allow":["GET"]}}],"collection":[{"href":"https:\/\/news-fm.ro\/index.php\/wp-json\/wp\/v2\/posts"}],"about":[{"href":"https:\/\/news-fm.ro\/index.php\/wp-json\/wp\/v2\/types\/post"}],"author":[{"embeddable":true,"href":"https:\/\/news-fm.ro\/index.php\/wp-json\/wp\/v2\/users\/1"}],"replies":[{"embeddable":true,"href":"https:\/\/news-fm.ro\/index.php\/wp-json\/wp\/v2\/comments?post=2187"}],"version-history":[{"count":0,"href":"https:\/\/news-fm.ro\/index.php\/wp-json\/wp\/v2\/posts\/2187\/revisions"}],"wp:attachment":[{"href":"https:\/\/news-fm.ro\/index.php\/wp-json\/wp\/v2\/media?parent=2187"}],"wp:term":[{"taxonomy":"category","embeddable":true,"href":"https:\/\/news-fm.ro\/index.php\/wp-json\/wp\/v2\/categories?post=2187"},{"taxonomy":"post_tag","embeddable":true,"href":"https:\/\/news-fm.ro\/index.php\/wp-json\/wp\/v2\/tags?post=2187"}],"curies":[{"name":"wp","href":"https:\/\/api.w.org\/{rel}","templated":true}]}}