{"id":2182,"date":"2020-03-18T07:47:58","date_gmt":"2020-03-18T07:47:58","guid":{"rendered":"http:\/\/news-fm.ro\/?p=2182"},"modified":"2020-03-18T07:48:01","modified_gmt":"2020-03-18T07:48:01","slug":"lupta-italiei-cu-noul-coronavirus-inspira-mari-artisti-piesa-u2-dedicata-italienilor-care-au-inspirat-o","status":"publish","type":"post","link":"https:\/\/news-fm.ro\/index.php\/2020\/03\/18\/lupta-italiei-cu-noul-coronavirus-inspira-mari-artisti-piesa-u2-dedicata-italienilor-care-au-inspirat-o\/","title":{"rendered":"Lupta Italiei cu noul coronavirus inspir\u0103 mari arti\u0219ti &#8211; Piesa U2 dedicat\u0103 italienilor care au inspirat-o"},"content":{"rendered":"\n<figure class=\"wp-block-image size-large\"><img fetchpriority=\"high\" decoding=\"async\" width=\"1024\" height=\"640\" src=\"https:\/\/news-fm.ro\/wp-content\/uploads\/2020\/03\/u2-1024x640.jpg\" alt=\"\" class=\"wp-image-2183\" srcset=\"https:\/\/news-fm.ro\/wp-content\/uploads\/2020\/03\/u2-1024x640.jpg 1024w, https:\/\/news-fm.ro\/wp-content\/uploads\/2020\/03\/u2-300x188.jpg 300w, https:\/\/news-fm.ro\/wp-content\/uploads\/2020\/03\/u2-768x480.jpg 768w, https:\/\/news-fm.ro\/wp-content\/uploads\/2020\/03\/u2-1536x960.jpg 1536w, https:\/\/news-fm.ro\/wp-content\/uploads\/2020\/03\/u2-500x313.jpg 500w, https:\/\/news-fm.ro\/wp-content\/uploads\/2020\/03\/u2.jpg 1600w\" sizes=\"(max-width: 1024px) 100vw, 1024px\" \/><\/figure>\n\n\n\n<p class=\"wp-block-paragraph\">\u00cen plin\u0103 epidemie de coronavirus Bono, vocalistul trupei U2 a compus o melodie dedicat\u0103 tururor celor afecta\u021bi, Bono este recunoscut pentru implicarea sa \u00een campanii de caritate pe tot cuprinsul globului.<\/p>\n\n\n\n<p class=\"wp-block-paragraph\">&#8220;Pentru italienii care au inspirat-o &#8230; pentru irlandezi &#8230; pentru to\u021bi cei care de St.Patrick sunt \u00eentr-un loc str\u00e2mt \u0219i c\u00e2nt\u0103. C\u00e2nt\u0103m pentru medicii \u0219i asistentele din prima linie&#8230;&#8221;, a scris Bono pe Facebook.<\/p>\n\n\n\n<p class=\"wp-block-paragraph\">Autorit\u0103\u021bile italiene au raportat ieri 3.526 de cazuri noi de infectare cu coronavirus \u0219i alte 345 de decese, ridic\u00e2nd totalul cazurilor de infectare\u00a0la 31.506 \u0219i bilan\u021bul total al deceselor la 2.503.<\/p>\n\n\n\n<p class=\"wp-block-paragraph\">sursa <a href=\"https:\/\/www.stiripesurse.ro\/video-lupta-italiei-cu-noul-coronavirus-inspira-mari-artisti-piesa-u2-dedicata-italienilor-care-au-inspirat-o_1441893.html\">STIRI PE SURSE<\/a><\/p>\n","protected":false},"excerpt":{"rendered":"<p>\u00cen plin\u0103 epidemie de coronavirus Bono, vocalistul trupei U2 a compus o melodie dedicat\u0103 tururor celor afecta\u021bi, Bono este recunoscut pentru implicarea sa \u00een campanii de caritate pe tot cuprinsul globului. &#8220;Pentru italienii care au inspirat-o &#8230; pentru irlandezi &#8230; pentru to\u021bi cei care de St.Patrick sunt \u00eentr-un loc str\u00e2mt \u0219i c\u00e2nt\u0103. C\u00e2nt\u0103m pentru medicii [&hellip;]<\/p>\n","protected":false},"author":1,"featured_media":2183,"comment_status":"closed","ping_status":"closed","sticky":false,"template":"","format":"standard","meta":{"_crdt_document":"","footnotes":""},"categories":[2],"tags":[],"class_list":["post-2182","post","type-post","status-publish","format-standard","has-post-thumbnail","hentry","category-trupe"],"_links":{"self":[{"href":"https:\/\/news-fm.ro\/index.php\/wp-json\/wp\/v2\/posts\/2182","targetHints":{"allow":["GET"]}}],"collection":[{"href":"https:\/\/news-fm.ro\/index.php\/wp-json\/wp\/v2\/posts"}],"about":[{"href":"https:\/\/news-fm.ro\/index.php\/wp-json\/wp\/v2\/types\/post"}],"author":[{"embeddable":true,"href":"https:\/\/news-fm.ro\/index.php\/wp-json\/wp\/v2\/users\/1"}],"replies":[{"embeddable":true,"href":"https:\/\/news-fm.ro\/index.php\/wp-json\/wp\/v2\/comments?post=2182"}],"version-history":[{"count":0,"href":"https:\/\/news-fm.ro\/index.php\/wp-json\/wp\/v2\/posts\/2182\/revisions"}],"wp:featuredmedia":[{"embeddable":true,"href":"https:\/\/news-fm.ro\/index.php\/wp-json\/wp\/v2\/media\/2183"}],"wp:attachment":[{"href":"https:\/\/news-fm.ro\/index.php\/wp-json\/wp\/v2\/media?parent=2182"}],"wp:term":[{"taxonomy":"category","embeddable":true,"href":"https:\/\/news-fm.ro\/index.php\/wp-json\/wp\/v2\/categories?post=2182"},{"taxonomy":"post_tag","embeddable":true,"href":"https:\/\/news-fm.ro\/index.php\/wp-json\/wp\/v2\/tags?post=2182"}],"curies":[{"name":"wp","href":"https:\/\/api.w.org\/{rel}","templated":true}]}}