{"id":2172,"date":"2020-03-18T06:45:30","date_gmt":"2020-03-18T06:45:30","guid":{"rendered":"http:\/\/news-fm.ro\/?p=2172"},"modified":"2020-03-18T06:45:35","modified_gmt":"2020-03-18T06:45:35","slug":"roxen-reprezentanta-romaniei-la-eurovision-dezvaluie-secrete-de-familie-cand-m-am-nascut-medicii-i-au-spus-mamei-mele-ca-voi-fi-cantareata","status":"publish","type":"post","link":"https:\/\/news-fm.ro\/index.php\/2020\/03\/18\/roxen-reprezentanta-romaniei-la-eurovision-dezvaluie-secrete-de-familie-cand-m-am-nascut-medicii-i-au-spus-mamei-mele-ca-voi-fi-cantareata\/","title":{"rendered":"Roxen, reprezentanta Rom\u00e2niei la Eurovision, dezv\u0103luie secrete de familie: \u201dC\u00e2nd m-am n\u0103scut, medicii i-au spus mamei mele c\u0103 voi fi c\u00e2nt\u0103rea\u021b\u0103\u201d"},"content":{"rendered":"\n<figure class=\"wp-block-image size-large\"><img fetchpriority=\"high\" decoding=\"async\" width=\"700\" height=\"700\" src=\"https:\/\/news-fm.ro\/wp-content\/uploads\/2020\/03\/Roxen-eurovision-2020-piesa-alcohol-you-1.jpg\" alt=\"\" class=\"wp-image-2173\" srcset=\"https:\/\/news-fm.ro\/wp-content\/uploads\/2020\/03\/Roxen-eurovision-2020-piesa-alcohol-you-1.jpg 700w, https:\/\/news-fm.ro\/wp-content\/uploads\/2020\/03\/Roxen-eurovision-2020-piesa-alcohol-you-1-300x300.jpg 300w, https:\/\/news-fm.ro\/wp-content\/uploads\/2020\/03\/Roxen-eurovision-2020-piesa-alcohol-you-1-150x150.jpg 150w, https:\/\/news-fm.ro\/wp-content\/uploads\/2020\/03\/Roxen-eurovision-2020-piesa-alcohol-you-1-500x500.jpg 500w, https:\/\/news-fm.ro\/wp-content\/uploads\/2020\/03\/Roxen-eurovision-2020-piesa-alcohol-you-1-350x350.jpg 350w, https:\/\/news-fm.ro\/wp-content\/uploads\/2020\/03\/Roxen-eurovision-2020-piesa-alcohol-you-1-600x600.jpg 600w\" sizes=\"(max-width: 700px) 100vw, 700px\" \/><\/figure>\n\n\n\n<p class=\"wp-block-paragraph\">\u00centr-un moment \u00een care incertitudinea e singurul \u201dreper\u201d, Roxen, reprezentanta Rom\u00e2niei la Eurovision, are speran\u021ba c\u0103 lucrurile se vor rezolva p\u00e2n\u0103 \u00een luna mai \u0219i se va bucura de succes \u00een marea final\u0103. Cine este de fapt Roxen \u0219i cum arat\u0103 via\u021ba ei din spatele scenei, ne spune chiar t\u00e2n\u0103ra de 20 de ani \u00een interviul de mai jos.<br><\/p>\n\n\n\n<p class=\"wp-block-paragraph\">Libertatea: <strong>Felicit\u0103ri \u00een primul r\u00e2nd pentru participarea la Eurovision. E un concurs la care ai aspirat de mic\u0103 sau nici nu \u00eendr\u0103zneai s\u0103 visezi vreodat\u0103 c\u0103 vei ajunge s\u0103 reprezin\u021bi Rom\u00e2nia la o astfel de competi\u021bie? <\/strong><\/p>\n\n\n\n<p class=\"wp-block-paragraph\">Roxen: Mul\u021bumesc. C\u00e2nd eram mic\u0103, participam la concursuri de muzic\u0103 \u0219i la festivaluri \u0219i m\u0103 uitam la Eurovision \u00eempreun\u0103 cu mama mea. Visam c\u0103 \u00eentr-o zi voi c\u00e2nta \u0219i eu pe o scen\u0103 at\u00e2t de mare, \u00eens\u0103 nu \u00eendr\u0103zneam s\u0103 m\u0103 g\u00e2ndesc c\u0103 acest lucru se va \u00eent\u00e2mpla at\u00e2t de repede \u0219i c\u0103 voi putea reprezenta Rom\u00e2nia \u00eentr-o competi\u021bie at\u00e2t de important\u0103.<\/p>\n\n\n\n<p class=\"wp-block-paragraph\"><strong>Mereu a fost o presiune mare pe arti\u0219tii care ne-au reprezentat la Eurovision. Crezi c\u0103 vei face fa\u021b\u0103 acestei presiuni? <\/strong><\/p>\n\n\n\n<p class=\"wp-block-paragraph\">Din momentul \u00een care am aflat c\u0103 eu voi reprezenta Rom\u00e2nia la Eurovision, am \u00eenceput s\u0103 m\u0103 preg\u0103tesc zilnic pe toate planurile. Este o responsabilitatea uria\u0219\u0103, dar \u00eenv\u0103\u021b lucruri noi \u00een fiecare zi, simt c\u0103 devin mai puternic\u0103, mai responsabil\u0103 \u0219i mai determinat\u0103 s\u0103 reprezint Rom\u00e2nia la cel mai \u00eenalt nivel.<\/p>\n\n\n\n<p class=\"wp-block-paragraph\">Continuarea interviului pe <a href=\"https:\/\/www.libertatea.ro\/entertainment\/roxen-reprezentanta-romaniei-la-eurovision-dezvaluie-secrete-de-familie-cand-m-am-nascut-medicii-i-au-spus-mamei-mele-ca-voi-fi-cantareata-2916116\">LIBERTATEA<\/a><br><br><\/p>\n","protected":false},"excerpt":{"rendered":"<p>\u00centr-un moment \u00een care incertitudinea e singurul \u201dreper\u201d, Roxen, reprezentanta Rom\u00e2niei la Eurovision, are speran\u021ba c\u0103 lucrurile se vor rezolva p\u00e2n\u0103 \u00een luna mai \u0219i se va bucura de succes \u00een marea final\u0103. Cine este de fapt Roxen \u0219i cum arat\u0103 via\u021ba ei din spatele scenei, ne spune chiar t\u00e2n\u0103ra de 20 de ani \u00een [&hellip;]<\/p>\n","protected":false},"author":1,"featured_media":2173,"comment_status":"closed","ping_status":"closed","sticky":false,"template":"","format":"standard","meta":{"_crdt_document":"","footnotes":""},"categories":[3],"tags":[],"class_list":["post-2172","post","type-post","status-publish","format-standard","has-post-thumbnail","hentry","category-stars"],"_links":{"self":[{"href":"https:\/\/news-fm.ro\/index.php\/wp-json\/wp\/v2\/posts\/2172","targetHints":{"allow":["GET"]}}],"collection":[{"href":"https:\/\/news-fm.ro\/index.php\/wp-json\/wp\/v2\/posts"}],"about":[{"href":"https:\/\/news-fm.ro\/index.php\/wp-json\/wp\/v2\/types\/post"}],"author":[{"embeddable":true,"href":"https:\/\/news-fm.ro\/index.php\/wp-json\/wp\/v2\/users\/1"}],"replies":[{"embeddable":true,"href":"https:\/\/news-fm.ro\/index.php\/wp-json\/wp\/v2\/comments?post=2172"}],"version-history":[{"count":0,"href":"https:\/\/news-fm.ro\/index.php\/wp-json\/wp\/v2\/posts\/2172\/revisions"}],"wp:featuredmedia":[{"embeddable":true,"href":"https:\/\/news-fm.ro\/index.php\/wp-json\/wp\/v2\/media\/2173"}],"wp:attachment":[{"href":"https:\/\/news-fm.ro\/index.php\/wp-json\/wp\/v2\/media?parent=2172"}],"wp:term":[{"taxonomy":"category","embeddable":true,"href":"https:\/\/news-fm.ro\/index.php\/wp-json\/wp\/v2\/categories?post=2172"},{"taxonomy":"post_tag","embeddable":true,"href":"https:\/\/news-fm.ro\/index.php\/wp-json\/wp\/v2\/tags?post=2172"}],"curies":[{"name":"wp","href":"https:\/\/api.w.org\/{rel}","templated":true}]}}