{"id":2165,"date":"2020-03-18T06:33:35","date_gmt":"2020-03-18T06:33:35","guid":{"rendered":"http:\/\/news-fm.ro\/?p=2165"},"modified":"2020-03-18T06:33:38","modified_gmt":"2020-03-18T06:33:38","slug":"jared-leto-habar-nu-avea-de-pandemia-de-coronavirus-dupa-ce-a-stat-12-zile-izolat-in-desert","status":"publish","type":"post","link":"https:\/\/news-fm.ro\/index.php\/2020\/03\/18\/jared-leto-habar-nu-avea-de-pandemia-de-coronavirus-dupa-ce-a-stat-12-zile-izolat-in-desert\/","title":{"rendered":"Jared Leto habar nu avea de pandemia de coronavirus dup\u0103 ce a stat 12 zile izolat \u00een de\u015fert"},"content":{"rendered":"\n<figure class=\"wp-block-image size-large\"><img fetchpriority=\"high\" decoding=\"async\" width=\"1000\" height=\"562\" src=\"https:\/\/news-fm.ro\/wp-content\/uploads\/2020\/03\/jaredleto.jpg\" alt=\"\" class=\"wp-image-2166\" srcset=\"https:\/\/news-fm.ro\/wp-content\/uploads\/2020\/03\/jaredleto.jpg 1000w, https:\/\/news-fm.ro\/wp-content\/uploads\/2020\/03\/jaredleto-300x169.jpg 300w, https:\/\/news-fm.ro\/wp-content\/uploads\/2020\/03\/jaredleto-768x432.jpg 768w, https:\/\/news-fm.ro\/wp-content\/uploads\/2020\/03\/jaredleto-500x281.jpg 500w\" sizes=\"(max-width: 1000px) 100vw, 1000px\" \/><\/figure>\n\n\n\n<p class=\"wp-block-paragraph\">\u0218ti\u021bi vorba aia cu&nbsp;<em>\u201eAi tr\u0103it pe alt\u0103 planet\u0103\u201d?<\/em>&nbsp;Ei, bine, asta i se aplic\u0103 aproape la propriu lui Jared Leto, cel care abia acum a aflat de pandemia global\u0103 de coronavirus.<\/p>\n\n\n\n<p class=\"wp-block-paragraph\"><strong>Solistul Thirty Seconds to Mars \u0219i-a petrecut ultimele 12 zile \u00een de\u0219ert pentru a medita \u0219i, practic, a fost \u00een izolare din moment ce nu a avut acces la telefon \u0219i la comunicare.\u00a0<\/strong><\/p>\n\n\n\n<p class=\"wp-block-paragraph\">Astfel c\u0103 \u0219tirea potrivit c\u0103reia epidemia de COVID-19 a ajuns la cote alarmante nu i-a ajuns la urechi. A\u0219a c\u0103 a postat urm\u0103torul mesaj pe re\u021belele sociale.\u00a0<\/p>\n\n\n\n<h2 class=\"wp-block-heading\"><strong>\u201eAm ie\u0219it \u00eentr-o lume total diferit\u0103\u201d<\/strong><\/h2>\n\n\n\n<p class=\"wp-block-paragraph\"><em>\u201eWow. \u00cen urm\u0103 cu 12 zile am \u00eenceput o medita\u021bie \u00een de\u0219ert. Am fost total izola\u021bi. F\u0103r\u0103 telefoane, f\u0103r\u0103 comunicare. Nu am avut habar de ce se \u00eent\u00e2mpl\u0103 \u00een afar\u0103. Am ie\u0219it ieri \u00eentr-o lume total diferit\u0103. Una care s-a schimbat pentru totdeauna. Cople\u0219itoare &#8211; cel pu\u021bin. Primesc mesaje de la prieteni \u0219i familie de peste tot \u00een lume \u0219i \u00eencerc\u0103m s\u0103 ne punem la curent. Sper c\u0103 voi \u0219i ai vo\u0219tri sunte\u021bi ok. V\u0103 transmit energie pozitiv\u0103. R\u0103m\u00e2ne\u021bi \u00een cas\u0103. \u00cen siguran\u021b\u0103\u201d,<\/em>\u00a0a fost mesajul lui.\u00a0<\/p>\n\n\n\n<p class=\"wp-block-paragraph\">sursa <a href=\"https:\/\/www.unsitedemuzica.ro\/stiri\/Jared-Leto-habar-nu-avea-de-pandemia-de-coronavirus-dupa-ce-a-stat-12-zile-izolat-in-desert-p9496\">UN SITE DE MUZICA<\/a><\/p>\n","protected":false},"excerpt":{"rendered":"<p>\u0218ti\u021bi vorba aia cu&nbsp;\u201eAi tr\u0103it pe alt\u0103 planet\u0103\u201d?&nbsp;Ei, bine, asta i se aplic\u0103 aproape la propriu lui Jared Leto, cel care abia acum a aflat de pandemia global\u0103 de coronavirus. Solistul Thirty Seconds to Mars \u0219i-a petrecut ultimele 12 zile \u00een de\u0219ert pentru a medita \u0219i, practic, a fost \u00een izolare din moment ce nu [&hellip;]<\/p>\n","protected":false},"author":1,"featured_media":2166,"comment_status":"closed","ping_status":"closed","sticky":false,"template":"","format":"standard","meta":{"_crdt_document":"","footnotes":""},"categories":[3],"tags":[],"class_list":["post-2165","post","type-post","status-publish","format-standard","has-post-thumbnail","hentry","category-stars"],"_links":{"self":[{"href":"https:\/\/news-fm.ro\/index.php\/wp-json\/wp\/v2\/posts\/2165","targetHints":{"allow":["GET"]}}],"collection":[{"href":"https:\/\/news-fm.ro\/index.php\/wp-json\/wp\/v2\/posts"}],"about":[{"href":"https:\/\/news-fm.ro\/index.php\/wp-json\/wp\/v2\/types\/post"}],"author":[{"embeddable":true,"href":"https:\/\/news-fm.ro\/index.php\/wp-json\/wp\/v2\/users\/1"}],"replies":[{"embeddable":true,"href":"https:\/\/news-fm.ro\/index.php\/wp-json\/wp\/v2\/comments?post=2165"}],"version-history":[{"count":0,"href":"https:\/\/news-fm.ro\/index.php\/wp-json\/wp\/v2\/posts\/2165\/revisions"}],"wp:featuredmedia":[{"embeddable":true,"href":"https:\/\/news-fm.ro\/index.php\/wp-json\/wp\/v2\/media\/2166"}],"wp:attachment":[{"href":"https:\/\/news-fm.ro\/index.php\/wp-json\/wp\/v2\/media?parent=2165"}],"wp:term":[{"taxonomy":"category","embeddable":true,"href":"https:\/\/news-fm.ro\/index.php\/wp-json\/wp\/v2\/categories?post=2165"},{"taxonomy":"post_tag","embeddable":true,"href":"https:\/\/news-fm.ro\/index.php\/wp-json\/wp\/v2\/tags?post=2165"}],"curies":[{"name":"wp","href":"https:\/\/api.w.org\/{rel}","templated":true}]}}