{"id":2163,"date":"2020-03-18T06:24:13","date_gmt":"2020-03-18T06:24:13","guid":{"rendered":"http:\/\/news-fm.ro\/?p=2163"},"modified":"2020-03-18T06:24:16","modified_gmt":"2020-03-18T06:24:16","slug":"billie-eilish-transmite-fanilor-sa-fie-precauti-in-timpul-coronavirus-luati-totul-in-serios","status":"publish","type":"post","link":"https:\/\/news-fm.ro\/index.php\/2020\/03\/18\/billie-eilish-transmite-fanilor-sa-fie-precauti-in-timpul-coronavirus-luati-totul-in-serios\/","title":{"rendered":"Billie Eilish transmite fanilor s\u0103 fie precau\u0163i \u00een timpul coronavirus: \u201eLua\u0163i totul \u00een serios\u201d"},"content":{"rendered":"\n<figure class=\"wp-block-image size-large\"><img fetchpriority=\"high\" decoding=\"async\" width=\"800\" height=\"480\" src=\"https:\/\/news-fm.ro\/wp-content\/uploads\/2020\/03\/BILLIE-EILISH.jpg\" alt=\"\" class=\"wp-image-2128\" srcset=\"https:\/\/news-fm.ro\/wp-content\/uploads\/2020\/03\/BILLIE-EILISH.jpg 800w, https:\/\/news-fm.ro\/wp-content\/uploads\/2020\/03\/BILLIE-EILISH-300x180.jpg 300w, https:\/\/news-fm.ro\/wp-content\/uploads\/2020\/03\/BILLIE-EILISH-768x461.jpg 768w, https:\/\/news-fm.ro\/wp-content\/uploads\/2020\/03\/BILLIE-EILISH-500x300.jpg 500w\" sizes=\"(max-width: 800px) 100vw, 800px\" \/><\/figure>\n\n\n\n<p class=\"wp-block-paragraph\"><strong>Billie Eilish se al\u0103tur\u0103 vedetelor care \u00ee\u0219i \u00eencurajeaz\u0103 comunit\u0103\u021bile de fani s\u0103 fie precaute \u00een timpul epidemiei de coronavirus \u00een lume, dup\u0103 ce a fost nevoit\u0103 s\u0103 \u00ee\u0219i anuleze toate concertele din luna martie.<\/strong><\/p>\n\n\n\n<p class=\"wp-block-paragraph\">Ea a f\u0103cut un apel la comunitatea online noaptea trecut\u0103, prin intermediul instastory-urilor, pentru a oferi mai multe sfaturi de preven\u021bie \u00een perioada pandemiei globale:&nbsp;<\/p>\n\n\n\n<p class=\"wp-block-paragraph\"><strong>\u201cAm vrut s\u0103 vorbesc despre asta pentru c\u0103 \u0219tiu c\u0103 jum\u0103tate dintre oameni se panicheaz\u0103, \u00een timp ce cealalt\u0103 jum\u0103tate e nep\u0103s\u0103toare.\u201d<\/strong>, a spus artista.<\/p>\n\n\n\n<p class=\"wp-block-paragraph\">Billie transmite tuturor fanilor s\u0103 \u00ee\u0219i asume \u00een primul responsabilitate:<\/p>\n\n\n\n<p class=\"wp-block-paragraph\"><strong>\u201cNu v\u0103 panica\u021bi, dar nu fi\u021bi idio\u021bi. V\u0103 rog s\u0103 v\u0103 asuma\u021bi responsabilitate. Pentru c\u0103 da, pute\u021bi lua virusul \u0219i s\u0103 fi\u021bi bine, dar \u00eel pute\u021bi da p\u0103rin\u021bilor vo\u0219tri. \u00cel pute\u021bi da bunicilor, m\u0103tu\u0219ilor, unchilor, sau prietenilor mamei. Nu este vorba despre voi.\u201d<\/strong><\/p>\n\n\n\n<p class=\"wp-block-paragraph\">Revela\u021bia muzicii pop a anului 2019 insist\u0103 \u0219i asupra panicii create \u0219i a aprovizion\u0103rii \u00een exces:<\/p>\n\n\n\n<p class=\"wp-block-paragraph\"><strong>\u201c\u00cen\u021beleg panica, tot ce \u00eencerc s\u0103 spun este: relaxa\u021bi-v\u0103, dar lua\u021bi totul \u00een serios. Este o problem\u0103 major\u0103, iar oamenii \u00ee\u0219i pierd via\u021ba. Ai grij\u0103 de tine \u0219i de familia ta.\u201d<\/strong><\/p>\n\n\n\n<p class=\"wp-block-paragraph\">sursa <a href=\"https:\/\/www.unsitedemuzica.ro\/stiri\/Billie-Eilish-transmite-fanilor-sa-fie-precauti-in-timpul-coronavirus-Luati-totul-in-serios-p9501\">UN SITE DE MUZICA<\/a><\/p>\n","protected":false},"excerpt":{"rendered":"<p>Billie Eilish se al\u0103tur\u0103 vedetelor care \u00ee\u0219i \u00eencurajeaz\u0103 comunit\u0103\u021bile de fani s\u0103 fie precaute \u00een timpul epidemiei de coronavirus \u00een lume, dup\u0103 ce a fost nevoit\u0103 s\u0103 \u00ee\u0219i anuleze toate concertele din luna martie. Ea a f\u0103cut un apel la comunitatea online noaptea trecut\u0103, prin intermediul instastory-urilor, pentru a oferi mai multe sfaturi de preven\u021bie [&hellip;]<\/p>\n","protected":false},"author":1,"featured_media":2128,"comment_status":"closed","ping_status":"closed","sticky":false,"template":"","format":"standard","meta":{"_crdt_document":"","footnotes":""},"categories":[3],"tags":[],"class_list":["post-2163","post","type-post","status-publish","format-standard","has-post-thumbnail","hentry","category-stars"],"_links":{"self":[{"href":"https:\/\/news-fm.ro\/index.php\/wp-json\/wp\/v2\/posts\/2163","targetHints":{"allow":["GET"]}}],"collection":[{"href":"https:\/\/news-fm.ro\/index.php\/wp-json\/wp\/v2\/posts"}],"about":[{"href":"https:\/\/news-fm.ro\/index.php\/wp-json\/wp\/v2\/types\/post"}],"author":[{"embeddable":true,"href":"https:\/\/news-fm.ro\/index.php\/wp-json\/wp\/v2\/users\/1"}],"replies":[{"embeddable":true,"href":"https:\/\/news-fm.ro\/index.php\/wp-json\/wp\/v2\/comments?post=2163"}],"version-history":[{"count":0,"href":"https:\/\/news-fm.ro\/index.php\/wp-json\/wp\/v2\/posts\/2163\/revisions"}],"wp:featuredmedia":[{"embeddable":true,"href":"https:\/\/news-fm.ro\/index.php\/wp-json\/wp\/v2\/media\/2128"}],"wp:attachment":[{"href":"https:\/\/news-fm.ro\/index.php\/wp-json\/wp\/v2\/media?parent=2163"}],"wp:term":[{"taxonomy":"category","embeddable":true,"href":"https:\/\/news-fm.ro\/index.php\/wp-json\/wp\/v2\/categories?post=2163"},{"taxonomy":"post_tag","embeddable":true,"href":"https:\/\/news-fm.ro\/index.php\/wp-json\/wp\/v2\/tags?post=2163"}],"curies":[{"name":"wp","href":"https:\/\/api.w.org\/{rel}","templated":true}]}}