{"id":2150,"date":"2020-03-17T08:53:19","date_gmt":"2020-03-17T08:53:19","guid":{"rendered":"http:\/\/news-fm.ro\/?p=2150"},"modified":"2020-03-17T08:53:25","modified_gmt":"2020-03-17T08:53:25","slug":"video-lizzo-a-postat-o-meditatie-pentru-toata-lumea-pentru-a-ne-calma-de-grijile-cauzate-de-coronavirus","status":"publish","type":"post","link":"https:\/\/news-fm.ro\/index.php\/2020\/03\/17\/video-lizzo-a-postat-o-meditatie-pentru-toata-lumea-pentru-a-ne-calma-de-grijile-cauzate-de-coronavirus\/","title":{"rendered":"VIDEO: Lizzo a postat o medita\u0163ie pentru toat\u0103 lumea, pentru a ne calma de grijile cauzate de coronavirus"},"content":{"rendered":"\n<figure class=\"wp-block-image size-large\"><img fetchpriority=\"high\" decoding=\"async\" width=\"1024\" height=\"576\" src=\"https:\/\/news-fm.ro\/wp-content\/uploads\/2020\/03\/lizzzzoooo-1024x576.jpg\" alt=\"\" class=\"wp-image-2152\" srcset=\"https:\/\/news-fm.ro\/wp-content\/uploads\/2020\/03\/lizzzzoooo-1024x576.jpg 1024w, https:\/\/news-fm.ro\/wp-content\/uploads\/2020\/03\/lizzzzoooo-300x169.jpg 300w, https:\/\/news-fm.ro\/wp-content\/uploads\/2020\/03\/lizzzzoooo-768x432.jpg 768w, https:\/\/news-fm.ro\/wp-content\/uploads\/2020\/03\/lizzzzoooo-1536x864.jpg 1536w, https:\/\/news-fm.ro\/wp-content\/uploads\/2020\/03\/lizzzzoooo-500x281.jpg 500w, https:\/\/news-fm.ro\/wp-content\/uploads\/2020\/03\/lizzzzoooo.jpg 1642w\" sizes=\"(max-width: 1024px) 100vw, 1024px\" \/><\/figure>\n\n\n\n<p class=\"wp-block-paragraph\">Artista a realizat o medita\u021bie \u00een mas\u0103 via contul ei de Instagram. Video-ul de 30 de minute de mai jos ne-o prezint\u0103 pe Lizzo \u00een timp ce c\u00e2nt\u0103 la flaut \u0219i ne vorbe\u0219te calm despre cum lucrurile se vor rezolva de la sine, \u00een cele din urm\u0103. Important este s\u0103 nu ne pierdem speran\u021ba.<\/p>\n\n\n\n<p class=\"wp-block-paragraph\"><em>\u201ePutem, de multe ori, s\u0103 sim\u021bim multe pe planeta asta \u0219i mai ales \u00een prezent. Frica poate \u00eemp\u0103r\u021bi foarte mult\u0103 ur\u0103 \u0219i energie negativ\u0103. Vreau s\u0103 le ofer pu\u021bin\u0103 putere \u0219i credin\u021b\u0103 tuturor \u0219i s\u0103 v\u0103 zic c\u0103 ave\u021bi putere. To\u021bi avem putere. Ave\u021bi puterea de a elimina frica. Avem puterea de a reduce frica care este \u00een cre\u0219tere\u201d<\/em>, a spus Lizzo.<\/p>\n\n\n\n<p class=\"wp-block-paragraph\">Ea a mai povestit cum se g\u00e2nde\u0219te s\u0103-i ajute pe elevii care se bazau pe pr\u00e2nzurile gratuie, acum c\u0103 \u0219colile sunt \u00eenchise. Apoi a continuat s\u0103 vorbeasc\u0103 despre optimism, bun\u0103tate \u0219i unitate.<\/p>\n\n\n\n<p class=\"wp-block-paragraph\"><em>\u201eAceasta este o pandemie foarte serioas\u0103. Este un lucru foarte serios pe care-l experiment\u0103m \u00eempreun\u0103. Chiar dac\u0103 este un lucru bun sau un lucru tragic &#8211; ceea ce vom avea \u00eentotdeauna este sentimentul c\u0103 nu suntem singuri. \u00centotdeauna vom fi conecta\u021bi pe aceast\u0103 planet\u0103.\u201d<\/em><\/p>\n\n\n\n<p class=\"wp-block-paragraph\">Artista i-a mai ghidat pe fani cu tehnici de respira\u021bie \u0219i mantre pozitive. Dac\u0103 ai nevoie de pu\u021bin calm &amp; chill la tine \u00een suflet, atunci d\u0103 play la video-ul de mai jos. Way to go, Lizzo!<\/p>\n\n\n\n<figure class=\"wp-block-embed-instagram wp-block-embed is-type-rich is-provider-instagram\"><div class=\"wp-block-embed__wrapper\">\nhttps:\/\/www.instagram.com\/tv\/B9rq0CJh3y2\/?utm_source=ig_embed\n<\/div><\/figure>\n\n\n\n<p class=\"wp-block-paragraph\">sursa <a href=\"https:\/\/www.unsitedemuzica.ro\/stiri\/VIDEO-Lizzo-a-postat-o-meditatie-pentru-toata-lumea-pentru-a-ne-calma-de-grijile-cauzate-de-coronavirus-p9484\">UN SITE DE MUZICA<\/a><\/p>\n","protected":false},"excerpt":{"rendered":"<p>Artista a realizat o medita\u021bie \u00een mas\u0103 via contul ei de Instagram. Video-ul de 30 de minute de mai jos ne-o prezint\u0103 pe Lizzo \u00een timp ce c\u00e2nt\u0103 la flaut \u0219i ne vorbe\u0219te calm despre cum lucrurile se vor rezolva de la sine, \u00een cele din urm\u0103. Important este s\u0103 nu ne pierdem speran\u021ba. \u201ePutem, [&hellip;]<\/p>\n","protected":false},"author":1,"featured_media":2152,"comment_status":"closed","ping_status":"closed","sticky":false,"template":"","format":"standard","meta":{"_crdt_document":"","footnotes":""},"categories":[3],"tags":[],"class_list":["post-2150","post","type-post","status-publish","format-standard","has-post-thumbnail","hentry","category-stars"],"_links":{"self":[{"href":"https:\/\/news-fm.ro\/index.php\/wp-json\/wp\/v2\/posts\/2150","targetHints":{"allow":["GET"]}}],"collection":[{"href":"https:\/\/news-fm.ro\/index.php\/wp-json\/wp\/v2\/posts"}],"about":[{"href":"https:\/\/news-fm.ro\/index.php\/wp-json\/wp\/v2\/types\/post"}],"author":[{"embeddable":true,"href":"https:\/\/news-fm.ro\/index.php\/wp-json\/wp\/v2\/users\/1"}],"replies":[{"embeddable":true,"href":"https:\/\/news-fm.ro\/index.php\/wp-json\/wp\/v2\/comments?post=2150"}],"version-history":[{"count":0,"href":"https:\/\/news-fm.ro\/index.php\/wp-json\/wp\/v2\/posts\/2150\/revisions"}],"wp:featuredmedia":[{"embeddable":true,"href":"https:\/\/news-fm.ro\/index.php\/wp-json\/wp\/v2\/media\/2152"}],"wp:attachment":[{"href":"https:\/\/news-fm.ro\/index.php\/wp-json\/wp\/v2\/media?parent=2150"}],"wp:term":[{"taxonomy":"category","embeddable":true,"href":"https:\/\/news-fm.ro\/index.php\/wp-json\/wp\/v2\/categories?post=2150"},{"taxonomy":"post_tag","embeddable":true,"href":"https:\/\/news-fm.ro\/index.php\/wp-json\/wp\/v2\/tags?post=2150"}],"curies":[{"name":"wp","href":"https:\/\/api.w.org\/{rel}","templated":true}]}}