{"id":2147,"date":"2020-03-17T08:45:42","date_gmt":"2020-03-17T08:45:42","guid":{"rendered":"http:\/\/news-fm.ro\/?p=2147"},"modified":"2020-03-17T08:45:45","modified_gmt":"2020-03-17T08:45:45","slug":"videoclip-oficial-carlas-dreams-secrete","status":"publish","type":"post","link":"https:\/\/news-fm.ro\/index.php\/2020\/03\/17\/videoclip-oficial-carlas-dreams-secrete\/","title":{"rendered":"Videoclip oficial: Carla&#8217;s Dreams &#8211; Secrete"},"content":{"rendered":"\n<figure class=\"wp-block-embed-youtube wp-block-embed is-type-video is-provider-youtube wp-embed-aspect-16-9 wp-has-aspect-ratio\"><div class=\"wp-block-embed__wrapper\">\n<iframe title=\"Carla&#039;s Dreams - Secrete | Official Video\" width=\"1140\" height=\"641\" src=\"https:\/\/www.youtube.com\/embed\/Blz27vNmzvw?feature=oembed\" frameborder=\"0\" allow=\"accelerometer; autoplay; clipboard-write; encrypted-media; gyroscope; picture-in-picture; web-share\" allowfullscreen><\/iframe>\n<\/div><\/figure>\n\n\n\n<p class=\"wp-block-paragraph\"><strong>Carla&#8217;s Dreams ne reaminte\u015fte c\u0103 afar\u0103 e totu\u015fi prim\u0103var\u0103 \u015fi anotimpul dragostei, prin noua pies\u0103 &#8220;Secrete&#8221;. Track-ul prime\u015fte un videoclip atipic pentru Carla&#8217;s, regizat de Roman Burlaca. Urm\u0103re\u015fte povestea cu ghei\u015fe \u015fi samurai \u00een articol.<\/strong><\/p>\n\n\n\n<p class=\"wp-block-paragraph\"><strong>&#8220;Secrete&#8221;<\/strong>&nbsp;se \u00eendep\u0103rteaz\u0103 de identitatea vizual\u0103 clasic\u0103 pentru&nbsp;<strong>Carla&#8217;s Dreams<\/strong>&nbsp;\u015fi se ancoreaz\u0103 \u00een universul oriental. Povestea este spus\u0103 prin 3 perspective \u00een clipul regizat de Roman Burlaca. \u00cel avem pe t\u00e2n\u0103rul r\u0103zboinic, care se perfec\u0163ioneaz\u0103 pentru a deveni un samurai, dar \u015fi pe t\u00e2n\u0103ra preg\u0103tit\u0103 s\u0103 fie ghei\u015f\u0103. Aceasta este \u00eemb\u0103iata, \u00eembr\u0103cat\u0103 \u015fi se preg\u0103te\u015fte pentru un mire&#8230; care ar putea fi chiar Moartea. \u00cen rolul personajului \u00eentunecat care duce sufletele pe lumea cealalt\u0103 pare s\u0103 fie chiar Carla&#8217;s Dreams, cu o costuma\u0163ie ceva mai sumbr\u0103 dec\u00e2t de obicei.<\/p>\n\n\n\n<p class=\"wp-block-paragraph\">Este personajul Charon din mitologia greac\u0103, cel care ducea \u00eentr-o luntre sufletele \u00een via\u0163a de dup\u0103, navig\u00e2nd pe r\u00e2ul Styx. Povestea este una tragic\u0103, a doi \u00eendr\u0103gosti\u0163i care nu pot fi \u00eempreun\u0103, a\u015fa c\u0103 aleg s\u0103 \u00ee\u015fi sf\u00e2r\u015feasc\u0103 via\u0163a. Versurile sunt totu\u015fi mai pu\u0163in tragice \u015fi mai degrab\u0103 romantice. Carla&#8217;s c\u00e2nt\u0103 despre \u00eenl\u0103n\u0163uirea senzual\u0103 a iubi\u0163ilor, despre c\u0103dere \u015fi ridicare, dar \u015fi team\u0103 c\u0103 \u00eendr\u0103gosti\u0163ii nu vor mai nimeri \u00een rai, dup\u0103 a\u015fa multe c\u0103deri.<\/p>\n\n\n\n<p class=\"wp-block-paragraph\">Melodia combin\u0103 un pop depresiv cu sensibilit\u0103\u0163i R&amp;B \u015fi \u00eentunecimea unui trip-hop cu instrumental \u0163inut la minim. Single-ul a debutat cu mesajul &#8220;Eu de azi nu ies din cas\u0103, tu e\u0219ti casa mea&#8221;, potrivit vremurilor de auto izolare \u00een care tr\u0103im. Piesa a fost scris\u0103 de c\u0103tre Carla&#8217;s Dreams, iar de muzica s-a ocupat acela\u015fi artist, al\u0103turi de Marcel Botezan \u015fi Sebastian Barac. Este primul track lansat de Carla&#8217;s \u00een 2020, care vine dup\u0103 un an 2019 ocupat.<\/p>\n\n\n\n<p class=\"wp-block-paragraph\">Pe finalul anului trecut am putut asculta piesa\u00a0<a href=\"https:\/\/www.infomusic.ro\/videoclip\/carlas-dreams-seara-de-seara\/\">&#8220;Sear\u0103 de Sear\u0103&#8221;<\/a>, dup\u0103 o colaborare cu Blacklist pe\u00a0<a href=\"https:\/\/www.infomusic.ro\/videoclip\/carlas-dreams-x-blacklist-baila-conmigo\/\">&#8220;Baila Conmigo&#8221;<\/a>. O alt\u0103 colaborare interesant\u0103 a venit \u00een toamna lui 2019, cu Antonia pe piesa\u00a0<a href=\"https:\/\/www.infomusic.ro\/videoclip\/carlas-dreams-feat-antonia-anxietate\/\">&#8220;Anxietate&#8221;<\/a>. Pare s\u0103 fie fost sezonul colabor\u0103rilor, pentru c\u0103 \u015fi featuring-ul cu Deliric pe &#8220;Dependent&#8221; a f\u0103cut senza\u0163ie. Pe Carla&#8217;s \u00eei vedem pe 30 mai 2020 la THE Concert al\u0103turi de INNA \u015fi Antonia, dac\u0103 totul merge bine \u015fi pandemia de coronavirus se domole\u015fte.<\/p>\n\n\n\n<p class=\"wp-block-paragraph\">sursa <a href=\"https:\/\/www.infomusic.ro\/videoclip\/carlas-dreams-secrete\/\">INFO MUSIC<\/a><\/p>\n","protected":false},"excerpt":{"rendered":"<p>Carla&#8217;s Dreams ne reaminte\u015fte c\u0103 afar\u0103 e totu\u015fi prim\u0103var\u0103 \u015fi anotimpul dragostei, prin noua pies\u0103 &#8220;Secrete&#8221;. Track-ul prime\u015fte un videoclip atipic pentru Carla&#8217;s, regizat de Roman Burlaca. Urm\u0103re\u015fte povestea cu ghei\u015fe \u015fi samurai \u00een articol. &#8220;Secrete&#8221;&nbsp;se \u00eendep\u0103rteaz\u0103 de identitatea vizual\u0103 clasic\u0103 pentru&nbsp;Carla&#8217;s Dreams&nbsp;\u015fi se ancoreaz\u0103 \u00een universul oriental. Povestea este spus\u0103 prin 3 perspective \u00een [&hellip;]<\/p>\n","protected":false},"author":1,"featured_media":2148,"comment_status":"closed","ping_status":"closed","sticky":false,"template":"","format":"standard","meta":{"_crdt_document":"","footnotes":""},"categories":[4],"tags":[],"class_list":["post-2147","post","type-post","status-publish","format-standard","has-post-thumbnail","hentry","category-noutati"],"_links":{"self":[{"href":"https:\/\/news-fm.ro\/index.php\/wp-json\/wp\/v2\/posts\/2147","targetHints":{"allow":["GET"]}}],"collection":[{"href":"https:\/\/news-fm.ro\/index.php\/wp-json\/wp\/v2\/posts"}],"about":[{"href":"https:\/\/news-fm.ro\/index.php\/wp-json\/wp\/v2\/types\/post"}],"author":[{"embeddable":true,"href":"https:\/\/news-fm.ro\/index.php\/wp-json\/wp\/v2\/users\/1"}],"replies":[{"embeddable":true,"href":"https:\/\/news-fm.ro\/index.php\/wp-json\/wp\/v2\/comments?post=2147"}],"version-history":[{"count":0,"href":"https:\/\/news-fm.ro\/index.php\/wp-json\/wp\/v2\/posts\/2147\/revisions"}],"wp:featuredmedia":[{"embeddable":true,"href":"https:\/\/news-fm.ro\/index.php\/wp-json\/wp\/v2\/media\/2148"}],"wp:attachment":[{"href":"https:\/\/news-fm.ro\/index.php\/wp-json\/wp\/v2\/media?parent=2147"}],"wp:term":[{"taxonomy":"category","embeddable":true,"href":"https:\/\/news-fm.ro\/index.php\/wp-json\/wp\/v2\/categories?post=2147"},{"taxonomy":"post_tag","embeddable":true,"href":"https:\/\/news-fm.ro\/index.php\/wp-json\/wp\/v2\/tags?post=2147"}],"curies":[{"name":"wp","href":"https:\/\/api.w.org\/{rel}","templated":true}]}}