{"id":2138,"date":"2020-03-17T07:22:10","date_gmt":"2020-03-17T07:22:10","guid":{"rendered":"http:\/\/news-fm.ro\/?p=2138"},"modified":"2020-03-17T07:22:13","modified_gmt":"2020-03-17T07:22:13","slug":"artistii-transmit-mesaje-de-incurajare-si-constientizare-fanilor-in-timpul-pandemiei-de-coronavirus","status":"publish","type":"post","link":"https:\/\/news-fm.ro\/index.php\/2020\/03\/17\/artistii-transmit-mesaje-de-incurajare-si-constientizare-fanilor-in-timpul-pandemiei-de-coronavirus\/","title":{"rendered":"Arti\u015ftii transmit mesaje de \u00eencurajare \u015fi con\u015ftientizare fanilor \u00een timpul pandemiei de coronavirus"},"content":{"rendered":"\n<figure class=\"wp-block-image size-large\"><img fetchpriority=\"high\" decoding=\"async\" width=\"1024\" height=\"540\" src=\"https:\/\/news-fm.ro\/wp-content\/uploads\/2020\/03\/im_ed0914615a1174b560a59526c34ce11f-1024x540.jpg\" alt=\"\" class=\"wp-image-2139\" srcset=\"https:\/\/news-fm.ro\/wp-content\/uploads\/2020\/03\/im_ed0914615a1174b560a59526c34ce11f-1024x540.jpg 1024w, https:\/\/news-fm.ro\/wp-content\/uploads\/2020\/03\/im_ed0914615a1174b560a59526c34ce11f-300x158.jpg 300w, https:\/\/news-fm.ro\/wp-content\/uploads\/2020\/03\/im_ed0914615a1174b560a59526c34ce11f-768x405.jpg 768w, https:\/\/news-fm.ro\/wp-content\/uploads\/2020\/03\/im_ed0914615a1174b560a59526c34ce11f-500x264.jpg 500w, https:\/\/news-fm.ro\/wp-content\/uploads\/2020\/03\/im_ed0914615a1174b560a59526c34ce11f.jpg 1200w\" sizes=\"(max-width: 1024px) 100vw, 1024px\" \/><\/figure>\n\n\n\n<p class=\"wp-block-paragraph\"><strong>\u00cen contextul epidemiei globale de coronavirus, impactul economic \u00eencepe s\u0103 se resimt\u0103 \u0219i la Hollywood, iar titlul de persoan\u0103 public\u0103 sau celebritate interna\u021bional\u0103 vine \u0219i cu o mare responsabilitate \u00een momentele critice ca acestea.<\/strong><\/p>\n\n\n\n<p class=\"wp-block-paragraph\">Industria divertismentului este din ce \u00een ce mai afectat\u0103 de schimb\u0103rile care se produc odat\u0103 cu r\u0103sp\u00e2ndirea lui\u00a0\u00een lume, iar pandemia afecteaz\u0103 vizibil \u0219i celebrit\u0103\u021bile de la Hollywood, care sunt nevoite s\u0103 fac\u0103 un pas \u00een spate din lumina reflectoarelor, pentru \u00a0a fi un exemplu de urmat pentru fanii lor.<\/p>\n\n\n\n<p class=\"wp-block-paragraph\">C\u00e2t de mult va costa industria muzical\u0103 aceast\u0103 carantin\u0103? Greu de spus. \u00cen c\u00e2teva zile de la instaurarea st\u0103rii de carantin\u0103, marile festivaluri americane, concertele, evenimente sportive, film\u0103rile \u0219i produc\u021biile cinematografice s-au oprit.<\/p>\n\n\n\n<p class=\"wp-block-paragraph\">P\u00e2n\u0103 pe 15 martie, \u00een&nbsp;<strong>America<\/strong>&nbsp;au fost confirmate un total de&nbsp;<strong>2,815 cazuri afectate de coronavirus \u0219i 59 de mor\u021bi<\/strong>, conform &nbsp;<a href=\"https:\/\/www.nytimes.com\/interactive\/2020\/world\/coronavirus-maps.html?action=click&amp;pgtype=Article&amp;state=default&amp;module=styln-coronavirus&amp;variant=show%C2%AEion=TOP_BANNER&amp;context=storyline_menu#us\" target=\"_blank\" rel=\"noreferrer noopener\"><em>New York Times<\/em><\/a>.&nbsp;<\/p>\n\n\n\n<p class=\"wp-block-paragraph\">Cel&nbsp;mai bun lucru pe care oricine \u00eel poate face acum este evitarea panicii, dar \u0219i autoizolarea, at\u00e2t pentru protejarea proprie, dar \u0219i a celor din jur.&nbsp;<\/p>\n\n\n\n<p class=\"wp-block-paragraph\">Mai multe vedete americane, printre care \u0219i\u00a0<strong>Lady Gaga, Justin Timberlake, Miley Cyrus\u00a0<\/strong>sau<strong>\u00a0Ariana Grande<\/strong>, fac apel la comunit\u0103\u021bile online \u0219i \u00eencearc\u0103 s\u0103 influen\u021beze prin puterea exemplului propriu, transmi\u021b\u00e2nd mesaje puternice de \u00eencurajare \u00een vremea carantinei.<\/p>\n\n\n\n<h2 class=\"wp-block-heading\"><strong>Lady Gaga<\/strong><\/h2>\n\n\n\n<p class=\"wp-block-paragraph\">Lady Gaga este una dintre celebrit\u0103\u021bile care au renun\u021bat la expunerea \u00een public \u0219i au ales s\u0103 stea acas\u0103 \u00een perioada de carantin\u0103. Artista spune c\u0103 este &#8220;cel mai generos lucru pe care \u00eel putem face&#8221;.&nbsp;<\/p>\n\n\n\n<p class=\"wp-block-paragraph\">S\u00e2mb\u0103t\u0103, Gaga a publicat o postare special\u0103 pe Instagram, unde le transmite fanilor c\u0103 se va autoizola, dup\u0103 ce a discutat cu mai mul\u021bi exper\u021bi \u00een s\u0103n\u0103tate:<\/p>\n\n\n\n<p class=\"wp-block-paragraph\"><strong>\u201cDeci am vorbit cu mai mul\u021bi doctori \u0219i cercet\u0103tori. Nu este u\u0219or pentru nimeni acum, dar cel mai generos \u0219i s\u0103n\u0103tos lucru pe care \u00eel putem face este autoizolarea \u0219i evitarea \u00eent\u00e2lnirilor cu oameni cu v\u00e2rsta peste 65 de ani.\u201d<\/strong>\u00a0scrie artista.<\/p>\n\n\n\n<figure class=\"wp-block-embed-instagram wp-block-embed is-type-rich is-provider-instagram\"><div class=\"wp-block-embed__wrapper\">\nhttps:\/\/www.instagram.com\/p\/B9u3HXNlSAv\/\n<\/div><\/figure>\n\n\n\n<p class=\"wp-block-paragraph\">Al\u0103turi de mesajele de \u00eencurajare, Gaga a postat o poz\u0103 al\u0103turi de cei care \u00eei sunt al\u0103turi \u00een aceast\u0103 perioad, cei trei c\u00e2ini ai ei.<\/p>\n\n\n\n<p class=\"wp-block-paragraph\"><strong>\u201c\u00cemi doresc s\u0103 \u00eemi vizitez p\u0103rin\u021bii \u0219i bunicii acum, dar este mult mai sigur s\u0103 nu fac asta, pentru a nu risca s\u0103 \u00eei \u00eemboln\u0103vesc. Sta acas\u0103 al\u0103turi de c\u00e2inii mei. Te iubesc lume, vom trece peste asta. Ave\u021bi \u00eencredere \u00een mine, am vorbit cu Dumnezeu &#8211; a zis c\u0103 vom fi ok.\u201d,<\/strong>\u00a0a ad\u0103ugat artista.\u00a0<\/p>\n\n\n\n<h2 class=\"wp-block-heading\"><strong>Ariana Grande<\/strong><\/h2>\n\n\n\n<p class=\"wp-block-paragraph\">Ariana Grande \u00ee\u0219i avertizeaz\u0103 de asemenea fanii c\u0103 problema r\u0103sp\u00e2ndirii coronavirusului este una extrem de serioas\u0103:<\/p>\n\n\n\n<p class=\"wp-block-paragraph\"><strong>&#8220;Aud de la surprinz\u0103tor de mul\u021bi oameni declara\u021bii care spun c\u0103 nu este mare lucru, vom fi bine sau va trebui s\u0103 ne continu\u0103m vie\u021bile cumva. \u00cen\u021beleg dac\u0103 asta este ceea ce credea\u021bi \u00een urm\u0103 cu c\u00e2teva s\u0103pt\u0103m\u00e2ni. Dar v\u0103 rog citi\u021bi despre ceea ce se \u00eent\u00e2mpl\u0103 acum. V\u0103 rog s\u0103 fi\u021bi foarte aten\u021bi.&#8221;<\/strong>, a transmis c\u00e2nt\u0103rea\u021ba.<\/p>\n\n\n\n<figure class=\"wp-block-image size-large\"><img decoding=\"async\" width=\"634\" height=\"874\" src=\"https:\/\/news-fm.ro\/wp-content\/uploads\/2020\/03\/25998534-8114471-image-a-43_1584292251119.jpg\" alt=\"\" class=\"wp-image-2140\" srcset=\"https:\/\/news-fm.ro\/wp-content\/uploads\/2020\/03\/25998534-8114471-image-a-43_1584292251119.jpg 634w, https:\/\/news-fm.ro\/wp-content\/uploads\/2020\/03\/25998534-8114471-image-a-43_1584292251119-218x300.jpg 218w, https:\/\/news-fm.ro\/wp-content\/uploads\/2020\/03\/25998534-8114471-image-a-43_1584292251119-500x689.jpg 500w\" sizes=\"(max-width: 634px) 100vw, 634px\" \/><\/figure>\n\n\n\n<h2 class=\"wp-block-heading\"><strong>Miley Cyrus<\/strong><\/h2>\n\n\n\n<p class=\"wp-block-paragraph\">Miley, pe de alt\u0103 parte, \u00ee\u0219i avertizeaz\u0103 fanii s\u0103 nu fac\u0103 profizii mai mult dec\u00e2t este cazul \u00een timpul pandemiei globale. A inclus chiar \u0219i un clip din show-ul Hannah Montana pentru a-\u0219i face mai clar\u0103 opinia.<\/p>\n\n\n\n<p class=\"wp-block-paragraph\">Ea a ad\u0103ugat\u00a0<strong>\u201cFi\u021bi respectuo\u0219i. Ave\u021bi compasiune. Fi\u021bi oameni! Preg\u0103ti\u021bi-v\u0103 pentru distan\u021barea social\u0103.. Nimeni nu are nevoie de fiecare sup\u0103 din magazin. Cu c\u00e2t ne aprovizion\u0103m mai mult, cu at\u00e2t mai mult se vor scumpi produsele, l\u0103s\u00e2ndu-i pe unii f\u0103r\u0103 cele necesare. Este un moment bun s\u0103 ne oprim.\u201d<\/strong><\/p>\n\n\n\n<figure class=\"wp-block-image size-large\"><img decoding=\"async\" width=\"1024\" height=\"576\" src=\"https:\/\/news-fm.ro\/wp-content\/uploads\/2020\/03\/miley-cyrus-1024x576.jpg\" alt=\"\" class=\"wp-image-2141\" srcset=\"https:\/\/news-fm.ro\/wp-content\/uploads\/2020\/03\/miley-cyrus-1024x576.jpg 1024w, https:\/\/news-fm.ro\/wp-content\/uploads\/2020\/03\/miley-cyrus-300x169.jpg 300w, https:\/\/news-fm.ro\/wp-content\/uploads\/2020\/03\/miley-cyrus-768x432.jpg 768w, https:\/\/news-fm.ro\/wp-content\/uploads\/2020\/03\/miley-cyrus-1536x864.jpg 1536w, https:\/\/news-fm.ro\/wp-content\/uploads\/2020\/03\/miley-cyrus-2048x1152.jpg 2048w, https:\/\/news-fm.ro\/wp-content\/uploads\/2020\/03\/miley-cyrus-500x281.jpg 500w\" sizes=\"(max-width: 1024px) 100vw, 1024px\" \/><\/figure>\n\n\n\n<h2 class=\"wp-block-heading\"><strong>Justin Bieber<\/strong><\/h2>\n\n\n\n<p class=\"wp-block-paragraph\"><strong>\u201eS-ar putea s\u0103 ave\u021bi virusul \u0219i s\u0103 nu \u0219ti\u021bi asta. Nu r\u0103sp\u00e2ndi\u021bi boala. Sta\u021bi c\u00e2t de mult se poate acas\u0103. Nu pleca\u021bi \u00een grupuri mari de persoane. F\u0103r\u0103 baruri, cluburi, restaurante. Sp\u0103la\u021bi-v\u0103 des pe m\u00e2ini. Sta\u021bi la distan\u021b\u0103. Izola\u021bi-v\u0103 dac\u0103 v\u0103 sim\u021bi\u021bi bolnavi. Acum este momentul s\u0103 ne sprijinim. Nu este vorba doar de tine, ci de noi to\u021bi. V\u0103 iubesc. Dac\u0103 v\u0103 pas\u0103 de p\u0103rin\u021bii, bunicii vo\u0219tri sau de orice prieten, sta\u021bi \u00een siguran\u021b\u0103. V\u0103 mul\u021bumesc\u201d,\u00a0<\/strong>le-a transmis\u00a0Justin Bieber fanilor.<\/p>\n\n\n\n<figure class=\"wp-block-image size-large\"><img loading=\"lazy\" decoding=\"async\" width=\"931\" height=\"524\" src=\"https:\/\/news-fm.ro\/wp-content\/uploads\/2020\/03\/justinbieber2015.jpg\" alt=\"\" class=\"wp-image-2142\" srcset=\"https:\/\/news-fm.ro\/wp-content\/uploads\/2020\/03\/justinbieber2015.jpg 931w, https:\/\/news-fm.ro\/wp-content\/uploads\/2020\/03\/justinbieber2015-300x169.jpg 300w, https:\/\/news-fm.ro\/wp-content\/uploads\/2020\/03\/justinbieber2015-768x432.jpg 768w, https:\/\/news-fm.ro\/wp-content\/uploads\/2020\/03\/justinbieber2015-500x281.jpg 500w\" sizes=\"(max-width: 931px) 100vw, 931px\" \/><\/figure>\n\n\n\n<p class=\"wp-block-paragraph\">sursa <a href=\"https:\/\/www.unsitedemuzica.ro\/special\/Artistii-transmit-mesaje-de-incurajare-si-constientizare-fanilor-in-timpul-pandemiei-de-coronavirus-p9489\">UN SITE DE MUZICA<\/a><\/p>\n","protected":false},"excerpt":{"rendered":"<p>\u00cen contextul epidemiei globale de coronavirus, impactul economic \u00eencepe s\u0103 se resimt\u0103 \u0219i la Hollywood, iar titlul de persoan\u0103 public\u0103 sau celebritate interna\u021bional\u0103 vine \u0219i cu o mare responsabilitate \u00een momentele critice ca acestea. Industria divertismentului este din ce \u00een ce mai afectat\u0103 de schimb\u0103rile care se produc odat\u0103 cu r\u0103sp\u00e2ndirea lui\u00a0\u00een lume, iar pandemia [&hellip;]<\/p>\n","protected":false},"author":1,"featured_media":2139,"comment_status":"closed","ping_status":"closed","sticky":false,"template":"","format":"standard","meta":{"_crdt_document":"","footnotes":""},"categories":[3],"tags":[],"class_list":["post-2138","post","type-post","status-publish","format-standard","has-post-thumbnail","hentry","category-stars"],"_links":{"self":[{"href":"https:\/\/news-fm.ro\/index.php\/wp-json\/wp\/v2\/posts\/2138","targetHints":{"allow":["GET"]}}],"collection":[{"href":"https:\/\/news-fm.ro\/index.php\/wp-json\/wp\/v2\/posts"}],"about":[{"href":"https:\/\/news-fm.ro\/index.php\/wp-json\/wp\/v2\/types\/post"}],"author":[{"embeddable":true,"href":"https:\/\/news-fm.ro\/index.php\/wp-json\/wp\/v2\/users\/1"}],"replies":[{"embeddable":true,"href":"https:\/\/news-fm.ro\/index.php\/wp-json\/wp\/v2\/comments?post=2138"}],"version-history":[{"count":0,"href":"https:\/\/news-fm.ro\/index.php\/wp-json\/wp\/v2\/posts\/2138\/revisions"}],"wp:featuredmedia":[{"embeddable":true,"href":"https:\/\/news-fm.ro\/index.php\/wp-json\/wp\/v2\/media\/2139"}],"wp:attachment":[{"href":"https:\/\/news-fm.ro\/index.php\/wp-json\/wp\/v2\/media?parent=2138"}],"wp:term":[{"taxonomy":"category","embeddable":true,"href":"https:\/\/news-fm.ro\/index.php\/wp-json\/wp\/v2\/categories?post=2138"},{"taxonomy":"post_tag","embeddable":true,"href":"https:\/\/news-fm.ro\/index.php\/wp-json\/wp\/v2\/tags?post=2138"}],"curies":[{"name":"wp","href":"https:\/\/api.w.org\/{rel}","templated":true}]}}