{"id":2131,"date":"2020-03-16T12:24:44","date_gmt":"2020-03-16T12:24:44","guid":{"rendered":"http:\/\/news-fm.ro\/?p=2131"},"modified":"2020-03-16T12:24:49","modified_gmt":"2020-03-16T12:24:49","slug":"smiley-a-intrat-in-autoizolare-dupa-ce-a-venit-din-los-angeles-nu-m-a-intrebat-nimeni-nimic-la-aeroport","status":"publish","type":"post","link":"https:\/\/news-fm.ro\/index.php\/2020\/03\/16\/smiley-a-intrat-in-autoizolare-dupa-ce-a-venit-din-los-angeles-nu-m-a-intrebat-nimeni-nimic-la-aeroport\/","title":{"rendered":"Smiley a intrat \u00een autoizolare dup\u0103 ce a venit din Los Angeles: \u201eNu m-a \u00eentrebat nimeni nimic la aeroport\u201d"},"content":{"rendered":"\n<figure class=\"wp-block-image size-large\"><img fetchpriority=\"high\" decoding=\"async\" width=\"1024\" height=\"576\" src=\"https:\/\/news-fm.ro\/wp-content\/uploads\/2020\/03\/SMILEY-1-1024x576.jpg\" alt=\"\" class=\"wp-image-2133\" srcset=\"https:\/\/news-fm.ro\/wp-content\/uploads\/2020\/03\/SMILEY-1-1024x576.jpg 1024w, https:\/\/news-fm.ro\/wp-content\/uploads\/2020\/03\/SMILEY-1-300x169.jpg 300w, https:\/\/news-fm.ro\/wp-content\/uploads\/2020\/03\/SMILEY-1-768x432.jpg 768w, https:\/\/news-fm.ro\/wp-content\/uploads\/2020\/03\/SMILEY-1-500x281.jpg 500w, https:\/\/news-fm.ro\/wp-content\/uploads\/2020\/03\/SMILEY-1.jpg 1200w\" sizes=\"(max-width: 1024px) 100vw, 1024px\" \/><\/figure>\n\n\n\n<p class=\"wp-block-paragraph\">\u00cen contextul pandemiei de coronavirus la nivel mondial, Smiley a ales s\u0103 intre \u00een autoizolare, cel pu\u021bin o s\u0103pt\u0103m\u00e2n\u0103, dup\u0103 ce s-a \u00eentors \u00een \u021bar\u0103 din Statele Unite.<\/p>\n\n\n\n<p class=\"wp-block-paragraph\"><strong>\u00centr-un mesaj postat pe story, pe contul lui de Instagram, Smiley a povestit c\u0103 atunci c\u00e2nd a aterizat pe Otopeni nu a fost \u00eentrebat nimic, iar odat\u0103 ce a ajuns acas\u0103 s-a igienizat corespunz\u0103tor.<\/strong><\/p>\n\n\n\n<p class=\"wp-block-paragraph\"><em>\u201eAm venit din Los Angeles via Istanbul. Suntem bine, \u0219i eu \u0219i colegii mei de la HaHaHa Production. Nu ne-a \u00eentrebat nimeni nimic la aeroport, am ajuns acas\u0103, ne-am pus toate hainele la sp\u0103lat, am dezinfectat toate valizele, ne-am sp\u0103lat din cap p\u00e2n\u0103 \u00een picioare, am f\u0103cut du\u0219. Suntem \u00een siguran\u021b\u0103. Am ales s\u0103 ne autoizol\u0103m la domiciliu. Sper\u0103m s\u0103 fim bine. Spre binele nostru \u0219i al oamenilor cu care intr\u0103m \u00een contact mai bine nu intr\u0103m \u00een contact \u0219i st\u0103m lini\u0219ti\u021bi acas\u0103\u201d,<\/em>\u00a0a zis el.\u00a0<\/p>\n\n\n\n<figure class=\"wp-block-embed-instagram wp-block-embed is-type-rich is-provider-instagram\"><div class=\"wp-block-embed__wrapper\">\nhttps:\/\/www.instagram.com\/p\/B9th490hgQq\/?utm_source=ig_embed\n<\/div><\/figure>\n\n\n\n<p class=\"wp-block-paragraph\">sursa <a href=\"https:\/\/www.unsitedemuzica.ro\/stiri\/Smiley-autoizolare-p9477\">UN SITE DE MUZICA<\/a><\/p>\n","protected":false},"excerpt":{"rendered":"<p>\u00cen contextul pandemiei de coronavirus la nivel mondial, Smiley a ales s\u0103 intre \u00een autoizolare, cel pu\u021bin o s\u0103pt\u0103m\u00e2n\u0103, dup\u0103 ce s-a \u00eentors \u00een \u021bar\u0103 din Statele Unite. \u00centr-un mesaj postat pe story, pe contul lui de Instagram, Smiley a povestit c\u0103 atunci c\u00e2nd a aterizat pe Otopeni nu a fost \u00eentrebat nimic, iar odat\u0103 [&hellip;]<\/p>\n","protected":false},"author":1,"featured_media":2133,"comment_status":"closed","ping_status":"closed","sticky":false,"template":"","format":"standard","meta":{"_crdt_document":"","footnotes":""},"categories":[3],"tags":[],"class_list":["post-2131","post","type-post","status-publish","format-standard","has-post-thumbnail","hentry","category-stars"],"_links":{"self":[{"href":"https:\/\/news-fm.ro\/index.php\/wp-json\/wp\/v2\/posts\/2131","targetHints":{"allow":["GET"]}}],"collection":[{"href":"https:\/\/news-fm.ro\/index.php\/wp-json\/wp\/v2\/posts"}],"about":[{"href":"https:\/\/news-fm.ro\/index.php\/wp-json\/wp\/v2\/types\/post"}],"author":[{"embeddable":true,"href":"https:\/\/news-fm.ro\/index.php\/wp-json\/wp\/v2\/users\/1"}],"replies":[{"embeddable":true,"href":"https:\/\/news-fm.ro\/index.php\/wp-json\/wp\/v2\/comments?post=2131"}],"version-history":[{"count":0,"href":"https:\/\/news-fm.ro\/index.php\/wp-json\/wp\/v2\/posts\/2131\/revisions"}],"wp:featuredmedia":[{"embeddable":true,"href":"https:\/\/news-fm.ro\/index.php\/wp-json\/wp\/v2\/media\/2133"}],"wp:attachment":[{"href":"https:\/\/news-fm.ro\/index.php\/wp-json\/wp\/v2\/media?parent=2131"}],"wp:term":[{"taxonomy":"category","embeddable":true,"href":"https:\/\/news-fm.ro\/index.php\/wp-json\/wp\/v2\/categories?post=2131"},{"taxonomy":"post_tag","embeddable":true,"href":"https:\/\/news-fm.ro\/index.php\/wp-json\/wp\/v2\/tags?post=2131"}],"curies":[{"name":"wp","href":"https:\/\/api.w.org\/{rel}","templated":true}]}}