{"id":2068,"date":"2019-12-20T12:35:18","date_gmt":"2019-12-20T12:35:18","guid":{"rendered":"http:\/\/news-fm.ro\/?p=2068"},"modified":"2019-12-20T12:35:20","modified_gmt":"2019-12-20T12:35:20","slug":"videoclip-oficial-cuza-dor-de-casa-ft-irina-rimes-george-hora-carmen-tanase","status":"publish","type":"post","link":"https:\/\/news-fm.ro\/index.php\/2019\/12\/20\/videoclip-oficial-cuza-dor-de-casa-ft-irina-rimes-george-hora-carmen-tanase\/","title":{"rendered":"Videoclip oficial: CUZA &#8211; Dor de Cas\u0103 ft. Irina Rimes, George Hora, Carmen T\u0103nase"},"content":{"rendered":"\n<p class=\"wp-block-paragraph\"><strong>Finalul de an ne aduce aproape g\u00e2ndurile pentru cei dragi pleca\u0163i peste hotare. Despre acest dor c\u00e2nt\u0103 o colec\u0163ie eclectic\u0103 de arti\u015fti pe noua pies\u0103 &#8220;Dor de cas\u0103&#8221;. Este o melodie a lui CUZA de la Noaptea T\u00e2rziu, \u00een colaborare cu Irina Rimes, George Hora \u015fi Carmen Tanase. Videoclipul e cu adev\u0103rat emo\u0163ionant pentru expa\u0163i \u015fi familiile lor. \u00cel privi\u0163i \u00een articol.<\/strong><\/p>\n\n\n\n<figure><iframe width=\"800\" height=\"450\" src=\"https:\/\/www.youtube.com\/embed\/TtP9cTqHHY0?version=3&amp;rel=1&amp;fs=1&amp;autohide=2&amp;showsearch=0&amp;showinfo=1&amp;iv_load_policy=1&amp;wmode=transparent\" allowfullscreen=\"true\"><\/iframe><\/figure>\n\n\n\n<p class=\"wp-block-paragraph\">Ne-am obi\u015fnuit cu piese amuzante sau de petrecere \u00een nop\u0163i t\u00e2rzii de la\u00a0<strong>CUZA<\/strong>\u00a0\u015fi Noaptea T\u00e2rziu, dar\u00a0<strong>&#8220;Dor de Cas\u0103&#8221;<\/strong>\u00a0e total altceva. Este imnul expa\u0163ilor c\u0103rora le este dor de cas\u0103 \u015fi \u00ee\u015fi tr\u0103iesc punctul culminant al zilei \u00een apelul pe Skype sau cel telefonic c\u0103tre cei dragi. CUZA apare ca protagonistul care o suna pe mam\u0103, jucat\u0103 de\u00a0<strong>Carmen T\u0103nase<\/strong>. Spune povestea clasic\u0103 a t\u00e2n\u0103rului plecat la munc\u0103 afar\u0103, care \u00eencearc\u0103 s\u0103 se integreze \u015fi este pl\u0103cut de to\u0163i, dar duce lipsa celor r\u0103ma\u015fi \u00een urm\u0103.<\/p>\n\n\n\n<figure class=\"wp-block-image size-large\"><img decoding=\"async\" src=\"https:\/\/news-fm.ro\/wp-content\/uploads\/2019\/12\/Dor-de-Casa-Cuza-Irina-Rimes-800x800-1.jpeg\" alt=\"\" class=\"wp-image-2069\"\/><\/figure>\n\n\n\n<p class=\"wp-block-paragraph\"><strong>Irina Rimes<\/strong>&nbsp;apare cu aerul unei \u015fcol\u0103ri\u0163e, l\u00e2ng\u0103 o cabin\u0103 telefonic\u0103, telefon\u00e2nd spre aceea\u015fi Carmen T\u0103nase.&nbsp;<a href=\"https:\/\/www.infomusic.ro\/lyric-video\/irina-rimes-dorule\/\">Irina<\/a>&nbsp;recit\u0103 blajin &#8220;aici e bine&#8221; \u015fi spune povestea tinerei care face cur\u0103\u0163enie \u00een casa unor str\u0103ini \u015fi doarme &#8220;\u00een camera de jos&#8221;. A g\u0103sit \u015fi &#8220;un b\u0103iat cuminte \u015fi str\u00e2ng bani am\u00e2ndoi&#8221; sunt versuri care sun\u0103 familiar pentru milioane de rom\u00e2ni din Spania, Italia, Marea Britanie \u015fi multe alte \u0163\u0103ri. Ce au ei \u00een comun? Dorul de cas\u0103&#8230;<\/p>\n\n\n\n<p class=\"wp-block-paragraph\">Trilurile arti\u015ftilor se \u00eembin\u0103 la refren, iar figura protagonistului v\u0103rs\u00e2ndu-\u015fi amarul \u00een culise ne r\u0103m\u00e2ne \u00een minte. Piesa se \u00eencheie cu un monolog emo\u0163ionant al lui Carmen T\u0103nase, care spune povestea expa\u0163ilor prin prisma mamei care \u00eei a\u015fteapt\u0103 acas\u0103, &#8220;cu masa gata&#8221;. La dou\u0103 zile dup\u0103 lansarea acestui single, el se afl\u0103 pe locul 4 \u00een Trending pe YouTube \u015fi are aproape 900.000 de vizualiz\u0103ri.<\/p>\n\n\n\n<p class=\"wp-block-paragraph\"><a href=\"https:\/\/www.infomusic.ro\/videoclip\/noaptea-tarziu-feat-liviu-teodorescu-semizeu\/\">CUZA<\/a>&nbsp;a declarat urm\u0103toarele despre piesa cu versuri scrise chiar de el:<ins><\/ins><\/p>\n\n\n\n<blockquote class=\"wp-block-quote is-layout-flow wp-block-quote-is-layout-flow\"><p>&#8220;Dor de cas\u0103&#8221; e mai mult o declara\u021bie dec\u00e2t o pies\u0103. Consider c\u0103 e radiografia societ\u0103\u021bii rom\u00e2ne\u0219ti din momentul de fa\u021b\u0103. Din p\u0103cate, nu prea mai avem prieteni care s\u0103 nu aib\u0103 cel pu\u0163in o rud\u0103 plecat\u0103 \u00een str\u0103in\u0103tate \u00een speran\u021ba unei vie\u021bi mai bune. M\u0103 bucur c\u0103 cei trei arti\u0219ti: Irina Rimes, George Hora \u0219i doamna Carmen T\u0103nase au acceptat s\u0103 spun\u0103 aceast\u0103 poveste al\u0103turi de mine.<\/p><p>Primii oameni care au auzit \u0219i m-au \u00eencurajat s\u0103 duc spre finalizare aceast\u0103 pies\u0103 au fost colegii mei de trup\u0103: Cucu \u0219i Emi care, \u00een momentul c\u00e2nd le-am c\u00e2ntat-o au avut ochii \u00een lacrimi.<\/p><\/blockquote>\n\n\n\n<p class=\"wp-block-paragraph\">Despre piesa \u015fi emo\u0163iile tr\u0103ite \u00een timpul s\u0103u, Irina Rimes a spus urm\u0103toarele:<\/p>\n\n\n\n<blockquote class=\"wp-block-quote is-layout-flow wp-block-quote-is-layout-flow\"><p>M-am g\u00e2ndit la acas\u0103, la mama, la tata, la fratele meu, la tot ce am l\u0103sat \u00een urm\u0103 atunci c\u00e2nd am plecat. Sunt fericit\u0103 c\u0103 pot s\u0103 fac parte din acest proiect \u0219i c\u0103 putem, prin versurile piesei, s\u0103 &#8220;v\u0103 povestim&#8221; sentimentele noastre, ale oamenilor care au fost nevoi\u021bi s\u0103 plece de l\u00e2ng\u0103 familie, prieteni pentru un alt #acas\u0103. &#8220;Dor de cas\u0103&#8221; este piesa aceea pe care o ascul\u021bi cu sufletul.<\/p><\/blockquote>\n\n\n\n<p class=\"wp-block-paragraph\"><strong>George Hora<\/strong>, produc\u0103tor \u015fi artist a fost la r\u00e2ndul s\u0103u impresionat de track:<\/p>\n\n\n\n<blockquote class=\"wp-block-quote is-layout-flow wp-block-quote-is-layout-flow\"><p>Versurile m-au inspirat din prima clip\u0103 \u0219i astfel am scris refrenul direct din suflet, pentru to\u021bi cei care \u0219tiu ce \u00eenseamn\u0103 dorul de cas\u0103. Irina \u0219i-a pus amprenta pe melodia asta. \u00cent\u00e2lnirea \u0219i sesiunea de \u00eenregistrare cu doamna Carmen T\u0103nase a fost pentru mine cel mai frumos \u0219i emo\u021bionant moment din tot procesul crea\u021biei acestei piese.<\/p><\/blockquote>\n\n\n\n<p class=\"wp-block-paragraph\">Sursa: infomusic.ro<\/p>\n","protected":false},"excerpt":{"rendered":"<p>Finalul de an ne aduce aproape g\u00e2ndurile pentru cei dragi pleca\u0163i peste hotare. Despre acest dor c\u00e2nt\u0103 o colec\u0163ie eclectic\u0103 de arti\u015fti pe noua pies\u0103 &#8220;Dor de cas\u0103&#8221;. Este o melodie a lui CUZA de la Noaptea T\u00e2rziu, \u00een colaborare cu Irina Rimes, George Hora \u015fi Carmen Tanase. Videoclipul e cu adev\u0103rat emo\u0163ionant pentru expa\u0163i [&hellip;]<\/p>\n","protected":false},"author":1,"featured_media":0,"comment_status":"closed","ping_status":"closed","sticky":false,"template":"","format":"standard","meta":{"_crdt_document":"","footnotes":""},"categories":[1],"tags":[],"class_list":["post-2068","post","type-post","status-publish","format-standard","hentry","category-diverse"],"_links":{"self":[{"href":"https:\/\/news-fm.ro\/index.php\/wp-json\/wp\/v2\/posts\/2068","targetHints":{"allow":["GET"]}}],"collection":[{"href":"https:\/\/news-fm.ro\/index.php\/wp-json\/wp\/v2\/posts"}],"about":[{"href":"https:\/\/news-fm.ro\/index.php\/wp-json\/wp\/v2\/types\/post"}],"author":[{"embeddable":true,"href":"https:\/\/news-fm.ro\/index.php\/wp-json\/wp\/v2\/users\/1"}],"replies":[{"embeddable":true,"href":"https:\/\/news-fm.ro\/index.php\/wp-json\/wp\/v2\/comments?post=2068"}],"version-history":[{"count":0,"href":"https:\/\/news-fm.ro\/index.php\/wp-json\/wp\/v2\/posts\/2068\/revisions"}],"wp:attachment":[{"href":"https:\/\/news-fm.ro\/index.php\/wp-json\/wp\/v2\/media?parent=2068"}],"wp:term":[{"taxonomy":"category","embeddable":true,"href":"https:\/\/news-fm.ro\/index.php\/wp-json\/wp\/v2\/categories?post=2068"},{"taxonomy":"post_tag","embeddable":true,"href":"https:\/\/news-fm.ro\/index.php\/wp-json\/wp\/v2\/tags?post=2068"}],"curies":[{"name":"wp","href":"https:\/\/api.w.org\/{rel}","templated":true}]}}