{"id":2061,"date":"2019-12-16T12:51:51","date_gmt":"2019-12-16T12:51:51","guid":{"rendered":"http:\/\/news-fm.ro\/?p=2061"},"modified":"2019-12-16T12:51:53","modified_gmt":"2019-12-16T12:51:53","slug":"videoclip-oficial-loredana-damdiridam","status":"publish","type":"post","link":"https:\/\/news-fm.ro\/index.php\/2019\/12\/16\/videoclip-oficial-loredana-damdiridam\/","title":{"rendered":"Videoclip oficial: Loredana &#8211; Damdiridam"},"content":{"rendered":"\n<p class=\"wp-block-paragraph\"><strong>Loredana a lansat o nou\u0103 pies\u0103 cu iz de muzic\u0103 balcanic\u0103, &#8220;Damdiridam&#8221;. Melodia prime\u015fte un videoclip care spune dou\u0103 pove\u015fti, ambele bazate pe un dans modern combinat cu unul tradi\u0163ional. \u00cenl\u0103n\u0163uirea de elemente culturale vi se dezv\u0103luie \u00een articol.<\/strong><\/p>\n\n\n\n<figure><iframe width=\"800\" height=\"450\" src=\"https:\/\/www.youtube.com\/embed\/TQLhQ7e8WmE?version=3&amp;rel=1&amp;fs=1&amp;autohide=2&amp;showsearch=0&amp;showinfo=1&amp;iv_load_policy=1&amp;wmode=transparent\" allowfullscreen=\"true\"><\/iframe><\/figure>\n\n\n\n<p class=\"wp-block-paragraph\"><strong>&#8220;Damdiridam&#8221;<\/strong>&nbsp;pare s\u0103 combine pop-ul modern cu elemente de muzic\u0103 greceasc\u0103, poate \u015fi arom\u00e2n\u0103. Refrenul este foarte u\u015for de fredonat \u015fi \u00ee\u0163i r\u0103m\u00e2ne \u00een creier prin \u00eenl\u0103n\u0163uirea de vocale \u015fi consoale ce vin u\u015for pe limb\u0103. Miezul pove\u015ftii clipului este jocul a doi tineri pe malul unei ape, \u00eenl\u0103n\u0163ui\u0163i \u00een dans. El are port tradi\u0163ional, iar ea este \u00eembr\u0103cat\u0103 elegant \u015fi sobru, al\u0103tur\u00e2ndu-i-se elementului masculin \u00een dans.<\/p>\n\n\n\n<p class=\"wp-block-paragraph\">Partea modern\u0103 a piesei prime\u015fte influen\u0163e tribale, de reggaeton \u015fi muzic\u0103 pop. Interludiul \u00een care Loredana recit\u0103 suav versuri \u00een englez\u0103 aminte\u015fte pu\u0163in de crea\u0163iile Madonnei.\u00a0<strong>Loredana<\/strong>\u00a0apare cu o rochie roz ca un flamingo \u015fi se unduie\u015fte pe ritmul piesei, iar spre final de clip este acoperit\u0103 de un voal sub\u0163ire, pentru acel interludiu plin de mister. Melodia &#8220;Damdiridam&#8221; este compus\u0103 de c\u0103tre Foivos Delivorias, Loredana Groza \u0219i Ernest Fazekas, iar videoclipul este regizat de Claudiu Stan.<\/p>\n\n\n\n<figure class=\"wp-block-image size-large\"><img decoding=\"async\" src=\"https:\/\/news-fm.ro\/wp-content\/uploads\/2019\/12\/loredana-1.jpg\" alt=\"\" class=\"wp-image-2064\"\/><\/figure>\n\n\n\n<p class=\"wp-block-paragraph\">Loredana vine dup\u0103 un hit, colaborarea cu Voltaj din octombrie,&nbsp;<a href=\"https:\/\/www.infomusic.ro\/videoclip\/voltaj-si-loredana-dependenta-mea\/\">&#8220;Dependenta mea&#8221;<\/a>. Muziciana a fost \u00een juriu la&nbsp;<a href=\"https:\/\/www.infomusic.ro\/2019\/07\/loredana-este-in-juriul-festivalului-cerbul-de-aur-2019-vezi-componenta-completa\/\">Festivalul Cerbul de Aur 2019<\/a>&nbsp;\u015fi se preg\u0103te\u015fte pentru un concert la Ber\u0103ria H, al\u0103turi de Banda Agurida. Finalul de an se anun\u0163\u0103 \u00eenc\u0103rcat pentru c\u00e2nt\u0103rea\u0163\u0103, care face parte din distribu\u0163ia musical-ului &#8220;Mamma Mia&#8221;. Acesta va avea pe 29 decembrie o nou\u0103 reprezenta\u0163ie la Sala Palatului din Bucure\u015fti. Loredana apare \u00een rolul Donnei, mama Sophiei, iar pe scen\u0103 mai urc\u0103 \u015fi Horia Brenciu, Cornel Ilie, Aurelian Temi\u015fan, Anca \u0162urca\u015fiu \u015fi Ana Munteanu.<\/p>\n\n\n\n<p class=\"wp-block-paragraph\">\u015ei artista nu s-a oprit aici! Pe parcursul toamnei a fost implicat\u0103 at\u00e2t \u00een musical-ul &#8220;Mamma Mia&#8221;, c\u00e2t \u015fi \u00een musical-ul\u00a0<a href=\"https:\/\/www.infomusic.ro\/2019\/02\/loredana-killer-queen-musical-we-will-rock\/\">&#8220;We Will Rock You&#8221;<\/a>. Ne preg\u0103te\u015fte multe surprize \u015fi pentru anul 2020, iar \u00een CV-ul s\u0103u se afl\u0103 \u015fi credite de compozitoare, textier\u0103, orchestrator, actri\u0163\u0103, antrenoare de voce, om de televiziune, scriitoare \u015fi fashion icon.<\/p>\n\n\n\n<p class=\"wp-block-paragraph\">Sursa\u0218 infomusic.ro<\/p>\n","protected":false},"excerpt":{"rendered":"<p>Loredana a lansat o nou\u0103 pies\u0103 cu iz de muzic\u0103 balcanic\u0103, &#8220;Damdiridam&#8221;. Melodia prime\u015fte un videoclip care spune dou\u0103 pove\u015fti, ambele bazate pe un dans modern combinat cu unul tradi\u0163ional. \u00cenl\u0103n\u0163uirea de elemente culturale vi se dezv\u0103luie \u00een articol. &#8220;Damdiridam&#8221;&nbsp;pare s\u0103 combine pop-ul modern cu elemente de muzic\u0103 greceasc\u0103, poate \u015fi arom\u00e2n\u0103. Refrenul este foarte [&hellip;]<\/p>\n","protected":false},"author":1,"featured_media":0,"comment_status":"closed","ping_status":"closed","sticky":false,"template":"","format":"standard","meta":{"_crdt_document":"","footnotes":""},"categories":[1],"tags":[],"class_list":["post-2061","post","type-post","status-publish","format-standard","hentry","category-diverse"],"_links":{"self":[{"href":"https:\/\/news-fm.ro\/index.php\/wp-json\/wp\/v2\/posts\/2061","targetHints":{"allow":["GET"]}}],"collection":[{"href":"https:\/\/news-fm.ro\/index.php\/wp-json\/wp\/v2\/posts"}],"about":[{"href":"https:\/\/news-fm.ro\/index.php\/wp-json\/wp\/v2\/types\/post"}],"author":[{"embeddable":true,"href":"https:\/\/news-fm.ro\/index.php\/wp-json\/wp\/v2\/users\/1"}],"replies":[{"embeddable":true,"href":"https:\/\/news-fm.ro\/index.php\/wp-json\/wp\/v2\/comments?post=2061"}],"version-history":[{"count":0,"href":"https:\/\/news-fm.ro\/index.php\/wp-json\/wp\/v2\/posts\/2061\/revisions"}],"wp:attachment":[{"href":"https:\/\/news-fm.ro\/index.php\/wp-json\/wp\/v2\/media?parent=2061"}],"wp:term":[{"taxonomy":"category","embeddable":true,"href":"https:\/\/news-fm.ro\/index.php\/wp-json\/wp\/v2\/categories?post=2061"},{"taxonomy":"post_tag","embeddable":true,"href":"https:\/\/news-fm.ro\/index.php\/wp-json\/wp\/v2\/tags?post=2061"}],"curies":[{"name":"wp","href":"https:\/\/api.w.org\/{rel}","templated":true}]}}