{"id":2019,"date":"2019-11-27T12:00:41","date_gmt":"2019-11-27T12:00:41","guid":{"rendered":"http:\/\/news-fm.ro\/?p=2019"},"modified":"2019-11-27T12:00:43","modified_gmt":"2019-11-27T12:00:43","slug":"manelele-au-fost-interzise-in-orasul-timisoara-primul-pas-in-lupta-primarului-cu-interlopii-si-hipsterii","status":"publish","type":"post","link":"https:\/\/news-fm.ro\/index.php\/2019\/11\/27\/manelele-au-fost-interzise-in-orasul-timisoara-primul-pas-in-lupta-primarului-cu-interlopii-si-hipsterii\/","title":{"rendered":"Manelele au fost interzise \u00een ora\u015ful Timi\u015foara &#8211; primul pas \u00een lupta primarului cu interlopii&#8230; \u015fi hipsterii"},"content":{"rendered":"\n<h3 class=\"has-text-align-center wp-block-heading\">Azi \u00een Timi\u0219oara, m\u00e2ine-n toat\u0103 \u021bara!\u00a0<\/h3>\n\n\n\n<p class=\"wp-block-paragraph\"><\/p>\n\n\n\n<figure class=\"wp-block-image size-large\"><img decoding=\"async\" src=\"https:\/\/news-fm.ro\/wp-content\/uploads\/2019\/11\/im_3c396a53490534c3dd9f621c7f802de5-1024x579.jpg\" alt=\"\" class=\"wp-image-2020\"\/><\/figure>\n\n\n\n<p class=\"wp-block-paragraph\">Revolu\u021bia bunului gust \u00eencepe \u00een Timi\u0219oara! Primarul Nicolae Robu a g\u0103sit solu\u021bia: manelele au fost scoase \u00een afara legii.&nbsp;<\/p>\n\n\n\n<p class=\"wp-block-paragraph\"><a href=\"https:\/\/www.opiniatimisoarei.ro\/interzis-la-gratare-si-manele-in-timisoara-chiar-si-la-targurile-organizate-in-oras-nota-interna-transmisa-de-primarul-nicolae-robu\/26\/11\/2019?fbclid=IwAR34ZpTgjr3vMioFUcW8VFn7pjSStI2sE2sgSFchteIvPoUsT0sv7_bGQEk\">Potrivit unei note interne a primarului Timi\u0219oarei<\/a>, \u00een ora\u0219 nu mai e voie cu&nbsp;<strong>gr\u0103tare, pro\u021bapuri,&nbsp; manele \u0219i dedica\u021bii:<\/strong><\/p>\n\n\n\n<blockquote class=\"wp-block-quote is-layout-flow wp-block-quote-is-layout-flow\"><p>\u201eAv\u00e2nd \u00een vedere unele lucruri neavenite, petrecute \u00een ora\u0219ul nostru la diverse evenimente, dispun urm\u0103toarele: Se interzice interpretarea\/difuzarea de manele pe domeniul public al Municipiului Timi\u0219oara, \u00een aer liber, precum \u0219i practica anun\u021b\u0103rii de dedica\u021bii, indiferent cine \u0219i pentru cine le solicit\u0103. Se interzice folosirea pe domeniul public al Municipiului Timi\u0219oara, \u00een aer liber, a gr\u0103tarelor, pro\u021bapurilor \u0219i altor ustensile de g\u0103tit cu foc deschis, generatoare de fum \u0219i degajatoare de mirosuri de buc\u0103t\u0103rie de intensit\u0103\u021bi deranjante\u201d, se arat\u0103 \u00een nota trimis\u0103 Societ\u0103\u021bii Pie\u021be SA, Biroului Autorizare Activit\u0103\u021bi Comerciale, Biroului Organizare Evenimente \u0219i Poli\u021biei Locale.<\/p><\/blockquote>\n\n\n\n<p class=\"wp-block-paragraph\">A\u0219adar, nu e vorba doar de o chestie de gust, c\u0103 nu-i place primarului s\u0103 aud\u0103 manea \u00een urbe sau c\u0103 Timi\u0219oarei \u00eei st\u0103 mai bine cu rockul simfonic, ci \u0219i de a preveni de la a se mai \u00eent\u00e2mpla unele \u201elucruri neavenite, petrecute \u00een ora\u0219ul nostru la diverse evenimente\u201d. E \u0219i un mic r\u0103zboi cu lumea interlop\u0103, ascult\u0103toare de manele, consumatoare de pro\u021bapuri \u0219i iubitoare de dedica\u021bii.<\/p>\n\n\n\n<p class=\"wp-block-paragraph\">Gurile rele spun \u0219i c\u0103 Robu a fost deranjat c\u0103 la un t\u00e2rg din ora\u0219 i-au fost dedicate chiar lui manele, ceea ce nu se face, pentru c\u0103 apoi \u00eencepe lumea s\u0103 zic\u0103 de el c\u0103 ar fi interlop.&nbsp;&nbsp;<\/p>\n\n\n\n<figure><iframe src=\"https:\/\/www.youtube.com\/embed\/3tZRbo49Wxg\" width=\"560\" height=\"314\" allowfullscreen=\"allowfullscreen\"><\/iframe><\/figure>\n\n\n\n<p class=\"wp-block-paragraph\">E clar, o s\u0103 fie un Revelion trist \u00een Timi\u0219oara, iar hipsterii n-o s\u0103 mai poat\u0103 asculta ironic manele, dec\u00e2t pe sub m\u00e2n\u0103, \u00een buc\u0103t\u0103riile izolate fonic, risc\u00e2nd s\u0103 fie da\u021bi pe m\u00e2na autorit\u0103\u021bilor de vecinii intelectuali.&nbsp;<\/p>\n\n\n\n<figure><iframe src=\"https:\/\/www.youtube.com\/embed\/FHaXGQFyKLk\" width=\"560\" height=\"314\" allowfullscreen=\"allowfullscreen\"><\/iframe><\/figure>\n\n\n\n<p class=\"wp-block-paragraph\">L\u0103s\u00e2nd gluma la o parte (\u0219i gusturile muzicale), este total aiurea \u0219i gre\u0219it (probabil \u0219i ilegal) s\u0103 interzici un gen muzical de la a mai fi difuzat pe domeniul public, la evenimente publice. G\u00e2nde\u0219te-te doar cum ar fi fost dac\u0103 primarul Robu ar fi avut ceva de \u00eemp\u0103r\u021bit cu genul muzical care-\u021bi place \u021bie \u0219i l-ar fi interzis&#8230;&nbsp;&nbsp;<\/p>\n\n\n\n<figure><iframe src=\"https:\/\/www.youtube.com\/embed\/MK5oONFMPGQ\" width=\"560\" height=\"314\" allowfullscreen=\"allowfullscreen\"><\/iframe><\/figure>\n\n\n\n<p class=\"wp-block-paragraph\">Sursa: unsitedemuzica.ro  <a href=\"https:\/\/www.unsitedemuzica.ro\/articles\/autor\/Gruia-Dragomir\">GRUIA DRAGOMIR<\/a>\u00a0 <\/p>\n","protected":false},"excerpt":{"rendered":"<p>Azi \u00een Timi\u0219oara, m\u00e2ine-n toat\u0103 \u021bara!\u00a0 Revolu\u021bia bunului gust \u00eencepe \u00een Timi\u0219oara! Primarul Nicolae Robu a g\u0103sit solu\u021bia: manelele au fost scoase \u00een afara legii.&nbsp; Potrivit unei note interne a primarului Timi\u0219oarei, \u00een ora\u0219 nu mai e voie cu&nbsp;gr\u0103tare, pro\u021bapuri,&nbsp; manele \u0219i dedica\u021bii: \u201eAv\u00e2nd \u00een vedere unele lucruri neavenite, petrecute \u00een ora\u0219ul nostru la diverse [&hellip;]<\/p>\n","protected":false},"author":1,"featured_media":0,"comment_status":"closed","ping_status":"closed","sticky":false,"template":"","format":"standard","meta":{"_crdt_document":"","footnotes":""},"categories":[1],"tags":[],"class_list":["post-2019","post","type-post","status-publish","format-standard","hentry","category-diverse"],"_links":{"self":[{"href":"https:\/\/news-fm.ro\/index.php\/wp-json\/wp\/v2\/posts\/2019","targetHints":{"allow":["GET"]}}],"collection":[{"href":"https:\/\/news-fm.ro\/index.php\/wp-json\/wp\/v2\/posts"}],"about":[{"href":"https:\/\/news-fm.ro\/index.php\/wp-json\/wp\/v2\/types\/post"}],"author":[{"embeddable":true,"href":"https:\/\/news-fm.ro\/index.php\/wp-json\/wp\/v2\/users\/1"}],"replies":[{"embeddable":true,"href":"https:\/\/news-fm.ro\/index.php\/wp-json\/wp\/v2\/comments?post=2019"}],"version-history":[{"count":0,"href":"https:\/\/news-fm.ro\/index.php\/wp-json\/wp\/v2\/posts\/2019\/revisions"}],"wp:attachment":[{"href":"https:\/\/news-fm.ro\/index.php\/wp-json\/wp\/v2\/media?parent=2019"}],"wp:term":[{"taxonomy":"category","embeddable":true,"href":"https:\/\/news-fm.ro\/index.php\/wp-json\/wp\/v2\/categories?post=2019"},{"taxonomy":"post_tag","embeddable":true,"href":"https:\/\/news-fm.ro\/index.php\/wp-json\/wp\/v2\/tags?post=2019"}],"curies":[{"name":"wp","href":"https:\/\/api.w.org\/{rel}","templated":true}]}}