{"id":1886,"date":"2019-11-05T13:24:26","date_gmt":"2019-11-05T13:24:26","guid":{"rendered":"http:\/\/news-fm.ro\/?p=1886"},"modified":"2019-11-05T13:24:28","modified_gmt":"2019-11-05T13:24:28","slug":"videoclip-oficial-bon-jovi-unbroken","status":"publish","type":"post","link":"https:\/\/news-fm.ro\/index.php\/2019\/11\/05\/videoclip-oficial-bon-jovi-unbroken\/","title":{"rendered":"Videoclip oficial: Bon Jovi &#8211; Unbroken"},"content":{"rendered":"\n<p class=\"wp-block-paragraph\"><strong>Bon Jovi aduce un omagiu veteranilor de r\u0103zboi lans\u00e2nd videoclipul emo\u021bionantei balade &#8220;Unbroken&#8221;. Melodia a fost compus\u0103 pentru documentarul &#8220;To Be Of Service&#8221; \u0219i va fi inclus\u0103 pe viitorul album al forma\u021biei.<\/strong><\/p>\n\n\n\n<figure><iframe width=\"800\" height=\"450\" src=\"https:\/\/www.youtube.com\/embed\/LHGGtSUckaA?version=3&amp;rel=1&amp;fs=1&amp;autohide=2&amp;showsearch=0&amp;showinfo=1&amp;iv_load_policy=1&amp;wmode=transparent\" allowfullscreen=\"true\"><\/iframe><\/figure>\n\n\n\n<p class=\"wp-block-paragraph\">A\u0219a cum&nbsp;<a href=\"https:\/\/www.infomusic.ro\/2019\/08\/bon-jovi-lanseaza-un-nou-album-cu-tenta-politica\/\">anun\u021ba \u00een luna august<\/a>,&nbsp;<strong>Bon Jovi<\/strong>&nbsp;\u00ee\u0219i va \u00eendrepta aten\u021bia \u00een perioada urm\u0103toare spre tematici sociale \u0219i politice. Piesa ce deschide aceast\u0103 serie de compozi\u021bii inspirate de realit\u0103\u021bi ap\u0103s\u0103toare se nume\u0219te &#8220;<strong>Unbroken<\/strong>&#8221; \u0219i a fost scris\u0103 de Jon Bon Jovi \u0219i coprodus\u0103 de John Shanks.<\/p>\n\n\n\n<blockquote class=\"wp-block-quote is-layout-flow wp-block-quote-is-layout-flow\"><p>&#8220;Am scris piesa &#8220;Unbroken&#8221; pentru un film intitulat &#8220;To Be Of Service&#8221;. Este vorba despre solda\u021bii care se \u00eentorc din r\u0103zboi \u0219i care se confrunt\u0103 cu stres post traumatic. Va fi totodat\u0103 inclus\u0103 pe viitorul nostru album, &#8220;Bon Jovi 2020&#8243;, care va fi lansat \u00een prim\u0103var\u0103. Sper s\u0103 v\u0103 plac\u0103&#8221;, a declarat&nbsp;<strong>Bon Jovi<\/strong>.<\/p><\/blockquote>\n\n\n\n<p class=\"wp-block-paragraph\">Pentru urm\u0103toarele 12 luni,\u00a0<strong>Bon Jovi<\/strong>\u00a0\u0219i Island Records vor direc\u021biona to\u021bi banii ob\u021binuti din streamingul acestei piese c\u0103tre Patriotic Service Dog Foundation.<\/p>\n\n\n\n<figure class=\"wp-block-image size-large\"><img decoding=\"async\" src=\"https:\/\/news-fm.ro\/wp-content\/uploads\/2019\/11\/To-Be-Of-Service-Jon-Bon-Jovi-Music.jpg\" alt=\"\" class=\"wp-image-1889\"\/><\/figure>\n\n\n\n<p class=\"wp-block-paragraph\">Filmul documentar &#8220;<strong>To Be of Service<\/strong>&#8221; este regizat de Josh Aronson (\u201eSound and Fury\u201d) \u0219i analizeaz\u0103 rela\u021bia profund\u0103 dintre c\u00e2inii \u00eenso\u021bitori \u0219i veteranii r\u0103zboaielor din Afganistan, Irak \u0219i Vietnam. Filmul va fi lansat pe Netflix de Ziua Veteranilor, pe 11 noiembrie.<\/p>\n\n\n\n<h2 class=\"wp-block-heading\">&#8220;Am scris ni\u0219te piese care sunt foarte diferite de ce a\u021bi auzit p\u00e2n\u0103 acum&#8221;<\/h2>\n\n\n\n<p class=\"wp-block-paragraph\">Piesa &#8220;<strong>Unbroken<\/strong>&#8221;&nbsp; va fi inclus\u0103 \u0219i pe viitorul album al trupei Bon Jovi, un material ce vine \u00een \u00eent\u00e2mpinarea alegerilor preziden\u021biale din America. Dac\u0103 p\u00e2n\u0103 acum versurile trupei reflectau ceea ce se \u00eent\u00e2mpla \u00een interior, pe plan emo\u021bional, noile piese vor fi o reflexie a ceea ce se petrece \u00een exterior.<\/p>\n\n\n\n<blockquote class=\"wp-block-quote is-layout-flow wp-block-quote-is-layout-flow\"><p>&#8220;Cred c\u0103 sunt foarte \u00eenc\u00e2ntat de rezultat. Am scris ni\u0219te piese care sunt foarte diferite de ce a\u021bi auzit p\u00e2n\u0103 acum. Nu v\u0103 a\u0219tepta\u021bi la melodii de genul &#8220;[You Give Love a] Bad Name&#8221;. Acesta este un album de con\u0219tientizare social\u0103,&#8221; a detaliat&nbsp;<strong>Jon Bon Jovi<\/strong>.<\/p><\/blockquote>\n\n\n\n<p class=\"wp-block-paragraph\"><strong>Bon Jovi<\/strong>\u00a0a revenit anul acesta la Bucure\u0219ti, la 8 ani de la primul s\u0103u concert \u00een Rom\u00e2nia. Evenimentul a avut loc pe 21 iulie, \u00een Pia\u021ba Constitu\u021biei, \u0219i a f\u0103cut parte din turneul de promovare &#8220;This House Is Not For Sale&#8221;.\u00a0<a href=\"https:\/\/www.infomusic.ro\/recenzie-concert\/bon-jovi-la-bucuresti-ultima-oprire-din-europa-a-turneului-this-house-is-not-for-sale\/\">La concert au participat peste 50.000 de oameni<\/a>.<\/p>\n\n\n\n<p class=\"wp-block-paragraph\"><\/p>\n\n\n\n<p class=\"wp-block-paragraph\">Sursa: infomusic.ro<\/p>\n","protected":false},"excerpt":{"rendered":"<p>Bon Jovi aduce un omagiu veteranilor de r\u0103zboi lans\u00e2nd videoclipul emo\u021bionantei balade &#8220;Unbroken&#8221;. Melodia a fost compus\u0103 pentru documentarul &#8220;To Be Of Service&#8221; \u0219i va fi inclus\u0103 pe viitorul album al forma\u021biei. A\u0219a cum&nbsp;anun\u021ba \u00een luna august,&nbsp;Bon Jovi&nbsp;\u00ee\u0219i va \u00eendrepta aten\u021bia \u00een perioada urm\u0103toare spre tematici sociale \u0219i politice. Piesa ce deschide aceast\u0103 serie de [&hellip;]<\/p>\n","protected":false},"author":1,"featured_media":0,"comment_status":"open","ping_status":"open","sticky":false,"template":"","format":"standard","meta":{"_crdt_document":"","footnotes":""},"categories":[1],"tags":[],"class_list":["post-1886","post","type-post","status-publish","format-standard","hentry","category-diverse"],"_links":{"self":[{"href":"https:\/\/news-fm.ro\/index.php\/wp-json\/wp\/v2\/posts\/1886","targetHints":{"allow":["GET"]}}],"collection":[{"href":"https:\/\/news-fm.ro\/index.php\/wp-json\/wp\/v2\/posts"}],"about":[{"href":"https:\/\/news-fm.ro\/index.php\/wp-json\/wp\/v2\/types\/post"}],"author":[{"embeddable":true,"href":"https:\/\/news-fm.ro\/index.php\/wp-json\/wp\/v2\/users\/1"}],"replies":[{"embeddable":true,"href":"https:\/\/news-fm.ro\/index.php\/wp-json\/wp\/v2\/comments?post=1886"}],"version-history":[{"count":0,"href":"https:\/\/news-fm.ro\/index.php\/wp-json\/wp\/v2\/posts\/1886\/revisions"}],"wp:attachment":[{"href":"https:\/\/news-fm.ro\/index.php\/wp-json\/wp\/v2\/media?parent=1886"}],"wp:term":[{"taxonomy":"category","embeddable":true,"href":"https:\/\/news-fm.ro\/index.php\/wp-json\/wp\/v2\/categories?post=1886"},{"taxonomy":"post_tag","embeddable":true,"href":"https:\/\/news-fm.ro\/index.php\/wp-json\/wp\/v2\/tags?post=1886"}],"curies":[{"name":"wp","href":"https:\/\/api.w.org\/{rel}","templated":true}]}}