{"id":1818,"date":"2019-10-24T11:43:51","date_gmt":"2019-10-24T11:43:51","guid":{"rendered":"http:\/\/news-fm.ro\/?p=1818"},"modified":"2019-10-24T11:43:53","modified_gmt":"2019-10-24T11:43:53","slug":"maria-regina-romaniei-cel-mai-asteptat-film-al-acestei-toamne","status":"publish","type":"post","link":"https:\/\/news-fm.ro\/index.php\/2019\/10\/24\/maria-regina-romaniei-cel-mai-asteptat-film-al-acestei-toamne\/","title":{"rendered":"\u201cMaria, Regina Rom\u00e2niei\u201d, cel mai a\u015fteptat film al acestei toamne"},"content":{"rendered":"\n<p class=\"wp-block-paragraph\">\u201dMaria, Regina Rom\u00e2niei\u201d, cea mai emo\u021bionant\u0103 \u0219i sincer\u0103 poveste despre istoria Rom\u00e2niei, spus\u0103 cu empatie, \u00eendr\u0103zneal\u0103 \u0219i farmec, va ajunge pe marile ecrane din 8 noiembrie 2019.<\/p>\n\n\n\n<p class=\"wp-block-paragraph\">Bazat pe evenimente reale, filmul deschide por\u021bile c\u0103tre partea nev\u0103zut\u0103 ori prea pu\u021bin \u0219tiut\u0103 a unui moment ce a marcat cu adev\u0103rat destinul unei \u021b\u0103ri ce se voia re\u00eentregit\u0103.\u00a0<\/p>\n\n\n\n<figure class=\"wp-block-image size-large\"><img decoding=\"async\" src=\"https:\/\/news-fm.ro\/wp-content\/uploads\/2019\/10\/maria-1024x450.png\" alt=\"\" class=\"wp-image-1819\"\/><\/figure>\n\n\n\n<p class=\"wp-block-paragraph\">\u201dMaria, Regina Rom\u00e2niei\u201d prezint\u0103 zbuciumului unei regine ce se identific\u0103 cu durerea \u0219i nevoile unei \u021b\u0103ri aflate \u00een r\u0103zboi, \u00een pericol de a-\u0219i pierde integritatea \u0219i grani\u021bele. Red\u0103 un moment istoric crucial, prim\u0103vara anului 1919 &#8211; Conferin\u021ba de Pace de la Paris. Personaj cheie, iubit, controversat, dar \u0219i invidiat, Regina Maria a \u0219tiut s\u0103-\u0219i foloseasc\u0103 toate atuurile pentru \u00eemplinirea unui mare vis: Rom\u00e2nia Mare.<\/p>\n\n\n\n<p class=\"wp-block-paragraph\">&nbsp;\u201e\u00cen esen\u021b\u0103, acest film este povestea unei femei hot\u0103r\u00e2te ce devine eroina unei \u00eentregi na\u021bii\u201d, declar\u0103 regizorul Alexis Sweet Cahill.<\/p>\n\n\n\n<p class=\"wp-block-paragraph\">Experien\u021ba interpret\u0103rii rolurilor regale (Regina Elisabeta a II-a a Marii Britanii, Prin\u021besa Margaret &#8211; Contesa de Snowdon, Prin\u021besa Tatiana Romanov) a ajutat-o pe Roxana Lupu, actri\u021ba din rolul principal, \u00een conturarea unei versiuni emo\u021bionante a Reginei Maria. \u201dProvocarea mea ca actri\u021b\u0103, a fost s\u0103 ar\u0103t, dincolo de \u00eenf\u0103\u021bi\u0219area reginei, cum era \u00eembr\u0103cat\u0103, p\u0103rul \u0219i machiajul, tr\u0103irile acestui personaj, emo\u021biile prin care a trecut, drumul ei spre a sus\u021bine cauza re\u00eentregirii Rom\u00e2niei. C\u00e2nd am aflat c\u0103 voi juca rolul Reginei Maria, am avut parte de o serie de emo\u021bii din cele mai diverse, de la frica \u0219i spaima c\u0103 voi interpreta un personaj iconic din istoria Rom\u00e2niei, poate cea mai cunoscut\u0103 figur\u0103 istoric\u0103, la entuziasm, bucurie \u0219i un av\u00e2nt nebunesc de a face lucrul acesta. A fost o experien\u021b\u0103 complex\u0103 \u0219i maturizant\u0103. Sunt recunosc\u0103toare c\u0103 am putut face parte din acest proiect\u201d, declar\u0103 actri\u021ba Roxana Lupu.<\/p>\n\n\n\n<p class=\"wp-block-paragraph\">Al\u0103turi de ea, din distribu\u0163ie fac parte: Daniel Plier (Regele Ferdinand), Anghel Damian (Prin\u021bul Carol al II-lea), Adrian Titieni (Ion I.C. Br\u0103tianu), Emil M\u0103nd\u0103nac (Prin\u021bul Stirbey), Ronald Chenery (Georges Clemenceau), Philippe Caroit (Contele de Saint-Aulaire), Richard Elfyn (Lloyd George), Patrick Drury (Woodrow Wilson).<\/p>\n\n\n\n<p class=\"wp-block-paragraph\">&nbsp;Film\u0103rile au avut loc \u00een Rom\u00e2nia \u0219i Fran\u021ba. Au fost puse \u00een valoare loca\u021bii autentice precum: Palatul Cotroceni, Castelul Pele\u0219, Quai d\u2019Orsay din Paris iar in post-produc\u021bie au fost recreate in post productie zone din Calea Victoriei, Gara de Nord, Gare de Lyon, Place Vend\u00f4me asa cum aratau in 1919.<\/p>\n\n\n\n<figure><iframe src=\"https:\/\/www.youtube.com\/embed\/ZiqxIbsPjbA?controls=1&amp;autoplay=0&amp;autohide=1&amp;showinfo=0&amp;iv_load_policy=3&amp;hd=1&amp;enablejsapi=1&amp;widgetid=1?controls=1&amp;autoplay=0&amp;autohide=1&amp;showinfo=0&amp;iv_load_policy=3&amp;hd=1&amp;enablejsapi=1&amp;widgetid=1\" width=\"560\" height=\"314\" allowfullscreen=\"allowfullscreen\"><\/iframe><\/figure>\n\n\n\n<p class=\"wp-block-paragraph\">Sursa: magicfm.ro<\/p>\n","protected":false},"excerpt":{"rendered":"<p>\u201dMaria, Regina Rom\u00e2niei\u201d, cea mai emo\u021bionant\u0103 \u0219i sincer\u0103 poveste despre istoria Rom\u00e2niei, spus\u0103 cu empatie, \u00eendr\u0103zneal\u0103 \u0219i farmec, va ajunge pe marile ecrane din 8 noiembrie 2019. Bazat pe evenimente reale, filmul deschide por\u021bile c\u0103tre partea nev\u0103zut\u0103 ori prea pu\u021bin \u0219tiut\u0103 a unui moment ce a marcat cu adev\u0103rat destinul unei \u021b\u0103ri ce se voia [&hellip;]<\/p>\n","protected":false},"author":1,"featured_media":0,"comment_status":"open","ping_status":"open","sticky":false,"template":"","format":"standard","meta":{"_crdt_document":"","footnotes":""},"categories":[1],"tags":[],"class_list":["post-1818","post","type-post","status-publish","format-standard","hentry","category-diverse"],"_links":{"self":[{"href":"https:\/\/news-fm.ro\/index.php\/wp-json\/wp\/v2\/posts\/1818","targetHints":{"allow":["GET"]}}],"collection":[{"href":"https:\/\/news-fm.ro\/index.php\/wp-json\/wp\/v2\/posts"}],"about":[{"href":"https:\/\/news-fm.ro\/index.php\/wp-json\/wp\/v2\/types\/post"}],"author":[{"embeddable":true,"href":"https:\/\/news-fm.ro\/index.php\/wp-json\/wp\/v2\/users\/1"}],"replies":[{"embeddable":true,"href":"https:\/\/news-fm.ro\/index.php\/wp-json\/wp\/v2\/comments?post=1818"}],"version-history":[{"count":0,"href":"https:\/\/news-fm.ro\/index.php\/wp-json\/wp\/v2\/posts\/1818\/revisions"}],"wp:attachment":[{"href":"https:\/\/news-fm.ro\/index.php\/wp-json\/wp\/v2\/media?parent=1818"}],"wp:term":[{"taxonomy":"category","embeddable":true,"href":"https:\/\/news-fm.ro\/index.php\/wp-json\/wp\/v2\/categories?post=1818"},{"taxonomy":"post_tag","embeddable":true,"href":"https:\/\/news-fm.ro\/index.php\/wp-json\/wp\/v2\/tags?post=1818"}],"curies":[{"name":"wp","href":"https:\/\/api.w.org\/{rel}","templated":true}]}}