{"id":1802,"date":"2019-10-21T12:15:49","date_gmt":"2019-10-21T12:15:49","guid":{"rendered":"http:\/\/news-fm.ro\/?p=1802"},"modified":"2019-10-21T12:15:52","modified_gmt":"2019-10-21T12:15:52","slug":"robbie-williams-anunta-primul-sau-album-de-craciun-care-include-un-invitat-surpriza","status":"publish","type":"post","link":"https:\/\/news-fm.ro\/index.php\/2019\/10\/21\/robbie-williams-anunta-primul-sau-album-de-craciun-care-include-un-invitat-surpriza\/","title":{"rendered":"Robbie Williams anun\u0163\u0103 primul s\u0103u album de Cr\u0103ciun, care include un invitat surpriz\u0103"},"content":{"rendered":"\n<p class=\"wp-block-paragraph\"><strong>Robbie Williams vrea s\u0103 \u00eencerce o premier\u0103 \u00een cariera sa muzical\u0103, lans\u00e2nd primul s\u0103u album de Cr\u0103ciun. Mai mult dec\u00e2t at\u00e2t, LP-ul va include un duet-surpriz\u0103 cu boxerul de categorie grea Tyson Fury. Cu siguran\u0163\u0103 va fi un album atipic de Cr\u0103ciun.<\/strong><\/p>\n\n\n\n<figure class=\"wp-block-image\"><img decoding=\"async\" src=\"https:\/\/static.infomusic.ro\/media\/2019\/10\/Coperta-album-Robbie-Williams-The-Christmas-Present-600x600.jpg\" alt=\"Coperta album Robbie Williams The Christmas Present\" class=\"wp-image-128546\"\/><figcaption> Coperta album Robbie Williams The Christmas Present (foto: Robbie Williams <\/figcaption><\/figure>\n\n\n\n<p class=\"wp-block-paragraph\">Marile legende ale muzicii au intrat \u00een istorie cu albume sau piese de Cr\u0103ciun \u015fi ne g\u00e2ndim la Nat King Cole sau George Michael, iar mai recent la Sia \u015fi discul s\u0103u iernatic.&nbsp;<strong>Robbie Williams<\/strong>&nbsp;s-a sim\u0163it at\u00e2t de inspirat \u00eenc\u00e2t a preg\u0103tit chiar un&nbsp;<strong>album dublu de Cr\u0103ciun<\/strong>, care include o combina\u0163ie de piese originale \u015fi coveruri dup\u0103 colinde. 24 de melodii sunt incluse pe album \u015fi includ apari\u0163ii speciale ale unor muzicieni reputa\u0163i.<\/p>\n\n\n\n<p class=\"wp-block-paragraph\">Pe list\u0103 se afl\u0103 Bryan Adams, Rod Stewart, Jamie Cullum, dar \u015fi boxerul Tyson Fury \u015fi tat\u0103l lui&nbsp;<a href=\"https:\/\/www.infomusic.ro\/lyric-video\/robbie-williams-indestructible\/\">Robbie<\/a>, Poppa Pete. Albumul intitulat &#8220;The Christmas Present&#8221; va debuta pe 22 noiembrie pe CD, caset\u0103 \u015fi vinil, plus o edi\u0163ie special\u0103 Deluxe. Aceasta va include 4 piese bonus. Nu se putea s\u0103 vedem o lansare de LP f\u0103r\u0103 un concert special, programat de Robbie pentru luna decembrie.<\/p>\n\n\n\n<p class=\"wp-block-paragraph\">Astfel, pe 16 decembrie Robbie Williams va fi gazda unei petreceri de Craciune pe SSE Arena, Wembley. Precomenzile pentru noul album au \u00eenceput deja \u015fi cine face comand\u0103 p\u00e2n\u0103 pe 4 noiembrie prime\u015fte acces exclusiv la rezerv\u0103rile de bilete la concert. C\u00e2t despre colaborarea inedit\u0103 cu&nbsp;<strong>Tyson Fury<\/strong>, piesa se nume\u015fte &#8220;Bad Sharon&#8221; \u015fi cu siguran\u0163\u0103 sun\u0103 a petrecere de Cr\u0103ciun provocatoare, o interpretare atipic\u0103 a unei nop\u0163i festive.<\/p>\n\n\n\n<p class=\"wp-block-paragraph\"><a href=\"https:\/\/www.infomusic.ro\/2019\/07\/robbie-williams-vorbeste-despre-lupta-cu-agorafobia-care-l-a-tinut-inchis-in-casa-3-ani\/\">Robbie<\/a>&nbsp;a descris acest track ca &#8220;o petrecere la birou plin\u0103 de b\u0103utur\u0103, \u00een zona ora\u015fului Birmingham&#8221;. Artistul britanic l-a abordat pe Fury \u00een iunie, \u00eenaintea meciului de box cu Tom Schwarz, pentru a \u00eei propune o colaborare muzical\u0103. Cum Fury a avut parte din plin de petreceri cu alcool, dar de c\u00e2\u0163iva ani a \u00eembr\u0103\u0163i\u015fat sobrietatea \u015fi religia, aceast\u0103 abordare comico-cuminte l-ar prinde.<\/p>\n\n\n\n<p class=\"wp-block-paragraph\">&#8220;The Christmas Present&#8221; este albumul cu num\u0103rul 13 pentru Robbie \u015fi a fost compus \u015fi \u00eenregistrat \u00een Londra, Los Angeles \u015fi Vancouver. A fost coprodus cu Guy Chambers \u015fi Richard Flack. Robbie Williams a c\u00e2ntat la UNTOLD 2019, unde a f\u0103cut senza\u0163ie \u00een fa\u0163a a 70.000 de oameni. Artistul a avut \u015fi un\u00a0<a href=\"https:\/\/www.infomusic.ro\/2019\/08\/robbie-williams-si-tatal-sau-au-emotionat-publicul-de-la-untold-2019-video\/\">duet cu tat\u0103l s\u0103u<\/a>\u00a0\u015fi a invitat \u015fi o domni\u015foar\u0103 dr\u0103gu\u0163\u0103 pe scen\u0103.<\/p>\n\n\n\n<p class=\"wp-block-paragraph\">Sursa: infomusic.ro<\/p>\n","protected":false},"excerpt":{"rendered":"<p>Robbie Williams vrea s\u0103 \u00eencerce o premier\u0103 \u00een cariera sa muzical\u0103, lans\u00e2nd primul s\u0103u album de Cr\u0103ciun. Mai mult dec\u00e2t at\u00e2t, LP-ul va include un duet-surpriz\u0103 cu boxerul de categorie grea Tyson Fury. Cu siguran\u0163\u0103 va fi un album atipic de Cr\u0103ciun. Marile legende ale muzicii au intrat \u00een istorie cu albume sau piese de [&hellip;]<\/p>\n","protected":false},"author":1,"featured_media":0,"comment_status":"open","ping_status":"open","sticky":false,"template":"","format":"standard","meta":{"_crdt_document":"","footnotes":""},"categories":[1],"tags":[],"class_list":["post-1802","post","type-post","status-publish","format-standard","hentry","category-diverse"],"_links":{"self":[{"href":"https:\/\/news-fm.ro\/index.php\/wp-json\/wp\/v2\/posts\/1802","targetHints":{"allow":["GET"]}}],"collection":[{"href":"https:\/\/news-fm.ro\/index.php\/wp-json\/wp\/v2\/posts"}],"about":[{"href":"https:\/\/news-fm.ro\/index.php\/wp-json\/wp\/v2\/types\/post"}],"author":[{"embeddable":true,"href":"https:\/\/news-fm.ro\/index.php\/wp-json\/wp\/v2\/users\/1"}],"replies":[{"embeddable":true,"href":"https:\/\/news-fm.ro\/index.php\/wp-json\/wp\/v2\/comments?post=1802"}],"version-history":[{"count":0,"href":"https:\/\/news-fm.ro\/index.php\/wp-json\/wp\/v2\/posts\/1802\/revisions"}],"wp:attachment":[{"href":"https:\/\/news-fm.ro\/index.php\/wp-json\/wp\/v2\/media?parent=1802"}],"wp:term":[{"taxonomy":"category","embeddable":true,"href":"https:\/\/news-fm.ro\/index.php\/wp-json\/wp\/v2\/categories?post=1802"},{"taxonomy":"post_tag","embeddable":true,"href":"https:\/\/news-fm.ro\/index.php\/wp-json\/wp\/v2\/tags?post=1802"}],"curies":[{"name":"wp","href":"https:\/\/api.w.org\/{rel}","templated":true}]}}