{"id":17546,"date":"2026-09-05T09:08:56","date_gmt":"2026-09-05T09:08:56","guid":{"rendered":"https:\/\/news-fm.ro\/index.php\/2026\/09\/05\/irina-rimes-i-a-cantat-unei-concurente-la-vocea-romaniei-2026-pentru-a-o-convinge-sa-vina-in-echipa-ei\/"},"modified":"2026-09-05T09:08:56","modified_gmt":"2026-09-05T09:08:56","slug":"irina-rimes-i-a-cantat-unei-concurente-la-vocea-romaniei-2026-pentru-a-o-convinge-sa-vina-in-echipa-ei","status":"publish","type":"post","link":"https:\/\/news-fm.ro\/index.php\/2026\/09\/05\/irina-rimes-i-a-cantat-unei-concurente-la-vocea-romaniei-2026-pentru-a-o-convinge-sa-vina-in-echipa-ei\/","title":{"rendered":"Irina Rimes i-a c\u00e2ntat unei concurente la Vocea Rom\u00e2niei 2026 pentru a o convinge s\u0103 vin\u0103 \u00een echipa ei"},"content":{"rendered":"<p><a href=\"https:\/\/www.infomusic.ro\/stiri\/muzica\/emisiuni-muzica\/\">Emisiuni radio-tv<\/a> <\/p>\n<p>Irina Rimes a avut un moment muzical special \u00een prima edi\u021bie Vocea Rom\u00e2niei 2026. Impresionat\u0103 de interpretarea Georgianei Munteanu, antrenoarea a ales s\u0103-i r\u0103spund\u0103 prin muzic\u0103 \u0219i i-a c\u00e2ntat o pies\u0103 pe care \u00ee\u0219i dorea de mult s\u0103 o interpreteze pentru cineva. Detalii \u0219i video \u00een articol.<\/p>\n<p><img alt src=\"https:\/\/secure.gravatar.com\/avatar\/a088e08883d33ed9770d266ee8cf1b04789e2ef9e93eeeb1a3535dce2090b113?s=46&#038;d=blank&#038;r=g\"  height=\"46\" width=\"46\" decoding=\"async\"\/><\/p>\n<p>Publicat<\/p>\n<p>acum 2 ore<\/p>\n<p>pe<\/p>\n<p>05\/09\/2026<\/p>\n<p><img fetchpriority=\"high\" width=\"1000\" height=\"667\" src=\"https:\/\/static.infomusic.ro\/media\/2026\/09\/georgiana-munteanu-auditii-vocea-romaniei-2026-1000x667.jpg\" alt=\"Irina Rimes \u0219i Georgiana Munteanu \u00een audi\u021biile Vocea Rom\u00e2niei 2026\" decoding=\"async\" fetchpriority=\"high\"\/><\/p>\n<p> Irina Rimes \u0219i Georgiana Munteanu \u00een audi\u021biile Vocea Rom\u00e2niei 2026 \u2502 FOTO: captur\u0103 YouTube\t<\/p>\n<p>Georgiana Munteanu a urcat pe scena Vocea Rom\u00e2niei cu o poveste despre curajul de a-\u021bi schimba complet direc\u021bia \u00een via\u021b\u0103. Concurenta a renun\u021bat la inginerie medical\u0103 pentru a-\u0219i urma pasiunea pentru muzic\u0103. A v\u0103zut participarea la Vocea Rom\u00e2niei ca o nou\u0103 oportunitate de a solidifica o carier\u0103 artistic\u0103. Anul trecut, t\u00e2n\u0103ra a participat \u0219i la X Factor Rom\u00e2nia.<\/p>\n<p>Georgiana a povestit c\u0103, mult timp, s-a sim\u021bit captiv\u0103 \u0219i c\u0103 nu a avut curajul s\u0103 spun\u0103 ce \u00ee\u0219i dore\u0219te cu adev\u0103rat.<\/p>\n<p>&#8220;M\u0103 sim\u021beam captiv\u0103. Sim\u021beam c\u0103 trebuia s\u0103 spun ceva, dar \u00eentotdeauna alegeam s\u0103 tac&#8221;, a m\u0103rturisit concurenta.<\/p>\n<p>Pentru audi\u021biile pe nev\u0103zute, Georgiana a ales piesa &#8220;Savage Daughter&#8221;. Alegerea a avut o semnifica\u021bie personal\u0103, fiind legat\u0103 de conexiunea dintre om \u0219i natur\u0103. \u00cen acela\u0219i timp, piesa a reprezentat o provocare vocal\u0103 pentru concurent\u0103. Georgiana a venit la audi\u021bii \u00eenso\u021bit\u0103 de doi fo\u0219ti concuren\u021bi ai emisiunii: Adrian Galbinu, din echipa lui Smiley, \u0219i Cosmin Mariciuc, din echipa Irinei Rimes.<\/p>\n<p>Smiley: &#8220;Ai o voce at\u00e2t de intrigant\u0103&#8221;<\/p>\n<p>Interpretarea Georgianei i-a impresionat pe Smiley \u0219i Irina Rimes. Smiley a apreciat \u00een mod special curajul concurentei de a aborda o pies\u0103 dificil\u0103 \u0219i de a veni cu o interpretare aparte.<\/p>\n<p>&#8220;\u0102sta e un moment de . Ai o voce at\u00e2t de intrigant\u0103! Mi se pare extraordinar! Mi se pare o mega dovad\u0103 de curaj&#8221;, i-a spus Smiley.<\/p>\n<p>Irina Rimes a ales \u00eens\u0103 o strategie diferit\u0103 pentru a o convinge pe Georgiana.<\/p>\n<p>Irina Rimes i-a r\u0103spuns prin muzic\u0103<\/p>\n<p>Irina a renun\u021bat la pledoarie \u0219i a ales s\u0103 c\u00e2nte. Antrenoarea s-a g\u00e2ndit la o partitur\u0103 (nelansat\u0103 \u00eenc\u0103) cu o tematic\u0103 apropiat\u0103 de cea interpretat\u0103 de Georgiana. A vrut ca momentul s\u0103 fie un r\u0103spuns muzical la audi\u021bia concurentei.<\/p>\n<p>&#8220;Pe mine, foarte mult m-a inspirat momentul t\u0103u. Vreau s\u0103-\u021bi c\u00e2nt ceva. Nu \u0219tiu dac\u0103 o s\u0103 te conving cu asta, dar sper. Tare mi-am dorit s\u0103 c\u00e2nt piesa asta cuiva \u0219i cred c\u0103 e\u0219ti persoana perfect\u0103&#8221;, a zis Irina.<\/p>\n<p>Momentul a transformat alegerea echipei \u00eentr-un schimb muzical \u00eentre concurent\u0103 \u0219i antrenoare. \u00cen final, abordarea Irinei a func\u021bionat: Georgiana Munteanu a ales s\u0103 mearg\u0103 \u00een echipa ei.<\/p>\n<p>&#8220;Interpretarea ei mi-a dat mie de \u00een\u021beles c\u0103 este ceva de neratat&#8221;, a conchis Irina Rimes.<\/p>\n<p>VIDEO: Georgiana Munteanu \u00een audi\u021biile Vocea Rom\u00e2niei 2026 <\/p>\n<p>R\u0103m\u00e2i al\u0103turi de noi, <a href=\"https:\/\/www.infomusic.ro\/newsletter\/\" rel=\"bookmark\" title=\"Aboneaz\u0103-te la newsletter\">aboneaz\u0103-te la newsletterul cu \u0219tiri \u0219i evenimente!<\/a><\/p>\n<p> \u00ce\u021bi recomand\u0103m aceste videoclipuri <\/p>\n<p><img decoding=\"async\" src=\"https:\/\/static.infomusic.ro\/logo-slogan.svg\" alt=\"INFOMUSIC\" width=\"150\" height=\"150\"\/><\/p>\n<p> <a href=\"https:\/\/www.infomusic.ro\/stiri\/muzica\/emisiuni-muzica\/\">Emisiuni radio-tv<\/a>Vocea Rom\u00e2niei 2026: Cine este Mihai Teac\u0103, concurentul pe care antrenorii l-au considerat o &#8220;surs\u0103 de inspira\u021bie&#8221; <\/p>\n<p>Mihai Teac\u0103 a deschis cel de-al 14-lea sezon Vocea Rom\u00e2niei cu o interpretare surprinz\u0103toare a c\u00e2ntecului tradi\u021bional &#8220;M\u0103 dusei s\u0103 trec la Olt&#8221;. Muzicianul din F\u0103g\u0103ra\u0219 i-a impresionat pe antrenori prin versatilitate \u0219i originalitate, dar \u00een spatele audi\u021biei se afl\u0103 o carier\u0103 construit\u0103 prin ani de studiu, particip\u0103ri la competi\u021bii muzicale \u0219i concerte \u00een mai multe \u021b\u0103ri.<\/p>\n<p><img loading=\"lazy\" alt src=\"https:\/\/secure.gravatar.com\/avatar\/a088e08883d33ed9770d266ee8cf1b04789e2ef9e93eeeb1a3535dce2090b113?s=46&#038;d=blank&#038;r=g\"  height=\"46\" width=\"46\" loading=\"lazy\" decoding=\"async\"\/><\/p>\n<p>Publicat<\/p>\n<p>acum 7 minute<\/p>\n<p>pe<\/p>\n<p>05\/09\/2026<\/p>\n<p><img loading=\"lazy\" width=\"1000\" height=\"667\" src=\"https:\/\/static.infomusic.ro\/media\/2026\/09\/mihai-teaca-auditii-vocea-romaniei-2026-1000x667.jpg\" alt=\"Mihai Teac\u0103 \u00een audi\u021biile de la Vocea Rom\u00e2niei 2026\" decoding=\"async\" loading=\"lazy\"\/><\/p>\n<p> Mihai Teac\u0103 \u00een audi\u021biile de la Vocea Rom\u00e2niei 2026 \u2502 FOTO: PRO TV <\/p>\n<p>Mihai Teac\u0103 a \u00eenceput s\u0103 c\u00e2nte \u00een jurul v\u00e2rstei de 10 ani.<\/p>\n<p> <a class=\"echo_read_more\" href=\"https:\/\/www.infomusic.ro\/2026\/09\/georgiana-munteanu-auditii-vocea-romaniei-2026\/\" target=\"_blank\">\u00a0\u00bb\u00a0Cite\u0219te continuarea pe pagina autorului<\/a><\/p>\n","protected":false},"excerpt":{"rendered":"<p>Emisiuni radio-tv Irina Rimes a avut un moment muzical special \u00een prima edi\u021bie Vocea Rom\u00e2niei 2026. Impresionat\u0103 de interpretarea Georgianei Munteanu, antrenoarea a ales s\u0103-i r\u0103spund\u0103 prin muzic\u0103 \u0219i i-a c\u00e2ntat o pies\u0103 pe care \u00ee\u0219i dorea de mult s\u0103 o interpreteze pentru cineva. Detalii \u0219i video \u00een articol. Publicat acum 2 ore pe 05\/09\/2026 [&hellip;]<\/p>\n","protected":false},"author":1,"featured_media":17547,"comment_status":"open","ping_status":"open","sticky":false,"template":"","format":"standard","meta":{"footnotes":""},"categories":[4],"tags":[],"class_list":["post-17546","post","type-post","status-publish","format-standard","has-post-thumbnail","hentry","category-noutati"],"_links":{"self":[{"href":"https:\/\/news-fm.ro\/index.php\/wp-json\/wp\/v2\/posts\/17546","targetHints":{"allow":["GET"]}}],"collection":[{"href":"https:\/\/news-fm.ro\/index.php\/wp-json\/wp\/v2\/posts"}],"about":[{"href":"https:\/\/news-fm.ro\/index.php\/wp-json\/wp\/v2\/types\/post"}],"author":[{"embeddable":true,"href":"https:\/\/news-fm.ro\/index.php\/wp-json\/wp\/v2\/users\/1"}],"replies":[{"embeddable":true,"href":"https:\/\/news-fm.ro\/index.php\/wp-json\/wp\/v2\/comments?post=17546"}],"version-history":[{"count":0,"href":"https:\/\/news-fm.ro\/index.php\/wp-json\/wp\/v2\/posts\/17546\/revisions"}],"wp:featuredmedia":[{"embeddable":true,"href":"https:\/\/news-fm.ro\/index.php\/wp-json\/wp\/v2\/media\/17547"}],"wp:attachment":[{"href":"https:\/\/news-fm.ro\/index.php\/wp-json\/wp\/v2\/media?parent=17546"}],"wp:term":[{"taxonomy":"category","embeddable":true,"href":"https:\/\/news-fm.ro\/index.php\/wp-json\/wp\/v2\/categories?post=17546"},{"taxonomy":"post_tag","embeddable":true,"href":"https:\/\/news-fm.ro\/index.php\/wp-json\/wp\/v2\/tags?post=17546"}],"curies":[{"name":"wp","href":"https:\/\/api.w.org\/{rel}","templated":true}]}}