{"id":17544,"date":"2026-09-05T09:08:57","date_gmt":"2026-09-05T09:08:57","guid":{"rendered":"https:\/\/news-fm.ro\/index.php\/2026\/09\/05\/vocea-romaniei-2026-cine-este-mihai-teaca-concurentul-pe-care-antrenorii-l-au-considerat-o-sursa-de-inspiratie\/"},"modified":"2026-09-05T09:08:57","modified_gmt":"2026-09-05T09:08:57","slug":"vocea-romaniei-2026-cine-este-mihai-teaca-concurentul-pe-care-antrenorii-l-au-considerat-o-sursa-de-inspiratie","status":"publish","type":"post","link":"https:\/\/news-fm.ro\/index.php\/2026\/09\/05\/vocea-romaniei-2026-cine-este-mihai-teaca-concurentul-pe-care-antrenorii-l-au-considerat-o-sursa-de-inspiratie\/","title":{"rendered":"Vocea Rom\u00e2niei 2026: Cine este Mihai Teac\u0103, concurentul pe care antrenorii l-au considerat o &#8220;surs\u0103 de inspira\u021bie&#8221;"},"content":{"rendered":"<p><a href=\"https:\/\/www.infomusic.ro\/stiri\/muzica\/emisiuni-muzica\/\">Emisiuni radio-tv<\/a> <\/p>\n<p>Mihai Teac\u0103 a deschis cel de-al 14-lea sezon Vocea Rom\u00e2niei cu o interpretare surprinz\u0103toare a c\u00e2ntecului tradi\u021bional &#8220;M\u0103 dusei s\u0103 trec la Olt&#8221;. Muzicianul din F\u0103g\u0103ra\u0219 i-a impresionat pe antrenori prin versatilitate \u0219i originalitate, dar \u00een spatele audi\u021biei se afl\u0103 o carier\u0103 construit\u0103 prin ani de studiu, particip\u0103ri la competi\u021bii muzicale \u0219i concerte \u00een mai multe \u021b\u0103ri.<\/p>\n<p><img alt src=\"https:\/\/secure.gravatar.com\/avatar\/a088e08883d33ed9770d266ee8cf1b04789e2ef9e93eeeb1a3535dce2090b113?s=46&#038;d=blank&#038;r=g\"  height=\"46\" width=\"46\" decoding=\"async\"\/><\/p>\n<p>Publicat<\/p>\n<p>acum 37 de secunde<\/p>\n<p>pe<\/p>\n<p>05\/09\/2026<\/p>\n<p><img fetchpriority=\"high\" width=\"1000\" height=\"667\" src=\"https:\/\/static.infomusic.ro\/media\/2026\/09\/mihai-teaca-auditii-vocea-romaniei-2026-1000x667.jpg\" alt=\"Mihai Teac\u0103 \u00een audi\u021biile de la Vocea Rom\u00e2niei 2026\" decoding=\"async\" fetchpriority=\"high\"\/><\/p>\n<p> Mihai Teac\u0103 \u00een audi\u021biile de la Vocea Rom\u00e2niei 2026 \u2502 FOTO: PRO TV\t<\/p>\n<p>Mihai Teac\u0103 a \u00eenceput s\u0103 c\u00e2nte \u00een jurul v\u00e2rstei de 10 ani. Tat\u0103l s\u0103u, fost percu\u021bionist cu 35 de ani de experien\u021b\u0103 scenic\u0103, a fost cel care i-a observat talentul \u0219i l-a \u00eendrumat spre muzic\u0103. A urmat Liceul de Muzic\u0103 din Bra\u0219ov \u0219i a recuperat \u00eentr-un timp scurt mai mul\u021bi ani de studiu. Ambi\u021bia l-a ajutat s\u0103 ajung\u0103 la performan\u021b\u0103, ob\u021bin\u00e2nd premii la competi\u021bii de gen.<\/p>\n<p>Pianul a r\u0103mas unul dintre instrumentele sale de suflet. \u00cen acela\u0219i timp, Teac\u0103 s-a dezvoltat ca vocalist \u0219i multi-instrumentist. A studiat \u0219i muzica clasic\u0103 \u0219i este atras de mai multe instrumente, \u00een special de cele de suflat.<\/p>\n<p>Folclorul ocup\u0103 un loc important \u00een parcursul artistic al lui Mihai Teac\u0103. T\u00e2n\u0103rul a interpretat muzic\u0103 popular\u0103 \u0219i a participat la competi\u021bia &#8220;Vedeta popular\u0103&#8221;, difuzat\u0103 de TVR. Unul dintre c\u00e2ntecele asociate cu aceast\u0103 etap\u0103 este &#8220;F\u0103g\u0103ra\u0219, foaie de ceap\u0103&#8221;. Mihai a filmat ulterior un videoclip pentru pies\u0103, pun\u00e2nd \u00een prim-plan peisajele din \u021aara F\u0103g\u0103ra\u0219ului. \u00cen cadrul proiectului, el a semnat \u0219i aranjamentul orchestral.<\/p>\n<\/p>\n<p>Chiar dac\u0103 experien\u021ba folcloric\u0103 s-a dovedit important\u0103 pentru identitatea sa artistic\u0103, Mihai Teac\u0103 spune c\u0103 muzica pop este stilul care \u00eei este cel mai apropiat de suflet. Parcursul lui Mihai nu s-a limitat la scena rom\u00e2neasc\u0103. El a sus\u021binut concerte \u0219i recitaluri \u00een \u021b\u0103ri precum China, Peru, Thailanda, Ecuador, Italia \u0219i Canada.<\/p>\n<p>Mihai Teac\u0103 la Vocea Rom\u00e2niei 2026<\/p>\n<p>Pe 4 septembrie 2026, Mihai Teac\u0103 a fost primul concurent care a urcat pe scena Vocea Rom\u00e2niei 2026. Alegerea sa a fost una neobi\u0219nuit\u0103: &#8220;M\u0103 dusei s\u0103 trec la Olt&#8221;, un c\u00e2ntec tradi\u021bional pe care l-a transformat \u00eentr-un moment personal \u0219i spectaculos.<\/p>\n<p>Interpretarea i-a f\u0103cut pe antrenori s\u0103 reac\u021bioneze \u00eenc\u0103 de la primele note, Smiley m\u0103rturisind c\u0103 nu \u0219i-ar fi imaginat c\u00e2ntecul \u00eentr-o asemenea abordare. Theo Rose a spus c\u0103 \u00eel cunoa\u0219te pe Mihai din copil\u0103rie, de c\u00e2nd participau am\u00e2ndoi la concursuri muzicale. Antrenoarea i-a urm\u0103rit constant evolu\u021bia \u0219i \u0219i-a asigurat colegii c\u0103 este un concurent redutabil.<\/p>\n<p>Tudor Chiril\u0103 a vrut s\u0103 \u0219tie cum s-a construit varianta piesei cu care Mihai a venit la audi\u021bii. R\u0103spunsul i l-a oferit Bubu Cernea, liderul band-ului live de la Vocea Rom\u00e2niei. Acesta a dezv\u0103luit c\u0103 baza \u00eei apar\u021bine lui Mihai, membrii trupei f\u0103c\u00e2nd doar u\u0219oare modific\u0103ri ici, colo. La auzul acestui vorbe, Chiril\u0103 a declarat:<\/p>\n<p>&#8220;Jos p\u0103l\u0103ria! Bravo! E\u0219ti o surs\u0103 de inspira\u021bie! Extraordinar!&#8221;<\/p>\n<p>Irina Rimes a apreciat, la r\u00e2ndul s\u0103u, ceea ce a numit &#8220;geniul&#8221; s\u0103u muzical, remarc\u00e2nd \u00eens\u0103 c\u0103 \u0219i-ar fi dorit s\u0103-i aud\u0103 mai mult timbrul vocal.<\/p>\n<p>&#8220;La Vocea Rom\u00e2niei, mie-mi place foarte mult s\u0103 fac demen\u021be. Dar sunt multe etape \u0219i nu po\u021bi s\u0103 c\u00e2n\u021bi doar demen\u021be. Trebuie s\u0103 c\u00e2n\u021bi \u0219i ni\u0219te piese cu note lungi.&#8221;<\/p>\n<p>Dup\u0103 toate pledoariile antrenorilor, Mihai Teac\u0103 a decis s\u0103 fac\u0103 parte din echipa Theo Rose \u0219i Horia Brenciu.\u00a0<\/p>\n<p>VIDEO: Mihai Teac\u0103 \u00een audi\u021biile de la Vocea Rom\u00e2niei 2026 <\/p>\n<p>R\u0103m\u00e2i al\u0103turi de noi, <a href=\"https:\/\/www.infomusic.ro\/newsletter\/\" rel=\"bookmark\" title=\"Aboneaz\u0103-te la newsletter\">aboneaz\u0103-te la newsletterul cu \u0219tiri \u0219i evenimente!<\/a><\/p>\n<p> <a class=\"echo_read_more\" href=\"https:\/\/www.infomusic.ro\/2026\/09\/mihai-teaca-auditii-vocea-romaniei-2026\/\" target=\"_blank\">\u00a0\u00bb\u00a0Cite\u0219te continuarea pe pagina autorului<\/a><\/p>\n","protected":false},"excerpt":{"rendered":"<p>Emisiuni radio-tv Mihai Teac\u0103 a deschis cel de-al 14-lea sezon Vocea Rom\u00e2niei cu o interpretare surprinz\u0103toare a c\u00e2ntecului tradi\u021bional &#8220;M\u0103 dusei s\u0103 trec la Olt&#8221;. Muzicianul din F\u0103g\u0103ra\u0219 i-a impresionat pe antrenori prin versatilitate \u0219i originalitate, dar \u00een spatele audi\u021biei se afl\u0103 o carier\u0103 construit\u0103 prin ani de studiu, particip\u0103ri la competi\u021bii muzicale \u0219i concerte [&hellip;]<\/p>\n","protected":false},"author":1,"featured_media":17545,"comment_status":"open","ping_status":"open","sticky":false,"template":"","format":"standard","meta":{"footnotes":""},"categories":[4],"tags":[],"class_list":["post-17544","post","type-post","status-publish","format-standard","has-post-thumbnail","hentry","category-noutati"],"_links":{"self":[{"href":"https:\/\/news-fm.ro\/index.php\/wp-json\/wp\/v2\/posts\/17544","targetHints":{"allow":["GET"]}}],"collection":[{"href":"https:\/\/news-fm.ro\/index.php\/wp-json\/wp\/v2\/posts"}],"about":[{"href":"https:\/\/news-fm.ro\/index.php\/wp-json\/wp\/v2\/types\/post"}],"author":[{"embeddable":true,"href":"https:\/\/news-fm.ro\/index.php\/wp-json\/wp\/v2\/users\/1"}],"replies":[{"embeddable":true,"href":"https:\/\/news-fm.ro\/index.php\/wp-json\/wp\/v2\/comments?post=17544"}],"version-history":[{"count":0,"href":"https:\/\/news-fm.ro\/index.php\/wp-json\/wp\/v2\/posts\/17544\/revisions"}],"wp:featuredmedia":[{"embeddable":true,"href":"https:\/\/news-fm.ro\/index.php\/wp-json\/wp\/v2\/media\/17545"}],"wp:attachment":[{"href":"https:\/\/news-fm.ro\/index.php\/wp-json\/wp\/v2\/media?parent=17544"}],"wp:term":[{"taxonomy":"category","embeddable":true,"href":"https:\/\/news-fm.ro\/index.php\/wp-json\/wp\/v2\/categories?post=17544"},{"taxonomy":"post_tag","embeddable":true,"href":"https:\/\/news-fm.ro\/index.php\/wp-json\/wp\/v2\/tags?post=17544"}],"curies":[{"name":"wp","href":"https:\/\/api.w.org\/{rel}","templated":true}]}}