{"id":17542,"date":"2026-09-05T01:08:59","date_gmt":"2026-09-05T01:08:59","guid":{"rendered":"https:\/\/news-fm.ro\/index.php\/2026\/09\/05\/irina-rimes-isi-ia-la-revedere-de-la-vocea-romaniei-vreau-sa-intemeiez-o-familie\/"},"modified":"2026-09-05T01:08:59","modified_gmt":"2026-09-05T01:08:59","slug":"irina-rimes-isi-ia-la-revedere-de-la-vocea-romaniei-vreau-sa-intemeiez-o-familie","status":"publish","type":"post","link":"https:\/\/news-fm.ro\/index.php\/2026\/09\/05\/irina-rimes-isi-ia-la-revedere-de-la-vocea-romaniei-vreau-sa-intemeiez-o-familie\/","title":{"rendered":"Irina Rimes \u00ee\u0219i ia la revedere de la Vocea Rom\u00e2niei: &#8220;Vreau s\u0103 \u00eentemeiez o familie&#8221;"},"content":{"rendered":"<p><a href=\"https:\/\/www.infomusic.ro\/stiri\/muzica\/emisiuni-muzica\/\">Emisiuni radio-tv<\/a> <\/p>\n<p>Irina Rimes a confirmat \u00een prima edi\u021bie a celui de-al 14-lea sezon Vocea Rom\u00e2niei c\u0103 acesta este ultimul \u00een calitate de antrenor. Artista spune c\u0103 vrea s\u0103 ia o pauz\u0103 \u00een carier\u0103 \u0219i s\u0103 se concentreze asupra vie\u021bii personale. \u00centreaga declara\u021bie este disponibil\u0103 \u00een articol.<\/p>\n<p><img alt src=\"https:\/\/secure.gravatar.com\/avatar\/a088e08883d33ed9770d266ee8cf1b04789e2ef9e93eeeb1a3535dce2090b113?s=46&#038;d=blank&#038;r=g\"  height=\"46\" width=\"46\" decoding=\"async\"\/><\/p>\n<p>Publicat<\/p>\n<p>acum 5 ore<\/p>\n<p>pe<\/p>\n<p>04\/09\/2026<\/p>\n<p><img fetchpriority=\"high\" width=\"1000\" height=\"667\" src=\"https:\/\/static.infomusic.ro\/media\/2026\/09\/irina-rimes-vocea-romaniei-2026-1000x667.jpg\" alt=\"Irina Rimes la Vocea Rom\u00e2niei 2026\" decoding=\"async\" fetchpriority=\"high\"\/><\/p>\n<p> Irina Rimes la Vocea Rom\u00e2niei 2026 \u2502 FOTO: PRO TV\t<\/p>\n<p>Anun\u021bul a venit \u00een timpul pledoariei pentru concurenta Dafina Bu\u0219u. Irina a ales s\u0103 vorbeasc\u0103 deschis despre planurile sale \u0219i despre motivul pentru care a decis s\u0103 se retrag\u0103, cel pu\u021bin temporar, din lumina reflectoarelor.<\/p>\n<p>&#8220;Dac\u0103 tot vorbim de sinceritate, \u00eemi da\u021bi \u0219i mie un moment de sinceritate? Anul \u0103sta este ultimul meu an la Vocea Rom\u00e2niei. Vreau s\u0103 iau o pauz\u0103 \u00een carier\u0103 \u0219i vreau s\u0103 \u00eentemeiez o familie&#8221;, a spus Irina Rimes.<\/p>\n<p>Artista a f\u0103cut \u0219i o glum\u0103 pe seama dezv\u0103luirii. Irina a precizat c\u0103 dorin\u021ba de a se retrage din emisiune nu ar trebui s\u0103 fie neap\u0103rat un argument pentru concuren\u021bi s\u0103 aleag\u0103 s\u0103 mearg\u0103 \u00een echipa ei. \u00cens\u0103, dac\u0103 este unul conving\u0103tor,<em> &#8220;de ce nu?&#8221;<\/em> (a spus ea).<\/p>\n<p>De ce pleac\u0103 Irina Rimes de la Vocea Rom\u00e2niei<\/p>\n<p>Ulterior, Irina a explicat mai clar ce se afl\u0103 \u00een spatele deciziei sale. Artista spune c\u0103 \u00ee\u0219i dore\u0219te s\u0103 devin\u0103 mam\u0103 la un moment dat \u0219i consider\u0103 c\u0103, pentru acest lucru, trebuie s\u0103 fac\u0103 un pas \u00een spate \u0219i s\u0103 acorde mai mult\u0103 aten\u021bie propriei persoane.<\/p>\n<p>&#8220;Dac\u0103 vreau s\u0103 devin mam\u0103 la un moment dat, trebuie s\u0103 ies un pic din lumina reflectoarelor \u0219i s\u0103 m\u0103 concentrez pe corpul meu. \u0218i s\u0103 m\u0103 preg\u0103tesc, pentru c\u0103 s\u0103n\u0103tatea este foarte important\u0103&#8221;, a m\u0103rturisit antrenoarea.<\/p>\n<p>Faptul c\u0103 \u0219tie c\u0103 acesta este ultimul s\u0103u sezon la Vocea Rom\u00e2niei \u00eei schimb\u0103 \u0219i modul \u00een care prive\u0219te competi\u021bia. Irina spune c\u0103 vrea s\u0103 profite la maximum de fiecare moment petrecut \u00een emisiune. Pentru ea, cel de-al 14-lea sezon are o semnifica\u021bie aparte tocmai pentru c\u0103 \u0219tie c\u0103 este ultima sa experien\u021b\u0103 \u00een show.<\/p>\n<p>&#8220;Cred c\u0103 faptul c\u0103 este ultimul meu sezon la Vocea Rom\u00e2niei \u00eel face magic. \u00cencep s\u0103 apreciez altfel fiecare clip\u0103 petrecut\u0103 \u00een studioul \u0103sta. Parc\u0103 o fac cu un soi de pl\u0103cere pe care nu am mai tr\u0103it-o p\u00e2n\u0103 acum, la intensitatea asta. Vreau s\u0103 plec frumos a\u0219a c\u0103 miza mea, anul \u0103sta, e s\u0103 fac tot posibilul s\u0103 fiu cel mai bun antrenor.&#8221;<\/p>\n<p>Irina Rimes, parte din povestea recent\u0103 Vocea Rom\u00e2niei<\/p>\n<p>Irina \u0219i-a f\u0103cut debutul la Vocea Rom\u00e2niei \u00een 2018, \u00een cel de-al optulea sezon. A ajuns pe locul 2 pe podium al\u0103turi de Dora Gaitanovici. \u00cen 2019, artista a ajuns \u00een final\u0103 cu Jasmina R\u0103s\u0103dean. \u00cen 2022, dup\u0103 doi de absen\u021b\u0103 din cauza pandemiei, Irina a revenit la Vocea Rom\u00e2niei, ajung\u00e2nd \u00een final\u0103 cu Andra Botez. Vlad Musta, Narcisa Badea \u0219i Raisa Radu completeaz\u0103 lista finali\u0219tilor mentora\u021bi de Irina Rimes.<\/p>\n<p>VIDEO: Irina Rimes, despre plecarea de la Vocea Rom\u00e2niei <\/p>\n<p>R\u0103m\u00e2i al\u0103turi de noi, <a href=\"https:\/\/www.infomusic.ro\/newsletter\/\" rel=\"bookmark\" title=\"Aboneaz\u0103-te la newsletter\">aboneaz\u0103-te la newsletterul cu \u0219tiri \u0219i evenimente!<\/a><\/p>\n<p> \u00ce\u021bi recomand\u0103m aceste videoclipuri <\/p>\n<p><img decoding=\"async\" src=\"https:\/\/static.infomusic.ro\/logo-slogan.svg\" alt=\"INFOMUSIC\" width=\"150\" height=\"150\"\/><\/p>\n<p> <a href=\"https:\/\/www.infomusic.ro\/stiri\/muzica\/emisiuni-muzica\/\">Emisiuni radio-tv<\/a>Vocea Rom\u00e2niei 2026: Cine este Francoise Manuel, concurenta care l-a f\u0103cut pe Chiril\u0103 s\u0103 o &#8220;\u00eenjunghie pe la spate&#8221; pe Irina <\/p>\n<p>Francoise Manuel a fost una dintre cele mai memorabile prezen\u021be din prima edi\u021bie Vocea Rom\u00e2niei 2026. Concurenta i-a f\u0103cut pe antrenori s\u0103-\u0219i scoat\u0103 toate armele la vedere.<\/p>\n<p><img loading=\"lazy\" alt src=\"https:\/\/secure.gravatar.com\/avatar\/a088e08883d33ed9770d266ee8cf1b04789e2ef9e93eeeb1a3535dce2090b113?s=46&#038;d=blank&#038;r=g\"  height=\"46\" width=\"46\" loading=\"lazy\" decoding=\"async\"\/><\/p>\n<p>Publicat<\/p>\n<p>acum 4 ore<\/p>\n<p>pe<\/p>\n<p>04\/09\/2026<\/p>\n<p><img loading=\"lazy\" width=\"1000\" height=\"667\" src=\"https:\/\/static.infomusic.ro\/media\/2026\/09\/francoise-manuel-auditii-vocea-romaniei-2026-1000x667.jpg\" alt=\"Francoise Manuel \u00een audi\u021biile de la Vocea Rom\u00e2niei 2026\" decoding=\"async\" loading=\"lazy\"\/><\/p>\n<p> Francoise Manuel \u00een audi\u021biile de la Vocea Rom\u00e2niei 2026 \u2502 FOTO: captur\u0103 YouTube <\/p>\n<p>Francoise Manuel are 41 de ani,<\/p>\n<p> <a class=\"echo_read_more\" href=\"https:\/\/www.infomusic.ro\/2026\/09\/irina-rimes-pleaca-de-la-vocea-romaniei-2026\/\" target=\"_blank\">\u00a0\u00bb\u00a0Cite\u0219te continuarea pe pagina autorului<\/a><\/p>\n","protected":false},"excerpt":{"rendered":"<p>Emisiuni radio-tv Irina Rimes a confirmat \u00een prima edi\u021bie a celui de-al 14-lea sezon Vocea Rom\u00e2niei c\u0103 acesta este ultimul \u00een calitate de antrenor. Artista spune c\u0103 vrea s\u0103 ia o pauz\u0103 \u00een carier\u0103 \u0219i s\u0103 se concentreze asupra vie\u021bii personale. \u00centreaga declara\u021bie este disponibil\u0103 \u00een articol. Publicat acum 5 ore pe 04\/09\/2026 Irina Rimes [&hellip;]<\/p>\n","protected":false},"author":1,"featured_media":17543,"comment_status":"open","ping_status":"open","sticky":false,"template":"","format":"standard","meta":{"footnotes":""},"categories":[4],"tags":[],"class_list":["post-17542","post","type-post","status-publish","format-standard","has-post-thumbnail","hentry","category-noutati"],"_links":{"self":[{"href":"https:\/\/news-fm.ro\/index.php\/wp-json\/wp\/v2\/posts\/17542","targetHints":{"allow":["GET"]}}],"collection":[{"href":"https:\/\/news-fm.ro\/index.php\/wp-json\/wp\/v2\/posts"}],"about":[{"href":"https:\/\/news-fm.ro\/index.php\/wp-json\/wp\/v2\/types\/post"}],"author":[{"embeddable":true,"href":"https:\/\/news-fm.ro\/index.php\/wp-json\/wp\/v2\/users\/1"}],"replies":[{"embeddable":true,"href":"https:\/\/news-fm.ro\/index.php\/wp-json\/wp\/v2\/comments?post=17542"}],"version-history":[{"count":0,"href":"https:\/\/news-fm.ro\/index.php\/wp-json\/wp\/v2\/posts\/17542\/revisions"}],"wp:featuredmedia":[{"embeddable":true,"href":"https:\/\/news-fm.ro\/index.php\/wp-json\/wp\/v2\/media\/17543"}],"wp:attachment":[{"href":"https:\/\/news-fm.ro\/index.php\/wp-json\/wp\/v2\/media?parent=17542"}],"wp:term":[{"taxonomy":"category","embeddable":true,"href":"https:\/\/news-fm.ro\/index.php\/wp-json\/wp\/v2\/categories?post=17542"},{"taxonomy":"post_tag","embeddable":true,"href":"https:\/\/news-fm.ro\/index.php\/wp-json\/wp\/v2\/tags?post=17542"}],"curies":[{"name":"wp","href":"https:\/\/api.w.org\/{rel}","templated":true}]}}