{"id":17540,"date":"2026-09-05T01:09:00","date_gmt":"2026-09-05T01:09:00","guid":{"rendered":"https:\/\/news-fm.ro\/index.php\/2026\/09\/05\/vocea-romaniei-2026-cine-este-francoise-manuel-concurenta-care-l-a-facut-pe-chirila-sa-o-injunghie-pe-la-spate-pe-irina\/"},"modified":"2026-09-05T01:09:00","modified_gmt":"2026-09-05T01:09:00","slug":"vocea-romaniei-2026-cine-este-francoise-manuel-concurenta-care-l-a-facut-pe-chirila-sa-o-injunghie-pe-la-spate-pe-irina","status":"publish","type":"post","link":"https:\/\/news-fm.ro\/index.php\/2026\/09\/05\/vocea-romaniei-2026-cine-este-francoise-manuel-concurenta-care-l-a-facut-pe-chirila-sa-o-injunghie-pe-la-spate-pe-irina\/","title":{"rendered":"Vocea Rom\u00e2niei 2026: Cine este Francoise Manuel, concurenta care l-a f\u0103cut pe Chiril\u0103 s\u0103 o &#8220;\u00eenjunghie pe la spate&#8221; pe Irina"},"content":{"rendered":"<p><a href=\"https:\/\/www.infomusic.ro\/stiri\/muzica\/emisiuni-muzica\/\">Emisiuni radio-tv<\/a> <\/p>\n<p>Francoise Manuel a fost una dintre cele mai memorabile prezen\u021be din prima edi\u021bie Vocea Rom\u00e2niei 2026. Concurenta i-a f\u0103cut pe antrenori s\u0103-\u0219i scoat\u0103 toate armele la vedere.<\/p>\n<p><img alt src=\"https:\/\/secure.gravatar.com\/avatar\/a088e08883d33ed9770d266ee8cf1b04789e2ef9e93eeeb1a3535dce2090b113?s=46&#038;d=blank&#038;r=g\"  height=\"46\" width=\"46\" decoding=\"async\"\/><\/p>\n<p>Publicat<\/p>\n<p>acum 4 ore<\/p>\n<p>pe<\/p>\n<p>04\/09\/2026<\/p>\n<p><img fetchpriority=\"high\" width=\"1000\" height=\"667\" src=\"https:\/\/static.infomusic.ro\/media\/2026\/09\/francoise-manuel-auditii-vocea-romaniei-2026-1000x667.jpg\" alt=\"Francoise Manuel \u00een audi\u021biile de la Vocea Rom\u00e2niei 2026\" decoding=\"async\" fetchpriority=\"high\"\/><\/p>\n<p> Francoise Manuel \u00een audi\u021biile de la Vocea Rom\u00e2niei 2026 \u2502 FOTO: captur\u0103 YouTube\t<\/p>\n<p>Francoise Manuel are 41 de ani, s-a n\u0103scut la Chi\u0219in\u0103u, dar locuie\u0219te \u00een Italia. Are r\u0103d\u0103cini angoleze din partea tat\u0103lui. Concurenta a declarat c\u0103 la baz\u0103 este muzician\u0103 \u0219i pianist\u0103, \u00eens\u0103 \u00een ultimii ani s-a v\u0103zut nevoit\u0103 s\u0103 lucreze ca barmani\u021b\u0103 \u0219i chelneri\u021b\u0103. <em>&#8220;Muzica pentru mine e muza. Muzica este ceea ce eu simt \u0219i ceea ce eu sunt&#8221;<\/em>, a m\u0103rturisit \u00een testimoniale Francoise.<\/p>\n<p>Prin participarea la Vocea Rom\u00e2niei, Francoise \u00ee\u0219i dore\u0219te s\u0103 revin\u0103 pe scen\u0103 \u0219i s\u0103 tr\u0103iasc\u0103 doar din muzic\u0103. La audi\u021bii, a impresionat cu &#8220;It&#8217;s a Man&#8217;s Man&#8217;s World&#8221; \u0219i a \u00eentors toate scaunele.<\/p>\n<p>&#8220;Ai avut o interpretare excep\u021bional\u0103! Cred c\u0103 unic\u0103 la Vocea Rom\u00e2niei. E\u0219ti fenomenal\u0103! Pentru mine ar fi o mare onoare s\u0103 vii \u00een echipa mea, s\u0103 \u00eenv\u0103\u021b eu de la tine \u0219i s\u0103 \u00eemp\u0103rt\u0103\u0219esc cu tine din experien\u021ba mea. Este <a href=\"https:\/\/www.infomusic.ro\/2026\/09\/irina-rimes-pleaca-de-la-vocea-romaniei-2026\/\" target=\"_blank\" rel=\"noopener\">ultimul meu sezon de la Vocea Rom\u00e2niei<\/a> \u0219i nu pot s\u0103 ratez aceast\u0103 ocazie. Vreau foarte tare s\u0103 c\u00e2\u0219tig anul \u0103sta, s\u0103 plec \u00een glorie. \u0218i tu e\u0219ti \u0219ansa mea!&#8221;, a declarat Irina.<\/p>\n<p>Theo Rose i-a transmis:<\/p>\n<p>&#8220;Vocea Rom\u00e2niei nu \u00eenceteaz\u0103 niciodat\u0103 s\u0103 ne surprind\u0103. Tu ne-ai oferit o experien\u021b\u0103 \u00eentreag\u0103! Ai avut concertul t\u0103u! Nu te compor\u021bi ca un concurent, nici nu cred c\u0103 te vizualizezi a\u0219a. Tu nu concurezi cu nimeni. E\u0219ti at\u00e2t de special\u0103, at\u00e2t de mare! Mul\u021bumim frumos pentru momentul \u0103sta!&#8221;<\/p>\n<p>Smiley a fost \u0219ocat de interpretarea concurentei:<\/p>\n<p>&#8220;Eu sunt \u00een stare de \u0219oc! Eu n-am auzit \u00een via\u021ba mea a\u0219a ceva! E\u0219ti memorabil\u0103! O s\u0103 te \u021bin minte toat\u0103 via\u021ba! E\u0219ti genul de voce care poate s\u0103 defineasc\u0103 sezonul \u0103sta! Momentul \u0103sta va fi viral \u00een toat\u0103 lumea! Mi-ar pl\u0103cea foarte tare s\u0103 te am \u00een echip\u0103!&#8221;<\/p>\n<p>Tudor deja s-a g\u00e2ndit la urm\u0103toarea etap\u0103 a show-ului:<\/p>\n<p>&#8220;Toat\u0103 lumea care s-a uitat la audi\u021bia asta acum se \u00eentreab\u0103 \u00een ce echip\u0103 va ajunge, dar mai ales se \u00eentreab\u0103 ce pies\u0103 va fi urm\u0103toarea. Provocarea mea ar fi s\u0103 pot s\u0103 g\u0103sesc \u00eempreun\u0103 cu tine acea pies\u0103 la care lumea o s\u0103 zic\u0103: .&#8221;<\/p>\n<p>Sim\u021bind c\u0103 mesajul lui nu ajunge la concurent\u0103, antrenorul a f\u0103cut tot ce i-a stat \u00een putin\u021b\u0103 s\u0103 o conving\u0103 pe Francoise s\u0103 vin\u0103 \u00een echipa lui.<\/p>\n<p>&#8220;Francoise, eu am sentimentul c\u0103 nu spun tot ce simt. Am sentimentul c\u0103 nu exprim at\u00e2t de mult pe c\u00e2t ar trebui sa exprim faptul c\u0103 \u00eemi doresc foarte mult s\u0103 lucrez cu tine&#8221;, a m\u0103rturisit Chiril\u0103 \u00eenainte de a o bloca pe Irina. Astfel Francoise nu a mai putut s\u0103 mearg\u0103 \u00een echipa ei dac\u0103 \u0219i-ar fi dorit.<\/p>\n<p>Tudor Chiril\u0103: &#8220;A fost un gest m\u00e2r\u0219av din partea mea&#8221;<\/p>\n<p>Tudor \u0219i-a asumat fapta \u0219i i-a g\u0103sit justificare:<\/p>\n<p>&#8220;A fost un gest m\u00e2r\u0219av din partea mea. A fost ur\u00e2t. \u0102sta este \u0219i momentul \u00een care \u00eemi pierd \u0219i arma asta (n.r. butonul de block), \u0219i s-ar putea s\u0103 te pierd \u0219i pe tine pentru c\u0103 tu poate nu o s\u0103 apreciezi faptul c\u0103 eu am \u00eenjunghiat-o pe la spate pe Irina. Dar, p\u00e2n\u0103 la urm\u0103, a fost ultimul meu risc. Cea mai mare posibilitate de a \u00eencerca.<\/p>\n<p> <a class=\"echo_read_more\" href=\"https:\/\/www.infomusic.ro\/2026\/09\/francoise-manuel-auditii-vocea-romaniei-2026\/\" target=\"_blank\">\u00a0\u00bb\u00a0Cite\u0219te continuarea pe pagina autorului<\/a><\/p>\n","protected":false},"excerpt":{"rendered":"<p>Emisiuni radio-tv Francoise Manuel a fost una dintre cele mai memorabile prezen\u021be din prima edi\u021bie Vocea Rom\u00e2niei 2026. Concurenta i-a f\u0103cut pe antrenori s\u0103-\u0219i scoat\u0103 toate armele la vedere. Publicat acum 4 ore pe 04\/09\/2026 Francoise Manuel \u00een audi\u021biile de la Vocea Rom\u00e2niei 2026 \u2502 FOTO: captur\u0103 YouTube Francoise Manuel are 41 de ani, s-a [&hellip;]<\/p>\n","protected":false},"author":1,"featured_media":17541,"comment_status":"open","ping_status":"open","sticky":false,"template":"","format":"standard","meta":{"footnotes":""},"categories":[4],"tags":[],"class_list":["post-17540","post","type-post","status-publish","format-standard","has-post-thumbnail","hentry","category-noutati"],"_links":{"self":[{"href":"https:\/\/news-fm.ro\/index.php\/wp-json\/wp\/v2\/posts\/17540","targetHints":{"allow":["GET"]}}],"collection":[{"href":"https:\/\/news-fm.ro\/index.php\/wp-json\/wp\/v2\/posts"}],"about":[{"href":"https:\/\/news-fm.ro\/index.php\/wp-json\/wp\/v2\/types\/post"}],"author":[{"embeddable":true,"href":"https:\/\/news-fm.ro\/index.php\/wp-json\/wp\/v2\/users\/1"}],"replies":[{"embeddable":true,"href":"https:\/\/news-fm.ro\/index.php\/wp-json\/wp\/v2\/comments?post=17540"}],"version-history":[{"count":0,"href":"https:\/\/news-fm.ro\/index.php\/wp-json\/wp\/v2\/posts\/17540\/revisions"}],"wp:featuredmedia":[{"embeddable":true,"href":"https:\/\/news-fm.ro\/index.php\/wp-json\/wp\/v2\/media\/17541"}],"wp:attachment":[{"href":"https:\/\/news-fm.ro\/index.php\/wp-json\/wp\/v2\/media?parent=17540"}],"wp:term":[{"taxonomy":"category","embeddable":true,"href":"https:\/\/news-fm.ro\/index.php\/wp-json\/wp\/v2\/categories?post=17540"},{"taxonomy":"post_tag","embeddable":true,"href":"https:\/\/news-fm.ro\/index.php\/wp-json\/wp\/v2\/tags?post=17540"}],"curies":[{"name":"wp","href":"https:\/\/api.w.org\/{rel}","templated":true}]}}