{"id":17536,"date":"2026-09-04T16:10:01","date_gmt":"2026-09-04T16:10:01","guid":{"rendered":"https:\/\/news-fm.ro\/index.php\/2026\/09\/04\/the-motans-aduce-starea-de-bine-si-anunta-un-flashmob-pe-calea-victoriei-audio\/"},"modified":"2026-09-04T16:10:01","modified_gmt":"2026-09-04T16:10:01","slug":"the-motans-aduce-starea-de-bine-si-anunta-un-flashmob-pe-calea-victoriei-audio","status":"publish","type":"post","link":"https:\/\/news-fm.ro\/index.php\/2026\/09\/04\/the-motans-aduce-starea-de-bine-si-anunta-un-flashmob-pe-calea-victoriei-audio\/","title":{"rendered":"The Motans aduce &#8220;Starea de bine&#8221; \u0219i anun\u021b\u0103 un flashmob pe Calea Victoriei (AUDIO)"},"content":{"rendered":"<p> The Motans la Arenele Romane, 13 iunie 2025 \u2502 FOTO: Bianca Strechioiu \/ Global Records\t<\/p>\n<p>Bruno Mars lansa &#8220;The Lazy Song&#8221; \u0219i ne invita s\u0103 \u00eembr\u0103\u021bi\u0219\u0103m ideea de stat degeaba, iar The Motans ne propune s\u0103 savur\u0103m &#8220;Starea de bine&#8221; \u0219i s\u0103 le-o d\u0103m \u0219i celor din jur. Cele dou\u0103 melodii au \u00een comun c\u00e2teva acorduri de chitar\u0103 \u0219i ideea general\u0103, \u00een cazul lui Denis bucuria venind, \u00eens\u0103, din poft\u0103 de via\u021b\u0103 \u0219i nu din leneveal\u0103.<\/p>\n<p>AUDIO: The Motans &#8211; &#8220;Starea mea de bine&#8221; <\/p>\n<p>Duminica aceasta, Denis va fi prezent pe Calea Victoriei la un flashmob care se nume\u0219te Valul de bucurie. Cu acest prilej artistul va interpreta \u0219i una, sau dou\u0103 piese \u00een format acustic. Flashmob-ul \u00eencepe la ora 18:00.<\/p>\n<p>&#8220;Salutare, frumo\u0219ilor. M\u0103 aflu acum pe Calea Victoriei \u0219i am un anun\u021b pentru voi. Duminica asta, pe data de 6 septembrie, la ora 18:00, o s\u0103 aib\u0103 loc un flashmob care se nume\u0219te Valul de bucurie. Flashmob-ul este \u00een cadrul campaniei Banca de Juc\u0103rii \u0219i o s\u0103 fac parte \u0219i eu. Abia a\u0219tept, sincer. O s\u0103 se \u00eent\u00e2mple \u00eentre Novotel \u0219i Pia\u021ba Revolu\u021biei \u0219i e posibil s\u0103 c\u00e2nt\u0103m \u0219i noi una, dou\u0103 piese \u00een format acustic. Abia a\u0219tept \u0219i v\u0103 a\u0219tept \u0219i pe voi&#8221;, a dat de veste Denis \u00eentr-un <a href=\"https:\/\/www.facebook.com\/reel\/1420661926620613\" target=\"_blank\" rel=\"noopener\">reel postat recent<\/a>.<\/p>\n<p>The Motans va lansa toamna aceasta un nou album. Discul se nume\u0219te &#8220;Prelude&#8221;. G\u0103se\u0219ti mai <a href=\"https:\/\/www.infomusic.ro\/2026\/08\/the-motans-album-prelude\/\">multe detalii aici<\/a>.<\/p>\n<p>Despre The Motans<\/p>\n<p>The Motans\u00a0este proiectul muzical fondat de Denis Roabe\u0219, unul dintre cei mai aprecia\u021bi arti\u0219ti \u0219i compozitori din Rom\u00e2nia \u0219i Republica Moldova. \u00cen cei 10 ani de activitate, The Motans a lansat numeroase hituri care au dominat topurile radio \u0219i platformele de streaming, construind un univers artistic definit de sensibilitate, introspec\u021bie \u0219i poezie contemporan\u0103.<\/p>\n<p>Prin piese precum &#8220;Versus&#8221;, &#8220;August&#8221;, &#8220;\u00cenainte S\u0103 Ne Fi N\u0103scut&#8221;, &#8220;Poem&#8221;, &#8220;Jackpot&#8221; sau &#8220;\u00cent\u00e2mpl\u0103tor&#8221;,\u00a0The Motans\u00a0a devenit una dintre cele mai importante \u0219i autentice voci ale muzicii rom\u00e2ne\u0219ti contemporane.<\/p>\n<p>R\u0103m\u00e2i al\u0103turi de noi, <a href=\"https:\/\/www.infomusic.ro\/newsletter\/\" rel=\"bookmark\" title=\"Aboneaz\u0103-te la newsletter\">aboneaz\u0103-te la newsletterul cu \u0219tiri \u0219i evenimente!<\/a><\/p>\n<p> \u00ce\u021bi recomand\u0103m aceste videoclipuri <\/p>\n<p><img decoding=\"async\" src=\"https:\/\/static.infomusic.ro\/logo-slogan.svg\" alt=\"INFOMUSIC\" width=\"150\" height=\"150\"\/><\/p>\n<p> <a href=\"https:\/\/www.infomusic.ro\/stiri\/muzica\/concerte-turnee\/\">Concerte &#038; turnee<\/a>Programul Street Food Festival 2026 de la Timi\u0219oara, \u00eentre 10 \u0219i 13 septembrie <\/p>\n<p>10 ani de Street Food Festival se s\u0103rb\u0103toresc la Timi\u0219oara \u00eentre 10 \u0219i 13 septembrie. Publicul este a\u0219teptat la Iulius Town pentru a se bucura de edi\u021bia aniversar\u0103 al\u0103turi de Killa Fonic, The Motans \u0219i om la lun\u0103. Descoper\u0103 programul complet, pe zile \u0219i ore.<\/p>\n<p><img loading=\"lazy\" alt src=\"https:\/\/secure.gravatar.com\/avatar\/fc95fe2baff59157fc4a45c2420b12012132afaad378497b27770f2e04b630ac?s=46&#038;d=blank&#038;r=g\"  height=\"46\" width=\"46\" loading=\"lazy\" decoding=\"async\"\/><\/p>\n<p>Publicat<\/p>\n<p>acum 2 zile<\/p>\n<p>pe<\/p>\n<p>02\/09\/2026<\/p>\n<p><img loading=\"lazy\" width=\"1000\" height=\"667\" src=\"https:\/\/static.infomusic.ro\/media\/2025\/03\/the-motans-foto-ion-ples-alexandru-1000x667.jpg\" alt=\"The Motans\" decoding=\"async\" loading=\"lazy\"\/><\/p>\n<p> The Motans \u2502 FOTO: Ion Ples Alexandru <\/p>\n<p>Street Food Festival 2026 de la Gala\u021bi propune un lineup cu rock alternativ, trap \u0219i pop. \u00centre 10 \u0219i 13 septembrie, publicul se va bucura de concerte preg\u0103tite de Vlad Corb, Killa Fonic, The Motans \u0219i Om la lun\u0103. Evenimentele au loc la Iulius Town. Intrarea este liber\u0103.<\/p>\n<p>&#8220;C\u0103l\u0103toria noastr\u0103 a \u00eenceput \u00een 2016 din dorin\u021ba de a aduce experien\u021be autentice de street food \u0219i un festival complet \u00een Rom\u00e2nia. Iar de atunci, \u00eempreun\u0103 cu mii de pofticio\u0219i am tr\u0103it 10 ani \u00een care ne-am f\u0103cut amintiri de neuitat. Din 10 \u00een 13 septembrie te invit\u0103m la Iulius Town s\u0103 s\u0103rb\u0103torim cei 10 ani de m\u00e2ncare delicioas\u0103, muzic\u0103 bun\u0103 \u0219i atmosfer\u0103 pe m\u0103sur\u0103&#8221;, spun organizatorii.<\/p>\n<p>Ce te a\u0219teapt\u0103 la Street Food Festival Timi\u0219oara 2026<\/p>\n<ul>\n<li>Romania Sky Show &#8211; un show de drone sincronizat cu muzica live a trupei om la lun\u0103,<\/li>\n<\/ul>\n<p> <a class=\"echo_read_more\" href=\"https:\/\/www.infomusic.ro\/2026\/09\/the-motans-starea-de-bine-flashmob-calea-victoriei-audio\/\" target=\"_blank\">\u00a0\u00bb\u00a0Cite\u0219te continuarea pe pagina autorului<\/a><\/p>\n","protected":false},"excerpt":{"rendered":"<p>The Motans la Arenele Romane, 13 iunie 2025 \u2502 FOTO: Bianca Strechioiu \/ Global Records Bruno Mars lansa &#8220;The Lazy Song&#8221; \u0219i ne invita s\u0103 \u00eembr\u0103\u021bi\u0219\u0103m ideea de stat degeaba, iar The Motans ne propune s\u0103 savur\u0103m &#8220;Starea de bine&#8221; \u0219i s\u0103 le-o d\u0103m \u0219i celor din jur. Cele dou\u0103 melodii au \u00een comun c\u00e2teva [&hellip;]<\/p>\n","protected":false},"author":1,"featured_media":17537,"comment_status":"open","ping_status":"open","sticky":false,"template":"","format":"standard","meta":{"footnotes":""},"categories":[4],"tags":[],"class_list":["post-17536","post","type-post","status-publish","format-standard","has-post-thumbnail","hentry","category-noutati"],"_links":{"self":[{"href":"https:\/\/news-fm.ro\/index.php\/wp-json\/wp\/v2\/posts\/17536","targetHints":{"allow":["GET"]}}],"collection":[{"href":"https:\/\/news-fm.ro\/index.php\/wp-json\/wp\/v2\/posts"}],"about":[{"href":"https:\/\/news-fm.ro\/index.php\/wp-json\/wp\/v2\/types\/post"}],"author":[{"embeddable":true,"href":"https:\/\/news-fm.ro\/index.php\/wp-json\/wp\/v2\/users\/1"}],"replies":[{"embeddable":true,"href":"https:\/\/news-fm.ro\/index.php\/wp-json\/wp\/v2\/comments?post=17536"}],"version-history":[{"count":0,"href":"https:\/\/news-fm.ro\/index.php\/wp-json\/wp\/v2\/posts\/17536\/revisions"}],"wp:featuredmedia":[{"embeddable":true,"href":"https:\/\/news-fm.ro\/index.php\/wp-json\/wp\/v2\/media\/17537"}],"wp:attachment":[{"href":"https:\/\/news-fm.ro\/index.php\/wp-json\/wp\/v2\/media?parent=17536"}],"wp:term":[{"taxonomy":"category","embeddable":true,"href":"https:\/\/news-fm.ro\/index.php\/wp-json\/wp\/v2\/categories?post=17536"},{"taxonomy":"post_tag","embeddable":true,"href":"https:\/\/news-fm.ro\/index.php\/wp-json\/wp\/v2\/tags?post=17536"}],"curies":[{"name":"wp","href":"https:\/\/api.w.org\/{rel}","templated":true}]}}