{"id":17530,"date":"2026-09-04T08:08:52","date_gmt":"2026-09-04T08:08:52","guid":{"rendered":"https:\/\/news-fm.ro\/index.php\/2026\/09\/04\/lineup-complet-si-program-pe-ore-la-bucharest-street-food-festival-2026\/"},"modified":"2026-09-04T08:08:52","modified_gmt":"2026-09-04T08:08:52","slug":"lineup-complet-si-program-pe-ore-la-bucharest-street-food-festival-2026","status":"publish","type":"post","link":"https:\/\/news-fm.ro\/index.php\/2026\/09\/04\/lineup-complet-si-program-pe-ore-la-bucharest-street-food-festival-2026\/","title":{"rendered":"Lineup complet \u0219i program pe ore la Bucharest Street Food Festival 2026"},"content":{"rendered":"<p><a href=\"https:\/\/www.infomusic.ro\/stiri\/muzica\/concerte-turnee\/\">Concerte &#038; turnee<\/a>Festivalul Sinaia Forever 2026 are lista de arti\u0219ti finalizat\u0103 <\/p>\n<p>Festivalul Sinaia Forever revine \u00een 2026 cu trei zile de muzic\u0103, teatru \u0219i dans. \u00centre 11 \u0219i 13 septembrie, arti\u0219ti precum \u0218tefan B\u0103nic\u0103, Subcarpa\u021bi, Alexandra C\u0103pit\u0103nescu, Mircea Baniciu \u0219i Ducu Bertzi urc\u0103 pe scen\u0103, anun\u021b\u00e2nd o edi\u021bie cu un public numeros. Descoper\u0103 lista complet\u0103 a arti\u0219tilor confirma\u021bi la festival.<\/p>\n<p><img loading=\"lazy\" alt src=\"https:\/\/secure.gravatar.com\/avatar\/fc95fe2baff59157fc4a45c2420b12012132afaad378497b27770f2e04b630ac?s=46&#038;d=blank&#038;r=g\"  height=\"46\" width=\"46\" loading=\"lazy\" decoding=\"async\"\/><\/p>\n<p>Publicat<\/p>\n<p>acum 23 de ore<\/p>\n<p>pe<\/p>\n<p>03\/09\/2026<\/p>\n<p><img loading=\"lazy\" width=\"1000\" height=\"667\" src=\"https:\/\/static.infomusic.ro\/media\/2025\/12\/stefan-banica-sala-palatului-2025-9206-1000x667.jpg\" alt=\"Concert \u0218tefan B\u0103nic\u0103 la Sala Palatului pe 5 decembrie 2025\" decoding=\"async\" loading=\"lazy\"\/><\/p>\n<p> Concert \u0218tefan B\u0103nic\u0103 la Sala Palatului pe 5 decembrie 2025 \u2502 FOTO: Ionut Paraschiv \/ InfoMusic.ro <\/p>\n<p>\u00centre 11 \u0219i 13 septembrie, Bulevardul Carol I din Sinaia se va transforma \u00eentr-un loc cu spa\u021bii dedicate me\u0219te\u0219ugarilor \u0219i produc\u0103torilor locali. Festivalul Sinaia Forever revine \u00een 2026 cu o edi\u021bie care promite o experien\u021b\u0103 memorabil\u0103 la altitudine, aduc\u00e2nd laolalt\u0103 muzica live, tradi\u021bia \u0219i bucuria de a fi \u00eempreun\u0103.<\/p>\n<p>Lineup-ul evenimentului a fost finalizat, incluz\u00e2nd nume sonore, ce vor atrage, cu siguran\u021b\u0103, mul\u021bi turi\u0219ti \u00een Sinaia. \u0218tefan B\u0103nic\u0103, Subcarpa\u021bi, Horia Brenciu \u0219i Alexandra C\u0103pit\u0103nescu se num\u0103r\u0103 printre arti\u0219tii confirma\u021bi, iar intrarea r\u0103m\u00e2ne liber\u0103, ca \u0219i la celelalte edi\u021bii ale festivalului.<\/p>\n<p>Lista complet\u0103 a arti\u0219tilor a fost anun\u021bat\u0103, urm\u00e2nd ca \u00een apropierea evenimentului s\u0103 fie dezv\u0103luit \u0219i programul pe zile \u0219i ore.<\/p>\n<p>Cine c\u00e2nt\u0103 pe Scena Principal\u0103 la Festivalul Sinaia Forever 2026:<\/p>\n<ul>\n<li>\u0218tefan B\u0103nic\u0103,<\/li>\n<li>Subcarpa\u021bi,<\/li>\n<li>Horia Brenciu &#038; HB Orchestra<\/li>\n<li>Dirty Shirt,<\/li>\n<li>The Urs,<\/li>\n<li>Vibe Orchestra,<\/li>\n<li>Alexandra C\u0103pit\u0103nescu,<\/li>\n<li>Anita.<\/li>\n<\/ul>\n<p>Arti\u0219ti folk la Sinaia Forever 2026:<\/p>\n<ul>\n<li>Ducu Bertzi,<\/li>\n<li>Mircea Baniciu,<\/li>\n<li>Vasile \u0218eicaru,<\/li>\n<li>Florin Chilian.<\/li>\n<\/ul>\n<p>Programul muzical va fi completat de recitaluri \u0219i momente speciale sus\u021binute de:<\/p>\n<ul>\n<li>Claudia \u0218erdan,<\/li>\n<li>DJ Sorin Lupa\u0219cu,<\/li>\n<li>Alin Dr\u0103gan,<\/li>\n<li>Acoustic Boyz,<\/li>\n<li>Batucada Boctukada,<\/li>\n<li>Bianca Bulig\u0103,<\/li>\n<li>2Normal,<\/li>\n<li>Costi Dumitru,<\/li>\n<li>Mihaela Maftei,<\/li>\n<li>Claudia Ghi\u021bulescu,<\/li>\n<li>Ansamblul Pro Vita.<\/li>\n<\/ul>\n<p>Despre Festivalul Sinaia Forever<\/p>\n<p>Intitulat ini\u021bial S\u0103rb\u0103toarea Toamnei, festivalul Sinaia Forever a fost iubit de localnici \u00eenc\u0103 de la prima edi\u021bie, din 1994. Evenimentul a luat amploare pe parcurs, devenind un punct turistic de atrac\u021bie. Festivalul este organizat \u00een prezent de Prim\u0103ria ora\u0219ului Sinaia.<\/p>\n<p> <a href=\"https:\/\/www.infomusic.ro\/stiri\/muzica\/concerte-turnee\/\">Concerte &#038; turnee<\/a>Programul Street Food Festival 2026 de la Timi\u0219oara, \u00eentre 10 \u0219i 13 septembrie <\/p>\n<p>10 ani de Street Food Festival se s\u0103rb\u0103toresc la Timi\u0219oara \u00eentre 10 \u0219i 13 septembrie. Publicul este a\u0219teptat la Iulius Town pentru a se bucura de edi\u021bia aniversar\u0103 al\u0103turi de Killa Fonic, The Motans \u0219i om la lun\u0103. Descoper\u0103 programul complet, pe zile \u0219i ore.<\/p>\n<p><img loading=\"lazy\" alt src=\"https:\/\/secure.gravatar.com\/avatar\/fc95fe2baff59157fc4a45c2420b12012132afaad378497b27770f2e04b630ac?s=46&#038;d=blank&#038;r=g\"  height=\"46\" width=\"46\" loading=\"lazy\" decoding=\"async\"\/><\/p>\n<p>Publicat<\/p>\n<p>acum 2 zile<\/p>\n<p>pe<\/p>\n<p>02\/09\/2026<\/p>\n<p><img loading=\"lazy\" width=\"1000\" height=\"667\" src=\"https:\/\/static.infomusic.ro\/media\/2025\/03\/the-motans-foto-ion-ples-alexandru-1000x667.jpg\" alt=\"The Motans\" decoding=\"async\" loading=\"lazy\"\/><\/p>\n<p> The Motans \u2502 FOTO: Ion Ples Alexandru <\/p>\n<p>Street Food Festival 2026 de la Gala\u021bi propune un lineup cu rock alternativ, trap \u0219i pop. \u00centre 10 \u0219i 13 septembrie, publicul se va bucura de concerte preg\u0103tite de Vlad Corb, Killa Fonic, The Motans \u0219i Om la lun\u0103. Evenimentele au loc la Iulius Town. Intrarea este liber\u0103.<\/p>\n<p>&#8220;C\u0103l\u0103toria noastr\u0103 a \u00eenceput \u00een 2016 din dorin\u021ba de a aduce experien\u021be autentice de street food \u0219i un festival complet \u00een Rom\u00e2nia. Iar de atunci, \u00eempreun\u0103 cu mii de pofticio\u0219i am tr\u0103it 10 ani \u00een care ne-am f\u0103cut amintiri de neuitat. Din 10 \u00een 13 septembrie te invit\u0103m la Iulius Town s\u0103 s\u0103rb\u0103torim cei 10 ani de m\u00e2ncare delicioas\u0103,<\/p>\n<p> <a class=\"echo_read_more\" href=\"https:\/\/www.infomusic.ro\/2026\/09\/program-bucharest-street-food-festival2026\/\" target=\"_blank\">\u00a0\u00bb\u00a0Cite\u0219te continuarea pe pagina autorului<\/a><\/p>\n","protected":false},"excerpt":{"rendered":"<p>Concerte &#038; turneeFestivalul Sinaia Forever 2026 are lista de arti\u0219ti finalizat\u0103 Festivalul Sinaia Forever revine \u00een 2026 cu trei zile de muzic\u0103, teatru \u0219i dans. \u00centre 11 \u0219i 13 septembrie, arti\u0219ti precum \u0218tefan B\u0103nic\u0103, Subcarpa\u021bi, Alexandra C\u0103pit\u0103nescu, Mircea Baniciu \u0219i Ducu Bertzi urc\u0103 pe scen\u0103, anun\u021b\u00e2nd o edi\u021bie cu un public numeros. Descoper\u0103 lista complet\u0103 [&hellip;]<\/p>\n","protected":false},"author":1,"featured_media":17531,"comment_status":"open","ping_status":"open","sticky":false,"template":"","format":"standard","meta":{"footnotes":""},"categories":[4],"tags":[],"class_list":["post-17530","post","type-post","status-publish","format-standard","has-post-thumbnail","hentry","category-noutati"],"_links":{"self":[{"href":"https:\/\/news-fm.ro\/index.php\/wp-json\/wp\/v2\/posts\/17530","targetHints":{"allow":["GET"]}}],"collection":[{"href":"https:\/\/news-fm.ro\/index.php\/wp-json\/wp\/v2\/posts"}],"about":[{"href":"https:\/\/news-fm.ro\/index.php\/wp-json\/wp\/v2\/types\/post"}],"author":[{"embeddable":true,"href":"https:\/\/news-fm.ro\/index.php\/wp-json\/wp\/v2\/users\/1"}],"replies":[{"embeddable":true,"href":"https:\/\/news-fm.ro\/index.php\/wp-json\/wp\/v2\/comments?post=17530"}],"version-history":[{"count":0,"href":"https:\/\/news-fm.ro\/index.php\/wp-json\/wp\/v2\/posts\/17530\/revisions"}],"wp:featuredmedia":[{"embeddable":true,"href":"https:\/\/news-fm.ro\/index.php\/wp-json\/wp\/v2\/media\/17531"}],"wp:attachment":[{"href":"https:\/\/news-fm.ro\/index.php\/wp-json\/wp\/v2\/media?parent=17530"}],"wp:term":[{"taxonomy":"category","embeddable":true,"href":"https:\/\/news-fm.ro\/index.php\/wp-json\/wp\/v2\/categories?post=17530"},{"taxonomy":"post_tag","embeddable":true,"href":"https:\/\/news-fm.ro\/index.php\/wp-json\/wp\/v2\/tags?post=17530"}],"curies":[{"name":"wp","href":"https:\/\/api.w.org\/{rel}","templated":true}]}}