{"id":17526,"date":"2026-09-03T23:10:37","date_gmt":"2026-09-03T23:10:37","guid":{"rendered":"https:\/\/news-fm.ro\/index.php\/2026\/09\/03\/programul-pe-ore-la-always-forever-festival-pe-4-si-5-septembrie\/"},"modified":"2026-09-03T23:10:37","modified_gmt":"2026-09-03T23:10:37","slug":"programul-pe-ore-la-always-forever-festival-pe-4-si-5-septembrie","status":"publish","type":"post","link":"https:\/\/news-fm.ro\/index.php\/2026\/09\/03\/programul-pe-ore-la-always-forever-festival-pe-4-si-5-septembrie\/","title":{"rendered":"Programul pe ore la Always Forever Festival, pe 4 \u0219i 5 septembrie"},"content":{"rendered":"<p><a href=\"https:\/\/www.infomusic.ro\/stiri\/muzica\/concerte-turnee\/\">Concerte &#038; turnee<\/a> <\/p>\n<p>Palatul Mogo\u0219oaia devine pe 4 \u0219i 5 septembrie epicentrul unui festival care redefine\u0219te vara t\u00e2rzie a Bucure\u0219tiului. Skepta, Hurts, Killa Fonic \u0219i Golan sunt doar c\u00e2teva dintre numele confirmate. Consult\u0103 programul complet, pe zile \u0219i ore.<\/p>\n<p><img alt src=\"https:\/\/secure.gravatar.com\/avatar\/fc95fe2baff59157fc4a45c2420b12012132afaad378497b27770f2e04b630ac?s=46&#038;d=blank&#038;r=g\"  height=\"46\" width=\"46\" decoding=\"async\"\/><\/p>\n<p>Publicat<\/p>\n<p>acum 10 ore<\/p>\n<p>pe<\/p>\n<p>03\/09\/2026<\/p>\n<p><img fetchpriority=\"high\" width=\"1000\" height=\"667\" src=\"https:\/\/static.infomusic.ro\/media\/2023\/07\/hurts-arenele-romane-2023-4-1000x667.jpg\" alt decoding=\"async\" fetchpriority=\"high\"\/><\/p>\n<p> Poze concert Hurts la Arenele Romane pe 13 iulie 2023 \u2502 FOTO: Dana Tole \/ InfoMusic.ro\t<\/p>\n<p><em>&#8220;Vara nu se termin\u0103. Se transform\u0103&#8221;<\/em>. Acesta este motto-ul Always Forever Festival, care-i aduce pe SKEPTA \u0218I HURTS la Mogo\u0219oaia. Festivalul \u00ee\u0219i propune s\u0103 devin\u0103 un spa\u021biu unde energia brut\u0103 a grime-ului londonez se \u00eent\u00e2lne\u0219te cu melancolia estetic\u0103 a synth-pop-ului.\u00a0 Mogo\u0219oaia se transform\u0103 \u00eentr-un loc al contrastelor \u0219i al dualit\u0103\u021bii pe care o purt\u0103m cu to\u021bii \u00een noi.<\/p>\n<p>Programul complet al primei edi\u021bii a fost dezv\u0103luit recent de organizatori. \u00cel g\u0103se\u0219ti integral mai jos.<\/p>\n<p>Programul pe zile \u0219i ore la Always Forever Festival 2026:Vineri, 4 septembrie<\/p>\n<p>Main Stage<\/p>\n<ul>\n<li>15:00 | Gates open<\/li>\n<li>16:00 | Psihotrop<\/li>\n<li>17:50 | Killa Fonic<\/li>\n<li>19:00 | Jme<\/li>\n<li>20:30 | AJ Tracey<\/li>\n<li>22:00 | Skepta<\/li>\n<\/ul>\n<p>Backyard Stage &#8211; Amnesia Experience<\/p>\n<ul>\n<li>18:00 | DJ Matei<\/li>\n<li>21:30 | Albert NBN<\/li>\n<li>22:10 | DJ Andrei<\/li>\n<\/ul>\n<p>S\u00e2mb\u0103t\u0103, 5 septembrie<\/p>\n<p>Main Stage<\/p>\n<ul>\n<li>15:00 | Gates open<\/li>\n<li>16:00 | Moonlight Breakfast<\/li>\n<li>17:50 | Golan \u2014 Hybrid Set<\/li>\n<li>19:00 | Jacotene<\/li>\n<li>20:30 | Brooke Combe<\/li>\n<li>22:00 | Hurts<\/li>\n<\/ul>\n<p>Backyard Stage &#8211; Hip Hop Takeovers<\/p>\n<ul>\n<li>18:00 | Zo<\/li>\n<li>20:00 | DJ Paul<\/li>\n<li>21:00 | Maximilian &#038; Sorin Zlat Jazz Band<\/li>\n<li>22:30 | DJ Papi<\/li>\n<\/ul>\n<p>Accesul copiilor \u0219i minorilor la Always Forever Festival 2026:<\/p>\n<p>Copiii cu v\u00e2rsta de p\u00e2n\u0103 la 12 ani (inclusiv):<\/p>\n<ul>\n<li>Beneficiaz\u0103 de acces gratuit \u00een cadrul festivalului. Ace\u0219tia trebuie s\u0103 fie \u00eenso\u021bi\u021bi \u00een permanen\u021b\u0103 de un p\u0103rinte\/tutorele lega\/adult, care de\u021bine un bilet de acces valabil.<\/li>\n<\/ul>\n<p>Minorii cu v\u00e2rsta cuprins\u0103 \u00eentre 12 \u0219i 16 ani \u00eemplini\u021bi:<\/p>\n<ul>\n<li>Accesul se face doar \u00een baza unui bilet valabil \u0219i este permis exclusiv dac\u0103 sunt \u00eenso\u021bi\u021bi de un p\u0103rinte\/ tutorele legal\/ adult.<\/li>\n<\/ul>\n<p>Minorii cu v\u00e2rsta cuprins\u0103 \u00eentre 16 \u0219i 18 ani: <\/p>\n<ul>\n<li>Accesul se face \u00een baza unui bilet valabil \u0219i este condi\u021bionat de prezentarea unei declara\u021bii pe proprie r\u0103spundere semnat\u0103 de un p\u0103rinte sau de tutorele legal.<\/li>\n<\/ul>\n<p>Despre Always Forever Festival<\/p>\n<p>Always and forever este un eveniment sub semn\u0103tura Bazar Production. Cu peste 25 de ani de experien\u021b\u0103 \u0219i 1000+ de evenimente organizate \u00een industria de entertainment muzical, Bazar Production este una dintre cele mai respectate companii de produc\u021bie de evenimente din Rom\u00e2nia.<\/p>\n<p>R\u0103m\u00e2i al\u0103turi de noi, <a href=\"https:\/\/www.infomusic.ro\/newsletter\/\" rel=\"bookmark\" title=\"Aboneaz\u0103-te la newsletter\">aboneaz\u0103-te la newsletterul cu \u0219tiri \u0219i evenimente!<\/a><\/p>\n<p> \u00ce\u021bi recomand\u0103m aceste videoclipuri <\/p>\n<p><img decoding=\"async\" src=\"https:\/\/static.infomusic.ro\/logo-slogan.svg\" alt=\"INFOMUSIC\" width=\"150\" height=\"150\"\/><\/p>\n<p> <a href=\"https:\/\/www.infomusic.ro\/stiri\/muzica\/concerte-turnee\/\">Concerte &#038; turnee<\/a>Programul Street Food Festival 2026 de la Timi\u0219oara, \u00eentre 10 \u0219i 13 septembrie <\/p>\n<p>10 ani de Street Food Festival se s\u0103rb\u0103toresc la Timi\u0219oara \u00eentre 10 \u0219i 13 septembrie. Publicul este a\u0219teptat la Iulius Town pentru a se bucura de edi\u021bia aniversar\u0103 al\u0103turi de Killa Fonic, The Motans \u0219i om la lun\u0103. Descoper\u0103 programul complet, pe zile \u0219i ore.<\/p>\n<p><img loading=\"lazy\" alt src=\"https:\/\/secure.gravatar.com\/avatar\/fc95fe2baff59157fc4a45c2420b12012132afaad378497b27770f2e04b630ac?s=46&#038;d=blank&#038;r=g\"  height=\"46\" width=\"46\" loading=\"lazy\" decoding=\"async\"\/><\/p>\n<p>Publicat<\/p>\n<p>acum o zi<\/p>\n<p>pe<\/p>\n<p>02\/09\/2026<\/p>\n<p><img loading=\"lazy\" width=\"1000\" height=\"667\" src=\"https:\/\/static.infomusic.ro\/media\/2025\/03\/the-motans-foto-ion-ples-alexandru-1000x667.jpg\" alt=\"The Motans\" decoding=\"async\" loading=\"lazy\"\/><\/p>\n<p> The Motans \u2502 FOTO: Ion Ples Alexandru <\/p>\n<p>Street Food Festival 2026 de la Gala\u021bi propune un lineup cu rock alternativ,<\/p>\n<p> <a class=\"echo_read_more\" href=\"https:\/\/www.infomusic.ro\/2026\/09\/program-always-forever-festival-4-5-septembrie\/\" target=\"_blank\">\u00a0\u00bb\u00a0Cite\u0219te continuarea pe pagina autorului<\/a><\/p>\n","protected":false},"excerpt":{"rendered":"<p>Concerte &#038; turnee Palatul Mogo\u0219oaia devine pe 4 \u0219i 5 septembrie epicentrul unui festival care redefine\u0219te vara t\u00e2rzie a Bucure\u0219tiului. Skepta, Hurts, Killa Fonic \u0219i Golan sunt doar c\u00e2teva dintre numele confirmate. Consult\u0103 programul complet, pe zile \u0219i ore. Publicat acum 10 ore pe 03\/09\/2026 Poze concert Hurts la Arenele Romane pe 13 iulie 2023 [&hellip;]<\/p>\n","protected":false},"author":1,"featured_media":17527,"comment_status":"open","ping_status":"open","sticky":false,"template":"","format":"standard","meta":{"footnotes":""},"categories":[4],"tags":[],"class_list":["post-17526","post","type-post","status-publish","format-standard","has-post-thumbnail","hentry","category-noutati"],"_links":{"self":[{"href":"https:\/\/news-fm.ro\/index.php\/wp-json\/wp\/v2\/posts\/17526","targetHints":{"allow":["GET"]}}],"collection":[{"href":"https:\/\/news-fm.ro\/index.php\/wp-json\/wp\/v2\/posts"}],"about":[{"href":"https:\/\/news-fm.ro\/index.php\/wp-json\/wp\/v2\/types\/post"}],"author":[{"embeddable":true,"href":"https:\/\/news-fm.ro\/index.php\/wp-json\/wp\/v2\/users\/1"}],"replies":[{"embeddable":true,"href":"https:\/\/news-fm.ro\/index.php\/wp-json\/wp\/v2\/comments?post=17526"}],"version-history":[{"count":0,"href":"https:\/\/news-fm.ro\/index.php\/wp-json\/wp\/v2\/posts\/17526\/revisions"}],"wp:featuredmedia":[{"embeddable":true,"href":"https:\/\/news-fm.ro\/index.php\/wp-json\/wp\/v2\/media\/17527"}],"wp:attachment":[{"href":"https:\/\/news-fm.ro\/index.php\/wp-json\/wp\/v2\/media?parent=17526"}],"wp:term":[{"taxonomy":"category","embeddable":true,"href":"https:\/\/news-fm.ro\/index.php\/wp-json\/wp\/v2\/categories?post=17526"},{"taxonomy":"post_tag","embeddable":true,"href":"https:\/\/news-fm.ro\/index.php\/wp-json\/wp\/v2\/tags?post=17526"}],"curies":[{"name":"wp","href":"https:\/\/api.w.org\/{rel}","templated":true}]}}