{"id":17524,"date":"2026-09-03T23:10:38","date_gmt":"2026-09-03T23:10:38","guid":{"rendered":"https:\/\/news-fm.ro\/index.php\/2026\/09\/03\/nostalgia-revine-la-romexpo-cu-imaginarium-in-noiembrie-2026\/"},"modified":"2026-09-03T23:10:38","modified_gmt":"2026-09-03T23:10:38","slug":"nostalgia-revine-la-romexpo-cu-imaginarium-in-noiembrie-2026","status":"publish","type":"post","link":"https:\/\/news-fm.ro\/index.php\/2026\/09\/03\/nostalgia-revine-la-romexpo-cu-imaginarium-in-noiembrie-2026\/","title":{"rendered":"Nostalgia revine la Romexpo cu &#8220;Imaginarium&#8221;, \u00een noiembrie 2026"},"content":{"rendered":"<p><a href=\"https:\/\/www.infomusic.ro\/stiri\/muzica\/concerte-turnee\/\">Concerte &#038; turnee<\/a> <\/p>\n<p>Nostalgia revine la Romexpo, \u00eentre 6 \u0219i 7 noiembrie 2026, cu o nou\u0103 edi\u021bie &#8220;Imaginarium&#8221;. Este descris\u0103 de organizatori drept un loc aflat &#8220;undeva \u00eentre realitate \u0219i vis&#8221;, iar biletele sunt deja disponibile, \u00een aceast\u0103 perioad\u0103 la pre\u021buri super earlybird.<\/p>\n<p><img alt src=\"https:\/\/secure.gravatar.com\/avatar\/a088e08883d33ed9770d266ee8cf1b04789e2ef9e93eeeb1a3535dce2090b113?s=46&#038;d=blank&#038;r=g\"  height=\"46\" width=\"46\" decoding=\"async\"\/><\/p>\n<p>Publicat<\/p>\n<p>acum 6 ore<\/p>\n<p>pe<\/p>\n<p>03\/09\/2026<\/p>\n<p><img fetchpriority=\"high\" width=\"1000\" height=\"667\" src=\"https:\/\/static.infomusic.ro\/media\/2023\/07\/nostalgia-2023-day-3-33-1000x667.jpg\" alt=\"Nostalgia 2023\" decoding=\"async\" fetchpriority=\"high\"\/><\/p>\n<p> Nostalgia 2023 \u2502 FOTO: Alex Vlad Covaci \/ InfoMusic.ro\t<\/p>\n<p>&#8220;Undeva \u00eentre realitate \u0219i vis exist\u0103 un loc. \u00cel numim Imaginarium \u0219i \u00eel tr\u0103im pe 6-7 noiembrie, la Romexpo, Bucure\u0219ti&#8221;, au transmis organizatorii.<\/p>\n<p>&#8220;Imaginarium&#8221; este unul dintre conceptele de festival Nostalgia, al\u0103turi de Nostalgia Litoral \u0219i Nostalgia de la P\u0103durea B\u0103neasa. De-a lungul timpului, Nostalgia s-a prezentat \u0219i sub forma unor evenimente de o zi, at\u00e2t \u00een Bucure\u0219ti, c\u00e2t \u0219i \u00een alte ora\u0219e din \u021bar\u0103.<\/p>\n<p>Nostalgia nu este doar un festival, ci o adev\u0103rat\u0103 capsul\u0103 a timpului care \u00ee\u0219i teleportez\u0103 participan\u021bii \u00eentr-o perioad\u0103 \u00een care via\u021ba p\u0103rea mai simpl\u0103, distrac\u021bia mai sincer\u0103 \u0219i hiturile de neuitat.\u00a0Petrecerile Nostalgia\u00a0sunt o invita\u021bie la dans printre amintiri, o ocazie rar\u0103 de a fredona refrenele care au colorat adolescen\u021ba sau nop\u021bile de distrac\u021bie ale multora.<\/p>\n<p>Un alt element specific Nostalgia este lineup-ul muzical. Festivalul \u0219i-a format o tradi\u021bie prin care nu dezv\u0103luie arti\u0219tii care vor sus\u021bine concerte live. \u00cen locul unui anun\u021b clasic, organizatorii public\u0103 emoji-uri care func\u021bioneaz\u0103 drept indicii\u00a0pentru melodii, arti\u0219ti sau personaje asociate cu hiturile pe care publicul le-ar putea auzi la festival.<\/p>\n<p>Biletele sunt deja \u00een v\u00e2nzare<\/p>\n<p>Accesul la Nostalgia &#8220;Imaginarium&#8221; poate fi rezervat deja. \u00cen prezent, biletele sunt disponibile la pre\u021buri earlybird.<\/p>\n<p>Un abonament pentru cele dou\u0103 zile cost\u0103 129 de lei. Pentru o singur\u0103 zi, pre\u021bul este de 99 de lei pentru vineri \u0219i 109 lei pentru s\u00e2mb\u0103t\u0103. Pre\u021burile sunt aferente categoriei earlybird \u0219i vor cre\u0219te ulterior, \u00een func\u021bie de etapele de v\u00e2nzare.<\/p>\n<p>R\u0103m\u00e2i al\u0103turi de noi, <a href=\"https:\/\/www.infomusic.ro\/newsletter\/\" rel=\"bookmark\" title=\"Aboneaz\u0103-te la newsletter\">aboneaz\u0103-te la newsletterul cu \u0219tiri \u0219i evenimente!<\/a><\/p>\n<p> \u00ce\u021bi recomand\u0103m aceste videoclipuri <\/p>\n<p><img decoding=\"async\" src=\"https:\/\/static.infomusic.ro\/logo-slogan.svg\" alt=\"INFOMUSIC\" width=\"150\" height=\"150\"\/><\/p>\n<p>&#8230; <a class=\"echo_read_more\" href=\"https:\/\/www.infomusic.ro\/2026\/09\/nostalgia-revine-la-romexpo-cu-imaginarium\/\" target=\"_blank\">\u00a0\u00bb\u00a0Cite\u0219te continuarea pe pagina autorului<\/a><\/p>\n","protected":false},"excerpt":{"rendered":"<p>Concerte &#038; turnee Nostalgia revine la Romexpo, \u00eentre 6 \u0219i 7 noiembrie 2026, cu o nou\u0103 edi\u021bie &#8220;Imaginarium&#8221;. Este descris\u0103 de organizatori drept un loc aflat &#8220;undeva \u00eentre realitate \u0219i vis&#8221;, iar biletele sunt deja disponibile, \u00een aceast\u0103 perioad\u0103 la pre\u021buri super earlybird. Publicat acum 6 ore pe 03\/09\/2026 Nostalgia 2023 \u2502 FOTO: Alex Vlad [&hellip;]<\/p>\n","protected":false},"author":1,"featured_media":17525,"comment_status":"open","ping_status":"open","sticky":false,"template":"","format":"standard","meta":{"footnotes":""},"categories":[4],"tags":[],"class_list":["post-17524","post","type-post","status-publish","format-standard","has-post-thumbnail","hentry","category-noutati"],"_links":{"self":[{"href":"https:\/\/news-fm.ro\/index.php\/wp-json\/wp\/v2\/posts\/17524","targetHints":{"allow":["GET"]}}],"collection":[{"href":"https:\/\/news-fm.ro\/index.php\/wp-json\/wp\/v2\/posts"}],"about":[{"href":"https:\/\/news-fm.ro\/index.php\/wp-json\/wp\/v2\/types\/post"}],"author":[{"embeddable":true,"href":"https:\/\/news-fm.ro\/index.php\/wp-json\/wp\/v2\/users\/1"}],"replies":[{"embeddable":true,"href":"https:\/\/news-fm.ro\/index.php\/wp-json\/wp\/v2\/comments?post=17524"}],"version-history":[{"count":0,"href":"https:\/\/news-fm.ro\/index.php\/wp-json\/wp\/v2\/posts\/17524\/revisions"}],"wp:featuredmedia":[{"embeddable":true,"href":"https:\/\/news-fm.ro\/index.php\/wp-json\/wp\/v2\/media\/17525"}],"wp:attachment":[{"href":"https:\/\/news-fm.ro\/index.php\/wp-json\/wp\/v2\/media?parent=17524"}],"wp:term":[{"taxonomy":"category","embeddable":true,"href":"https:\/\/news-fm.ro\/index.php\/wp-json\/wp\/v2\/categories?post=17524"},{"taxonomy":"post_tag","embeddable":true,"href":"https:\/\/news-fm.ro\/index.php\/wp-json\/wp\/v2\/tags?post=17524"}],"curies":[{"name":"wp","href":"https:\/\/api.w.org\/{rel}","templated":true}]}}