{"id":17512,"date":"2026-09-02T23:09:27","date_gmt":"2026-09-02T23:09:27","guid":{"rendered":"https:\/\/news-fm.ro\/index.php\/2026\/09\/02\/programul-street-food-festival-2026-de-la-timisoara-intre-10-si-13-septembrie\/"},"modified":"2026-09-02T23:09:27","modified_gmt":"2026-09-02T23:09:27","slug":"programul-street-food-festival-2026-de-la-timisoara-intre-10-si-13-septembrie","status":"publish","type":"post","link":"https:\/\/news-fm.ro\/index.php\/2026\/09\/02\/programul-street-food-festival-2026-de-la-timisoara-intre-10-si-13-septembrie\/","title":{"rendered":"Programul Street Food Festival 2026 de la Timi\u0219oara, \u00eentre 10 \u0219i 13 septembrie"},"content":{"rendered":"<p><a href=\"https:\/\/www.infomusic.ro\/stiri\/muzica\/concerte-turnee\/\">Concerte &#038; turnee<\/a>Programul festivalului Zacusca de Art\u0103 2026 de la T\u00e2rgu Mure\u0219 <\/p>\n<p>\u00centre 4 \u0219i 6 septembrie, Zacusca de Art\u0103 se \u00eentoarce \u00een Cetatea Medieval\u0103 din T\u00e2rgu Mure\u0219 cu muzic\u0103 live \u0219i spectacole de teatru. Ilinca B\u0103cil\u0103, Jurjak \u0219i Dimitri&#8217;s Bats sunt confirma\u021bi la eveniment. Intrarea este liber\u0103, programul pe zile \u0219i ore este disponibil \u00een articol.<\/p>\n<p><img loading=\"lazy\" alt src=\"https:\/\/secure.gravatar.com\/avatar\/fc95fe2baff59157fc4a45c2420b12012132afaad378497b27770f2e04b630ac?s=46&#038;d=blank&#038;r=g\"  height=\"46\" width=\"46\" loading=\"lazy\" decoding=\"async\"\/><\/p>\n<p>Publicat<\/p>\n<p>acum 2 zile<\/p>\n<p>pe<\/p>\n<p>01\/09\/2026<\/p>\n<p><img loading=\"lazy\" width=\"1000\" height=\"667\" src=\"https:\/\/static.infomusic.ro\/media\/2025\/09\/ilinca-foto-eduard-diaconu-1000x667.jpeg\" alt=\"ILINCA\" decoding=\"async\" loading=\"lazy\"\/><\/p>\n<p> ILINCA \u2502 FOTO: Eduard Diaconu <\/p>\n<p>Toamna se instaleaz\u0103 la T\u00e2rgu Mure\u0219 cu un prim weekend cultural. Festivalul Zacusca de Art\u0103 revine \u00eentre 4 \u0219i 6 septembrie \u0219i aduce un lineup ofertant pentru iubitorii rock, blues, alternative \u0219i hip-hop. Pe l\u00e2ng\u0103 muzic\u0103 live, evenimentul ofer\u0103 publicului \u0219i alte atrac\u021bii. Po\u021bi s\u0103 te pierzi printre expozi\u021bii, s\u0103 prinzi un spectacol de teatru, s\u0103 te a\u0219ezi la un board game, s\u0103 \u00eencerci ceva nou la ateliere sau s\u0103 descoperi creatorii de la T\u00e2rgul Cet\u0103\u021bii. C\u00e2nd sim\u021bi nevoia s\u0103 \u00eencetine\u0219ti, Chill \u0219i Vinil e locul \u00een care po\u021bi s\u0103 ascul\u021bi un DJ set de pe vinyl.<\/p>\n<p>Teatru pentru cei mici la Zacusca de Art\u0103 2026<\/p>\n<p>ARTYA revine \u00een Cetate cu dou\u0103 spectacole de teatru de p\u0103pu\u0219i \u00een care joaca, imagina\u021bia \u0219i emo\u021biile se \u00eent\u00e2lnesc \u00eentr-un mod pe care copiii \u00eel \u00een\u021beleg imediat.<\/p>\n<ul>\n<li>5 septembrie &#8211; &#8220;Cine e Yop?&#8221;, o poveste despre prietenie, frici \u0219i curajul de a le \u00eenfrunta \u00eempreun\u0103.<\/li>\n<li>6 septembrie &#8211; &#8220;Ce viseaz\u0103 animalele?&#8221;, un spectacol despre imagina\u021bie, vise \u0219i bucuria de a le \u00eemp\u0103rt\u0103\u0219i cu ceilal\u021bi.<\/li>\n<\/ul>\n<p>Programul concertelor la festivalul Zacusc\u0103 de Art\u0103<\/p>\n<p>Vineri, 4 septembrie<\/p>\n<ul>\n<li>18:30\u201319:30 \u2014 B\u00ebsmeth<\/li>\n<li>20:00\u201320:30 \u2014 V\u0103ile<\/li>\n<li>21:00\u201322:00 \u2014 Vlad Flueraru<\/li>\n<\/ul>\n<p>S\u00e2mb\u0103t\u0103, 5 septembrie<\/p>\n<ul>\n<li>18:00\u201319:00 \u2014 Armand Popa<\/li>\n<li>19:30\u201320:30 \u2014 Ilinca<\/li>\n<li>21:00\u201322:00 \u2014 Jurjak (acustic)<\/li>\n<\/ul>\n<p>Duminic\u0103, 6 septembrie<\/p>\n<ul>\n<li>18:30\u201319:00 \u2014 Khromatic<\/li>\n<li>19:30\u201320:30 \u2014 Vlad Corb (acustic)<\/li>\n<li>21:00\u201322:00 \u2014 Dimitri&#8217;s Bats<\/li>\n<\/ul>\n<p>Pre\u021burile biletelor la Zacusca de Art\u0103:<\/p>\n<p>La Zacusca de Art\u0103, intrarea este liber\u0103. Dac\u0103 vrei s\u0103 sus\u021bii festivalul, po\u021bi alege un bilet neobligatoriu. Nu ai nevoie de el ca s\u0103 intri \u0219i nu \u00ee\u021bi schimb\u0103 accesul la festival &#8211; este pur \u0219i simplu o form\u0103 prin care po\u021bi contribui, dac\u0103 sim\u021bi c\u0103 vrei s\u0103 fii pu\u021bin mai mult parte din poveste.<\/p>\n<ul>\n<li>100 lei (bilet sus\u021bin\u0103tor)<\/li>\n<li>50 lei (bilet sus\u021bin\u0103tor)<\/li>\n<li>25 lei (bilet sus\u021bin\u0103tor)<\/li>\n<\/ul>\n<p>Despre Zacusca de Art\u0103<\/p>\n<p>Zacusca de Art\u0103 este un proiect co-finan\u021bat de c\u0103tre Municipiul T\u00e2rgu Mure\u0219, \u00een urma c\u00e2\u0219tig\u0103rii concursului de proiecte pentru finan\u021barea nerambursabil\u0103 a proiectelor culturale pe anul 2026.<\/p>\n<p> <a href=\"https:\/\/www.infomusic.ro\/stiri\/muzica\/concerte-turnee\/\">Concerte &#038; turnee<\/a>Subcarpa\u021bi \u0219i om la lun\u0103 concerteaz\u0103 la Bucharest Street Food Festival 2026, edi\u021bia de toamn\u0103 <\/p>\n<p>Bucharest Street Food Festival revine pe 5 \u0219i 6 septembrie 2026, pe Bulevardul Unirii \u0219i \u00een Pia\u021ba Constitu\u021biei, cu street food, concerte, DJ set-uri \u0219i activit\u0103\u021bi pentru toate v\u00e2rstele. Subcarpa\u021bi \u0219i om la lun\u0103 vor sus\u021bine show-uri live. Mai multe detalii \u00een articol.<\/p>\n<p><img loading=\"lazy\" alt src=\"https:\/\/secure.gravatar.com\/avatar\/a088e08883d33ed9770d266ee8cf1b04789e2ef9e93eeeb1a3535dce2090b113?s=46&#038;d=blank&#038;r=g\"  height=\"46\" width=\"46\" loading=\"lazy\" decoding=\"async\"\/><\/p>\n<p>Publicat<\/p>\n<p>acum o s\u0103pt\u0103m\u00e2n\u0103<\/p>\n<p>pe<\/p>\n<p>25\/08\/2026<\/p>\n<p><img loading=\"lazy\" width=\"1000\" height=\"667\" src=\"https:\/\/static.infomusic.ro\/media\/2023\/08\/subcarpati-electric-castle-2023-9-1000x667.jpg\" alt decoding=\"async\" loading=\"lazy\"\/><\/p>\n<p> Subcarpa\u021bi in concert la Electric Castle 2023 \u2502 FOTO: Alex Vlad Covaci \/ InfoMusic.ro <\/p>\n<p>Timp de dou\u0103 zile, centrul Bucure\u0219tiului se transform\u0103 \u00eentr-un punct de \u00eent\u00e2lnire pentru iubitorii de m\u00e2ncare, muzic\u0103 \u0219i experien\u021be urbane. Zeci de food truck-uri vor propune preparate din diferite buc\u0103t\u0103rii ale lumii,<\/p>\n<p> <a class=\"echo_read_more\" href=\"https:\/\/www.infomusic.ro\/2026\/09\/program-street-food-festival-timisoara-2026-intre-10-si-13-septembrie\/\" target=\"_blank\">\u00a0\u00bb\u00a0Cite\u0219te continuarea pe pagina autorului<\/a><\/p>\n","protected":false},"excerpt":{"rendered":"<p>Concerte &#038; turneeProgramul festivalului Zacusca de Art\u0103 2026 de la T\u00e2rgu Mure\u0219 \u00centre 4 \u0219i 6 septembrie, Zacusca de Art\u0103 se \u00eentoarce \u00een Cetatea Medieval\u0103 din T\u00e2rgu Mure\u0219 cu muzic\u0103 live \u0219i spectacole de teatru. Ilinca B\u0103cil\u0103, Jurjak \u0219i Dimitri&#8217;s Bats sunt confirma\u021bi la eveniment. Intrarea este liber\u0103, programul pe zile \u0219i ore este disponibil [&hellip;]<\/p>\n","protected":false},"author":1,"featured_media":17513,"comment_status":"open","ping_status":"open","sticky":false,"template":"","format":"standard","meta":{"footnotes":""},"categories":[4],"tags":[],"class_list":["post-17512","post","type-post","status-publish","format-standard","has-post-thumbnail","hentry","category-noutati"],"_links":{"self":[{"href":"https:\/\/news-fm.ro\/index.php\/wp-json\/wp\/v2\/posts\/17512","targetHints":{"allow":["GET"]}}],"collection":[{"href":"https:\/\/news-fm.ro\/index.php\/wp-json\/wp\/v2\/posts"}],"about":[{"href":"https:\/\/news-fm.ro\/index.php\/wp-json\/wp\/v2\/types\/post"}],"author":[{"embeddable":true,"href":"https:\/\/news-fm.ro\/index.php\/wp-json\/wp\/v2\/users\/1"}],"replies":[{"embeddable":true,"href":"https:\/\/news-fm.ro\/index.php\/wp-json\/wp\/v2\/comments?post=17512"}],"version-history":[{"count":0,"href":"https:\/\/news-fm.ro\/index.php\/wp-json\/wp\/v2\/posts\/17512\/revisions"}],"wp:featuredmedia":[{"embeddable":true,"href":"https:\/\/news-fm.ro\/index.php\/wp-json\/wp\/v2\/media\/17513"}],"wp:attachment":[{"href":"https:\/\/news-fm.ro\/index.php\/wp-json\/wp\/v2\/media?parent=17512"}],"wp:term":[{"taxonomy":"category","embeddable":true,"href":"https:\/\/news-fm.ro\/index.php\/wp-json\/wp\/v2\/categories?post=17512"},{"taxonomy":"post_tag","embeddable":true,"href":"https:\/\/news-fm.ro\/index.php\/wp-json\/wp\/v2\/tags?post=17512"}],"curies":[{"name":"wp","href":"https:\/\/api.w.org\/{rel}","templated":true}]}}