{"id":17508,"date":"2026-09-02T15:08:46","date_gmt":"2026-09-02T15:08:46","guid":{"rendered":"https:\/\/news-fm.ro\/index.php\/2026\/09\/02\/mihai-margineanu-si-parazitii-pregatesc-o-piesa-in-colaborare\/"},"modified":"2026-09-02T15:08:46","modified_gmt":"2026-09-02T15:08:46","slug":"mihai-margineanu-si-parazitii-pregatesc-o-piesa-in-colaborare","status":"publish","type":"post","link":"https:\/\/news-fm.ro\/index.php\/2026\/09\/02\/mihai-margineanu-si-parazitii-pregatesc-o-piesa-in-colaborare\/","title":{"rendered":"Mihai M\u0103rgineanu \u0219i Parazi\u021bii preg\u0103tesc o pies\u0103 \u00een colaborare"},"content":{"rendered":"<p>Pornind de la condi\u021bia b\u0103rbatului rom\u00e2n \u00een 2026, <a href=\"https:\/\/www.infomusic.ro\/interviu\/inainte-de-concert-cu-mihai-margineanu-video-interviu\/\">Mihai M\u0103rgineanu<\/a> \u0219i Gojira au disecat la Aproximativ discu\u021bii \u00eensemn\u0103tatea feminismului \u0219i a activismului. Pentru artistul invitat,<em>&#8220;feminismul este o prostie total\u0103, ca orice form\u0103 de activism, \u00een general&#8221;<\/em>. Surprins de aceast\u0103 afirma\u021bie, Gojira a cerut explica\u021bii. &#8220;Tu nu crezi \u00een activism?&#8221;, a fost \u00eentrebarea sa.<\/p>\n<p>&#8220;Cred \u00een activism, dar mi se pare o prostie&#8221;, a replicat Mihai M\u0103rgineanu, continu\u00e2nd: &#8220;Dac\u0103 e\u0219ti activist pentru orice.. e vorba de modul de abordare al problemei. Activistul, pentru mine, nu e ceva pozitiv. Activismul politic mie nu mi se pare deloc simpatic.&#8221;<\/p>\n<p>Mihai M\u0103rgineanu: &#8220;Am (o colaborare cu Parazi\u021bii). E pe vine&#8221;<\/p>\n<p>\u00cencerc\u00e2nd s\u0103-l duc\u0103 \u00een tab\u0103ra advers\u0103, Gojira i-a amintit c\u0103 a avut colaborare cu Parazi\u021bii, care \u00een trecut a lansat mesaje ce se \u00eenscriu \u00eentr-o form\u0103 de activism. Prins \u00een discu\u021bie, M\u0103rgineanu a dat din cas\u0103, dezv\u0103luind \u00een premier\u0103 c\u0103 urmeaz\u0103 s\u0103 apar\u0103 o pies\u0103 nou\u0103 cu Parazi\u021bii.<\/p>\n<p>&#8220;\u0218i am (o colaborare). E pe vine. Nu pot s\u0103 zic mai mult acum, c\u0103 a\u0219tept s\u0103 zic\u0103 ei (Parazi\u021bii) primii&#8221;, a spus Mihai M\u0103rgineanu.<\/p>\n<p>Gojira a \u00eencercat s\u0103 afle mai multe, dar, \u00een\u021beleg\u00e2nd c\u0103 e piesa celor de Parazi\u021bii, nu a mai insistat.<\/p>\n<p>&#8220;Urmeaz\u0103 o colaborare&#8230;nu pot, m\u0103, s\u0103 zic. Nici m\u0103car n-am vorbit despre asta&#8230;dac\u0103 s\u0103 vorbim. Las\u0103-i pe oameni s\u0103-\u0219i fac\u0103 momentul frumos, al lor. E momentul lor&#8221;, a explicat M\u0103rgineanu.<\/p>\n<p>Discu\u021bia a revenit la activism, Gojira amintind de piesa &#8220;Shoot Yourself&#8221;, \u00een versurile c\u0103reia Parazi\u021bii spuneau c\u0103<em> &#8220;playback poate s\u0103 fac\u0103 \u0219i o surdomut\u0103&#8221;<\/em>. &#8220;A fost aceea o form\u0103 de activism \u00een sus\u021binerea muzicii live?&#8221;, a vrut s\u0103 \u0219tie gazda podcastului.<\/p>\n<p>&#8220;Da, dar Cheloo nu este activist social. A fost o form\u0103 de activism, dar Cheloo \u0219i Parazi\u021bii nu se pot numi activi\u0219ti sociali. Pe mine activistul social asumat mi se pare c\u0103 are&#8230;&#8221;, a spus M\u0103rgineanu f\u0103r\u0103 a \u00eencheia fraza, dar l\u0103s\u00e2nd s\u0103 se \u00een\u021beleag\u0103 c\u0103 activismul e o form\u0103 nepl\u0103cut\u0103 de \u00eencr\u00e2ncenare.<\/p>\n<\/p>\n<p>\u00cen cadrul podcastului, M\u0103rgineanu \u0219i Gojira au discutat \u0219i despre serialul &#8220;Las Fierbin\u021bi&#8221;. Cel mai bun actor din produc\u021bie este, \u00een opinia lui M\u0103rgineanu, Bobonete, iar succesul \u0219i longevitatea serialului se datoreaz\u0103 faptului c\u0103 este <em>&#8220;o realitate pur\u0103&#8221;<\/em> \u0219i <em>&#8220;c\u00e2teodat\u0103 trist\u0103, transformat\u0103 \u00een vesel\u0103&#8221;<\/em>.<\/p>\n<p>&#8220;\u0218i foarte rom\u00e2nesc (serialul). Este extrem de rom\u00e2nesc. &#8220;Las Fierbin\u021bi&#8221; nu poate s\u0103 prind\u0103 \u00een Bulgaria. \u0218i nu poate s\u0103 prind\u0103 \u00een Grecia. Cum nu poate s\u0103 prind\u0103 \u00een nicio alt\u0103 \u021bar\u0103. Pentru c\u0103 nu \u00een\u021belege nimeni despre ce e vorba.&#8221;<\/p>\n<p>Mai jos reg\u0103se\u0219ti podcastul integral.<\/p>\n<p>VIDEO: Mihai M\u0103rgineanu la Aproximativ Discu\u021bii <\/p>\n<p>&#8230; <a class=\"echo_read_more\" href=\"https:\/\/www.infomusic.ro\/2026\/09\/mihai-margineanu-parazitii-piesa-colaborare\/\" target=\"_blank\">\u00a0\u00bb\u00a0Cite\u0219te continuarea pe pagina autorului<\/a><\/p>\n","protected":false},"excerpt":{"rendered":"<p>Pornind de la condi\u021bia b\u0103rbatului rom\u00e2n \u00een 2026, Mihai M\u0103rgineanu \u0219i Gojira au disecat la Aproximativ discu\u021bii \u00eensemn\u0103tatea feminismului \u0219i a activismului. Pentru artistul invitat,&#8220;feminismul este o prostie total\u0103, ca orice form\u0103 de activism, \u00een general&#8221;. Surprins de aceast\u0103 afirma\u021bie, Gojira a cerut explica\u021bii. &#8220;Tu nu crezi \u00een activism?&#8221;, a fost \u00eentrebarea sa. &#8220;Cred \u00een [&hellip;]<\/p>\n","protected":false},"author":1,"featured_media":17509,"comment_status":"open","ping_status":"open","sticky":false,"template":"","format":"standard","meta":{"footnotes":""},"categories":[4],"tags":[],"class_list":["post-17508","post","type-post","status-publish","format-standard","has-post-thumbnail","hentry","category-noutati"],"_links":{"self":[{"href":"https:\/\/news-fm.ro\/index.php\/wp-json\/wp\/v2\/posts\/17508","targetHints":{"allow":["GET"]}}],"collection":[{"href":"https:\/\/news-fm.ro\/index.php\/wp-json\/wp\/v2\/posts"}],"about":[{"href":"https:\/\/news-fm.ro\/index.php\/wp-json\/wp\/v2\/types\/post"}],"author":[{"embeddable":true,"href":"https:\/\/news-fm.ro\/index.php\/wp-json\/wp\/v2\/users\/1"}],"replies":[{"embeddable":true,"href":"https:\/\/news-fm.ro\/index.php\/wp-json\/wp\/v2\/comments?post=17508"}],"version-history":[{"count":0,"href":"https:\/\/news-fm.ro\/index.php\/wp-json\/wp\/v2\/posts\/17508\/revisions"}],"wp:featuredmedia":[{"embeddable":true,"href":"https:\/\/news-fm.ro\/index.php\/wp-json\/wp\/v2\/media\/17509"}],"wp:attachment":[{"href":"https:\/\/news-fm.ro\/index.php\/wp-json\/wp\/v2\/media?parent=17508"}],"wp:term":[{"taxonomy":"category","embeddable":true,"href":"https:\/\/news-fm.ro\/index.php\/wp-json\/wp\/v2\/categories?post=17508"},{"taxonomy":"post_tag","embeddable":true,"href":"https:\/\/news-fm.ro\/index.php\/wp-json\/wp\/v2\/tags?post=17508"}],"curies":[{"name":"wp","href":"https:\/\/api.w.org\/{rel}","templated":true}]}}