{"id":17504,"date":"2026-09-02T07:09:03","date_gmt":"2026-09-02T07:09:03","guid":{"rendered":"https:\/\/news-fm.ro\/index.php\/2026\/09\/02\/loredana-la-40-de-ani-de-la-castigarea-trofeului-mamaia-voi-ati-crezut-in-mine-de-la-bun-inceput\/"},"modified":"2026-09-02T07:09:03","modified_gmt":"2026-09-02T07:09:03","slug":"loredana-la-40-de-ani-de-la-castigarea-trofeului-mamaia-voi-ati-crezut-in-mine-de-la-bun-inceput","status":"publish","type":"post","link":"https:\/\/news-fm.ro\/index.php\/2026\/09\/02\/loredana-la-40-de-ani-de-la-castigarea-trofeului-mamaia-voi-ati-crezut-in-mine-de-la-bun-inceput\/","title":{"rendered":"Loredana, la 40 de ani de la c\u00e2\u0219tigarea trofeului Mamaia: &#8220;Voi a\u021bi crezut \u00een mine de la bun \u00eenceput&#8221;"},"content":{"rendered":"<p> Loredana Groza c\u00e2nt\u00e2nd &#8220;M\u0103 \u00eentreb ce s\u0103 fac&#8221; (Trofeul Mamaia &#8217;86) \u2502 FOTO: Captur\u0103 YouTube\t<\/p>\n<p>Loredana Groza le mul\u021bume\u0219te celor care au purtat-o \u00een inim\u0103 \u00eenc\u0103 de la debut. Pe 31 august s-au \u00eemplinit 40 de ani de c\u00e2nd artista c\u00e2\u0219tiga Trofeul Mamaia 1986, iar acel premiu avea s\u0103-i traseze un parcurs pe care nimeni nu l-ar fi putut anticipa atunci. Oportunit\u0103\u021bile erau limitate \u00een Rom\u00e2nia, dar pasiunea ei pentru muzic\u0103 a fost \u00eendeajuns de puternic\u0103 pentru a rezista. Ast\u0103zi, Loredana este recunosc\u0103toare pentru fanii ei, pe care \u00eei invit\u0103 la <a href=\"https:\/\/www.infomusic.ro\/2026\/02\/loredana-libertate-spectacol-sala-palatului\/\">viitorul ei concert de la Sala Palatului, un spectacol intitulat &#8220;Libertate&#8221;<\/a>.<\/p>\n<p>Loredana: &#8220;Am \u0219tiut de atunci c\u0103 asta voi face de atunci \u00eenainte! Voi c\u00e2nta!&#8221;<\/p>\n<p>&#8220;Ast\u0103zi, acum 40 de ani, c\u00e2\u0219tigam cel mai important premiu din muzica rom\u00e2neasc\u0103, Trofeul Mamaia 1986! \u00centr-o Rom\u00e2nie comunist\u0103 \u00een care acest festival era singura ramp\u0103 de lansare a unui c\u00e2nt\u0103re\u021b \u0219i cea mai important\u0103.<\/p>\n<p>Eram elev\u0103 la liceul energetic din One\u0219ti, treceam \u00een clasa a-X-a. Deveneam cea mai t\u00e2n\u0103r\u0103 c\u00e2\u0219tig\u0103toare din istoria festivalului Mamaia, cu dou\u0103 c\u00e2ntece \u00een prim\u0103 audi\u021bie. &#8220;M\u0103 \u00eentreb ce s\u0103 fac&#8221;, scris\u0103 pentru mine de Marius \u021aeicu pe versurile lui Eugen Rotaru \u0219i &#8220;Despre dragoste&#8221; de Dan Beizadea pe versurile lui Angel Grigoriu \u0219i Romeo Iorgulescu.<\/p>\n<p>Am \u0219tiut de atunci c\u0103 asta voi face de atunci \u00eenainte! Voi c\u00e2nta! N-am avut \u0219i n-am dorit s\u0103 am alt\u0103 op\u021biune. Mi-am d\u0103ruit fiecare clip\u0103 muzicii \u0219i fanilor mei!<\/p>\n<p>Voi a\u021bi crezut \u00een mine de la bun \u00eenceput \u0219i m-a\u021bi purtat \u00een inimile voastre \u00eempreun\u0103 cu c\u00e2ntecele mele.V\u0103 mul\u021bumesc pentru c\u0103 a\u021bi crezut \u00een mine \u0219i mi-a\u021bi fost al\u0103turi genera\u021bii dup\u0103 genera\u021bii \u0219i la bine \u0219i la greu!<\/p>\n<p>\u00cen aceast\u0103 toamn\u0103, la concertul &#8220;Libertate&#8221;, pe 7 Noiembrie la Sala Palatului, voi celebra cum se cuvine acest moment important din via\u021ba mea.<\/p>\n<p>Pentru voi \u00eentotdeauna!<br \/> Cu dragoste \u0219i recuno\u0219tin\u021b\u0103,<br \/> A voastr\u0103, Loredana&#8221;, <a href=\"https:\/\/www.instagram.com\/p\/Dcs4U7Rjetr\/?img_index=1\" target=\"_blank\" rel=\"noopener\">s-a confesat Loredana Groza<\/a>.<\/p>\n<p>VIDEO: Loredana Groza &#8211; &#8220;Despre Dragoste&#8221; \u0219i &#8220;M\u0103 \u00eentreb ce s\u0103 fac&#8221; (Trofeul Mamaia &#8217;86) <\/p>\n<p>R\u0103m\u00e2i al\u0103turi de noi, <a href=\"https:\/\/www.infomusic.ro\/newsletter\/\" rel=\"bookmark\" title=\"Aboneaz\u0103-te la newsletter\">aboneaz\u0103-te la newsletterul cu \u0219tiri \u0219i evenimente!<\/a><\/p>\n<p> \u00ce\u021bi recomand\u0103m aceste videoclipuri <\/p>\n<p><img decoding=\"async\" src=\"https:\/\/static.infomusic.ro\/logo-slogan.svg\" alt=\"INFOMUSIC\" width=\"150\" height=\"150\"\/><\/p>\n<p> <a href=\"https:\/\/www.infomusic.ro\/stiri\/muzica\/concerte-turnee\/\">Concerte &#038; turnee<\/a>Concerte pe scene \u0219i ore la SAGA by Kaufland <\/p>\n<p>Ast\u0103zi \u00eencepe SAGA by Kaufland, iar organizatorii au f\u0103cut public programul pe scene \u0219i ore. Afl\u0103 de la c\u00e2t vor c\u00e2nta arti\u0219tii t\u0103i prefera\u021bi, dar \u0219i mai multe detalii despre edi\u021bia din acest an.<\/p>\n<p><img loading=\"lazy\" alt src=\"https:\/\/secure.gravatar.com\/avatar\/a088e08883d33ed9770d266ee8cf1b04789e2ef9e93eeeb1a3535dce2090b113?s=46&#038;d=blank&#038;r=g\"  height=\"46\" width=\"46\" loading=\"lazy\" decoding=\"async\"\/><\/p>\n<p>Publicat<\/p>\n<p>acum 2 s\u0103pt\u0103m\u00e2ni<\/p>\n<p>pe<\/p>\n<p>21\/08\/2026<\/p>\n<p><img loading=\"lazy\" width=\"1000\" height=\"667\" src=\"https:\/\/static.infomusic.ro\/media\/2026\/08\/poster-saga-by-kaufland-1000x667.jpg\" alt=\"Poster SAGA by Kaufland\" decoding=\"async\" loading=\"lazy\"\/><\/p>\n<p> Poster SAGA by Kaufland <\/p>\n<p>\u00cen weekend-ul 21-23 august, Arena Na\u021bional\u0103 din Bucure\u0219ti \u00ee\u0219i deschide por\u021bile pentru SAGA by Kaufland, prima edi\u021bie organizat\u0103 de Masiro \u00een colaborare cu Kaufland Rom\u00e2nia. Printre cele mai sonore nume care vor urca pe scen\u0103 se num\u0103r\u0103 Tyga, John Newman, Dimitri Vegas sau Sickick. Lineup-ul este completat de mai mul\u021bi arti\u0219ti \u0219i DJ-i interna\u021bionali, precum \u0219i de muzicieni autohtoni, precum Loredana, MIRA, Puya, Subcarpa\u021bi sau Carla&#8217;s Dreams.<\/p>\n<p>Program concerte SAGA by KauflandVineri, 21 august<\/p>\n<p>Main Stage<\/p>\n<ul>\n<li>18:00 &#8211; IDK<\/li>\n<li>18:30 &#8211; Petre \u0218tefan<\/li>\n<li>19:20 &#8211; Carla&#8217;s Dreams<\/li>\n<li>20:20 &#8211; Tyga<\/li>\n<li>21:40 &#8211; Sickick<\/li>\n<li>23:30 &#8211; Cuebrick x Madism<\/li>\n<li>00:45 &#8211; Christian Thomson<\/li>\n<\/ul>\n<p>Second Stage<\/p>\n<ul>\n<li>18:00 &#8211; DJ Oldskull &#038; Junky Zice<\/li>\n<li>19:00 &#8211; Andrew Dum<\/li>\n<li>20:30 &#8211; Eran<\/li>\n<li>22:00 &#8211; Italo Brothers<\/li>\n<li>23:00 &#8211; Honey Gee<\/li>\n<\/ul>\n<p>S\u00e2mb\u0103t\u0103, <a class=\"echo_read_more\" href=\"https:\/\/www.infomusic.ro\/2026\/09\/loredana-trofeul-mamaia-ati-crezut-in-mine-de-la-bun-inceput\/\" target=\"_blank\">\u00a0\u00bb\u00a0Cite\u0219te continuarea pe pagina autorului<\/a><\/p>\n","protected":false},"excerpt":{"rendered":"<p>Loredana Groza c\u00e2nt\u00e2nd &#8220;M\u0103 \u00eentreb ce s\u0103 fac&#8221; (Trofeul Mamaia &#8217;86) \u2502 FOTO: Captur\u0103 YouTube Loredana Groza le mul\u021bume\u0219te celor care au purtat-o \u00een inim\u0103 \u00eenc\u0103 de la debut. Pe 31 august s-au \u00eemplinit 40 de ani de c\u00e2nd artista c\u00e2\u0219tiga Trofeul Mamaia 1986, iar acel premiu avea s\u0103-i traseze un parcurs pe care nimeni [&hellip;]<\/p>\n","protected":false},"author":1,"featured_media":17505,"comment_status":"open","ping_status":"open","sticky":false,"template":"","format":"standard","meta":{"footnotes":""},"categories":[4],"tags":[],"class_list":["post-17504","post","type-post","status-publish","format-standard","has-post-thumbnail","hentry","category-noutati"],"_links":{"self":[{"href":"https:\/\/news-fm.ro\/index.php\/wp-json\/wp\/v2\/posts\/17504","targetHints":{"allow":["GET"]}}],"collection":[{"href":"https:\/\/news-fm.ro\/index.php\/wp-json\/wp\/v2\/posts"}],"about":[{"href":"https:\/\/news-fm.ro\/index.php\/wp-json\/wp\/v2\/types\/post"}],"author":[{"embeddable":true,"href":"https:\/\/news-fm.ro\/index.php\/wp-json\/wp\/v2\/users\/1"}],"replies":[{"embeddable":true,"href":"https:\/\/news-fm.ro\/index.php\/wp-json\/wp\/v2\/comments?post=17504"}],"version-history":[{"count":0,"href":"https:\/\/news-fm.ro\/index.php\/wp-json\/wp\/v2\/posts\/17504\/revisions"}],"wp:featuredmedia":[{"embeddable":true,"href":"https:\/\/news-fm.ro\/index.php\/wp-json\/wp\/v2\/media\/17505"}],"wp:attachment":[{"href":"https:\/\/news-fm.ro\/index.php\/wp-json\/wp\/v2\/media?parent=17504"}],"wp:term":[{"taxonomy":"category","embeddable":true,"href":"https:\/\/news-fm.ro\/index.php\/wp-json\/wp\/v2\/categories?post=17504"},{"taxonomy":"post_tag","embeddable":true,"href":"https:\/\/news-fm.ro\/index.php\/wp-json\/wp\/v2\/tags?post=17504"}],"curies":[{"name":"wp","href":"https:\/\/api.w.org\/{rel}","templated":true}]}}